{"id":26866,"date":"2021-04-20T18:16:11","date_gmt":"2021-04-20T16:16:11","guid":{"rendered":"https:\/\/www.mobilimariani.com\/?p=26866"},"modified":"2024-06-13T12:22:19","modified_gmt":"2024-06-13T10:22:19","slug":"alf-da-fre-bibliotheque-press","status":"publish","type":"post","link":"https:\/\/www.mobilimariani.com\/fr\/alf-da-fre-bibliotheque-press\/","title":{"rendered":"ALF DA FRE&#8217; BIBLIOTHEQUE PRESS"},"content":{"rendered":"\r\n<p>ALF DA FRE&#8217; BIBLIOTHEQUE PRESS<\/p>\r\n<p>ARTICLE\u00a0 SUPPRIM\u00c9<\/p>\r\n\r\n\r\n\r\n<p>Press est une biblioth\u00e8que murale en m\u00e9tal peint avec des \u00e9tag\u00e8res repositionnables, disponible en deux couleurs.<\/p>\r\n\r\n\r\n\r\n<p>Mesure cm. 25 x 15,7 x 96 h<\/p>\r\n\r\n\r\n\r\n<p>Pour d\u00e9couvrir la marque\u00a0ALF DAFR\u00c9\u00a0<a href=\"https:\/\/www.mobilimariani.com\/fr\/23666-2\/\">cliquez ici<\/a><\/p>\r\n\r\n\r\n\r\n<p>Vous voulez conna\u00eetre notre meilleur prix pour cet article?\u00a0<a href=\"https:\/\/www.mobilimariani.com\/fr\/contacts\/\">Cliquez ici<\/a>\u00a0et envoyez-nous la demande<\/p>\r\n\r\n\r\n\r\n<p>Signale le lieu de livraison, nous livrons dans toute l\u2019Europe et o\u00f9 que tu sois.<\/p>\r\n\r\n\r\n\r\n<p><strong>Pour nos clients suisses, il sera d\u00e9duit l\u2019I.V.A. italienne de la valeur\u00a0de 22%.<\/strong><\/p>\r\n","protected":false},"excerpt":{"rendered":"ALF DA FRE&#8217; BIBLIOTHEQUE PRESS ARTICLE\u00a0 SUPPRIM\u00c9 Press est une biblioth\u00e8que murale en m\u00e9tal peint avec des \u00e9tag\u00e8res repositionnables, disponible en deux couleurs. Mesure cm. 25 x 15,7 x 96 h Pour d\u00e9couvrir la marque\u00a0ALF DAFR\u00c9\u00a0cliquez ici Vous voulez conna\u00eetre notre meilleur prix pour cet article?\u00a0Cliquez ici\u00a0et envoyez-nous la demande Signale le lieu de livraison,&#8230; <a class=\"view-article\" href=\"https:\/\/www.mobilimariani.com\/fr\/alf-da-fre-bibliotheque-press\/\">Voir l&#8217;article<\/a>","protected":false},"author":1,"featured_media":26861,"comment_status":"closed","ping_status":"closed","sticky":false,"template":"","format":"standard","meta":[],"categories":[36,1,16,6,2],"tags":[],"yoast_head":"<!-- This site is optimized with the Yoast SEO plugin v16.2 - https:\/\/yoast.com\/wordpress\/plugins\/seo\/ -->\n<meta name=\"description\" content=\"ALF DA FRE&#039; BIBLIOTHEQUE PRESS ARTICLE\u00a0 SUPPRIM\u00c9 Press est une biblioth\u00e8que murale en m\u00e9tal peint avec des \u00e9tag\u00e8res repositionnables, disponible en deux\" \/>\n<meta name=\"robots\" content=\"index, follow, max-snippet:-1, max-image-preview:large, max-video-preview:-1\" \/>\n<link rel=\"canonical\" href=\"https:\/\/www.mobilimariani.com\/fr\/alf-da-fre-bibliotheque-press\/\" \/>\n<meta property=\"og:locale\" content=\"fr_FR\" \/>\n<meta property=\"og:type\" content=\"article\" \/>\n<meta property=\"og:title\" content=\"ALF DA FRE&#039; BIBLIOTHEQUE PRESS | Mobili Mariani\" \/>\n<meta property=\"og:description\" content=\"ALF DA FRE&#039; BIBLIOTHEQUE PRESS ARTICLE\u00a0 SUPPRIM\u00c9 Press est une biblioth\u00e8que murale en m\u00e9tal peint avec des \u00e9tag\u00e8res repositionnables, disponible en deux\" \/>\n<meta property=\"og:url\" content=\"https:\/\/www.mobilimariani.com\/fr\/alf-da-fre-bibliotheque-press\/\" \/>\n<meta property=\"og:site_name\" content=\"Mobili Mariani\" \/>\n<meta property=\"article:published_time\" content=\"2021-04-20T16:16:11+00:00\" \/>\n<meta property=\"article:modified_time\" content=\"2024-06-13T10:22:19+00:00\" \/>\n<meta property=\"og:image\" content=\"https:\/\/www.mobilimariani.com\/wp-content\/uploads\/2021\/04\/Complementi-2015-pag-248G.jpg\" \/>\n\t<meta property=\"og:image:width\" content=\"940\" \/>\n\t<meta property=\"og:image:height\" content=\"1140\" \/>\n<meta name=\"twitter:label1\" content=\"Est. reading time\">\n\t<meta name=\"twitter:data1\" content=\"1 minute\">\n<script type=\"application\/ld+json\" class=\"yoast-schema-graph\">{\"@context\":\"https:\/\/schema.org\",\"@graph\":[{\"@type\":\"Organization\",\"@id\":\"https:\/\/www.mobilimariani.com\/#organization\",\"name\":\"Mobili Mariani\",\"url\":\"https:\/\/www.mobilimariani.com\/\",\"sameAs\":[],\"logo\":{\"@type\":\"ImageObject\",\"@id\":\"https:\/\/www.mobilimariani.com\/#logo\",\"inLanguage\":\"fr-CH\",\"url\":\"https:\/\/www.mobilimariani.com\/wp-content\/uploads\/2015\/12\/logo.png\",\"contentUrl\":\"https:\/\/www.mobilimariani.com\/wp-content\/uploads\/2015\/12\/logo.png\",\"width\":160,\"height\":110,\"caption\":\"Mobili Mariani\"},\"image\":{\"@id\":\"https:\/\/www.mobilimariani.com\/#logo\"}},{\"@type\":\"WebSite\",\"@id\":\"https:\/\/www.mobilimariani.com\/#website\",\"url\":\"https:\/\/www.mobilimariani.com\/\",\"name\":\"Mobili Mariani\",\"description\":\"Mobili Italia Svizzera\",\"publisher\":{\"@id\":\"https:\/\/www.mobilimariani.com\/#organization\"},\"potentialAction\":[{\"@type\":\"SearchAction\",\"target\":\"https:\/\/www.mobilimariani.com\/?s={search_term_string}\",\"query-input\":\"required name=search_term_string\"}],\"inLanguage\":\"fr-CH\"},{\"@type\":\"ImageObject\",\"@id\":\"https:\/\/www.mobilimariani.com\/fr\/alf-da-fre-bibliotheque-press\/#primaryimage\",\"inLanguage\":\"fr-CH\",\"url\":\"https:\/\/www.mobilimariani.com\/wp-content\/uploads\/2021\/04\/Complementi-2015-pag-248G.jpg\",\"contentUrl\":\"https:\/\/www.mobilimariani.com\/wp-content\/uploads\/2021\/04\/Complementi-2015-pag-248G.jpg\",\"width\":940,\"height\":1140,\"caption\":\"ALF DA FRE' LIBRERIA PRESS\"},{\"@type\":\"WebPage\",\"@id\":\"https:\/\/www.mobilimariani.com\/fr\/alf-da-fre-bibliotheque-press\/#webpage\",\"url\":\"https:\/\/www.mobilimariani.com\/fr\/alf-da-fre-bibliotheque-press\/\",\"name\":\"ALF DA FRE' BIBLIOTHEQUE PRESS | Mobili Mariani\",\"isPartOf\":{\"@id\":\"https:\/\/www.mobilimariani.com\/#website\"},\"primaryImageOfPage\":{\"@id\":\"https:\/\/www.mobilimariani.com\/fr\/alf-da-fre-bibliotheque-press\/#primaryimage\"},\"datePublished\":\"2021-04-20T16:16:11+00:00\",\"dateModified\":\"2024-06-13T10:22:19+00:00\",\"description\":\"ALF DA FRE' BIBLIOTHEQUE PRESS ARTICLE\\u00a0 SUPPRIM\\u00c9 Press est une biblioth\\u00e8que murale en m\\u00e9tal peint avec des \\u00e9tag\\u00e8res repositionnables, disponible en deux\",\"breadcrumb\":{\"@id\":\"https:\/\/www.mobilimariani.com\/fr\/alf-da-fre-bibliotheque-press\/#breadcrumb\"},\"inLanguage\":\"fr-CH\",\"potentialAction\":[{\"@type\":\"ReadAction\",\"target\":[\"https:\/\/www.mobilimariani.com\/fr\/alf-da-fre-bibliotheque-press\/\"]}]},{\"@type\":\"BreadcrumbList\",\"@id\":\"https:\/\/www.mobilimariani.com\/fr\/alf-da-fre-bibliotheque-press\/#breadcrumb\",\"itemListElement\":[{\"@type\":\"ListItem\",\"position\":1,\"item\":{\"@type\":\"WebPage\",\"@id\":\"https:\/\/www.mobilimariani.com\/\",\"url\":\"https:\/\/www.mobilimariani.com\/\",\"name\":\"Home\"}},{\"@type\":\"ListItem\",\"position\":2,\"item\":{\"@id\":\"https:\/\/www.mobilimariani.com\/fr\/alf-da-fre-bibliotheque-press\/#webpage\"}}]},{\"@type\":\"Article\",\"@id\":\"https:\/\/www.mobilimariani.com\/fr\/alf-da-fre-bibliotheque-press\/#article\",\"isPartOf\":{\"@id\":\"https:\/\/www.mobilimariani.com\/fr\/alf-da-fre-bibliotheque-press\/#webpage\"},\"author\":{\"@id\":\"https:\/\/www.mobilimariani.com\/#\/schema\/person\/4685d9f51269134e53f988c9122315f4\"},\"headline\":\"ALF DA FRE&#8217; BIBLIOTHEQUE PRESS\",\"datePublished\":\"2021-04-20T16:16:11+00:00\",\"dateModified\":\"2024-06-13T10:22:19+00:00\",\"mainEntityOfPage\":{\"@id\":\"https:\/\/www.mobilimariani.com\/fr\/alf-da-fre-bibliotheque-press\/#webpage\"},\"publisher\":{\"@id\":\"https:\/\/www.mobilimariani.com\/#organization\"},\"image\":{\"@id\":\"https:\/\/www.mobilimariani.com\/fr\/alf-da-fre-bibliotheque-press\/#primaryimage\"},\"articleSection\":[\"Chambres d&rsquo;enfants\",\"Catalogue\",\"Cuisines\",\"Salle jour\",\"Zone nuit\"],\"inLanguage\":\"fr-CH\"},{\"@type\":\"Person\",\"@id\":\"https:\/\/www.mobilimariani.com\/#\/schema\/person\/4685d9f51269134e53f988c9122315f4\",\"name\":\"14m4rC008\",\"image\":{\"@type\":\"ImageObject\",\"@id\":\"https:\/\/www.mobilimariani.com\/#personlogo\",\"inLanguage\":\"fr-CH\",\"url\":\"https:\/\/secure.gravatar.com\/avatar\/dfaa6e536fec7030712cf850e9ddef45?s=96&d=mm&r=g\",\"contentUrl\":\"https:\/\/secure.gravatar.com\/avatar\/dfaa6e536fec7030712cf850e9ddef45?s=96&d=mm&r=g\",\"caption\":\"14m4rC008\"}}]}<\/script>\n<!-- \/ Yoast SEO plugin. -->","_links":{"self":[{"href":"https:\/\/www.mobilimariani.com\/fr\/wp-json\/wp\/v2\/posts\/26866"}],"collection":[{"href":"https:\/\/www.mobilimariani.com\/fr\/wp-json\/wp\/v2\/posts"}],"about":[{"href":"https:\/\/www.mobilimariani.com\/fr\/wp-json\/wp\/v2\/types\/post"}],"author":[{"embeddable":true,"href":"https:\/\/www.mobilimariani.com\/fr\/wp-json\/wp\/v2\/users\/1"}],"replies":[{"embeddable":true,"href":"https:\/\/www.mobilimariani.com\/fr\/wp-json\/wp\/v2\/comments?post=26866"}],"version-history":[{"count":4,"href":"https:\/\/www.mobilimariani.com\/fr\/wp-json\/wp\/v2\/posts\/26866\/revisions"}],"predecessor-version":[{"id":30697,"href":"https:\/\/www.mobilimariani.com\/fr\/wp-json\/wp\/v2\/posts\/26866\/revisions\/30697"}],"wp:featuredmedia":[{"embeddable":true,"href":"https:\/\/www.mobilimariani.com\/fr\/wp-json\/wp\/v2\/media\/26861"}],"wp:attachment":[{"href":"https:\/\/www.mobilimariani.com\/fr\/wp-json\/wp\/v2\/media?parent=26866"}],"wp:term":[{"taxonomy":"category","embeddable":true,"href":"https:\/\/www.mobilimariani.com\/fr\/wp-json\/wp\/v2\/categories?post=26866"},{"taxonomy":"post_tag","embeddable":true,"href":"https:\/\/www.mobilimariani.com\/fr\/wp-json\/wp\/v2\/tags?post=26866"}],"curies":[{"name":"wp","href":"https:\/\/api.w.org\/{rel}","templated":true}]}}