{"id":26759,"date":"2021-03-25T19:00:58","date_gmt":"2021-03-25T18:00:58","guid":{"rendered":"https:\/\/www.mobilimariani.com\/?p=26759"},"modified":"2021-03-25T19:03:29","modified_gmt":"2021-03-25T18:03:29","slug":"tonelli-bureau-penrose-desk","status":"publish","type":"post","link":"https:\/\/www.mobilimariani.com\/fr\/tonelli-bureau-penrose-desk\/","title":{"rendered":"TONELLI BUREAU PENROSE DESK"},"content":{"rendered":"\n<p>TONELLI BUREAU PENROSE DESK<\/p>\n\n\n\n<p>Penrose, cr\u00e9\u00e9 par Isao Hosoe avec Lucia Fontana et Masaya Hashimoto, semble \u00eatre soutenu sur un seul point. A travers le collage de feuilles de verre finement finies dans la coupe oblique de chaque bord, une magie se cr\u00e9e: le verre devient l\u00e9ger et se replie sur lui-m\u00eame tout en restant en parfait \u00e9quilibre. Penrose est la m\u00e9taphore esth\u00e9tique et fonctionnelle du d\u00e9fi de l&#8217;homme \u00e0 vouloir d\u00e9passer la nature et son \u00e9quilibre par l&#8217;utilisation du verre. Structure en verre transparent ou extra-clair de forme asym\u00e9trique avec soudure oblique sur le c\u00f4t\u00e9.<\/p>\n\n\n\n<p>Mesures<br>185 x 78 x h 75 cm<\/p>\n\n\n\n<p>\u00c9paisseur<br>15 mm<\/p>\n\n\n\n<p>Capacit\u00e9 de charge<br>80 Kg<\/p>\n\n\n\n<p>Pour d\u00e9couvrir la marque Tonelli\u00a0<a href=\"https:\/\/www.mobilimariani.com\/fr\/concessionnaire-tonelli\/\">cliquer ici<\/a><\/p>\n\n\n\n<p>Pour d\u00e9couvrir le catalogue de tous nos bureaux&nbsp;<a href=\"https:\/\/www.mobilimariani.com\/fr\/search\/bureau\/page\/1\/\">cliquez ici<\/a><\/p>\n\n\n\n<p>Vous voulez conna\u00eetre notre meilleur prix pour cet article?&nbsp;<a href=\"https:\/\/www.mobilimariani.com\/fr\/contacts\/\">Cliquez ici<\/a>&nbsp;et envoyez-nous la demande<\/p>\n\n\n\n<p>Signale le lieu de livraison, nous livrons dans toute l\u2019Europe et o\u00f9 que tu sois.<\/p>\n\n\n\n<p><strong>Pour nos clients suisses, il sera d\u00e9duit l\u2019I.V.A. italienne \u00e0 hauteur de 22%.<\/strong><\/p>\n","protected":false},"excerpt":{"rendered":"TONELLI BUREAU PENROSE DESK Penrose, cr\u00e9\u00e9 par Isao Hosoe avec Lucia Fontana et Masaya Hashimoto, semble \u00eatre soutenu sur un seul point. A travers le collage de feuilles de verre finement finies dans la coupe oblique de chaque bord, une magie se cr\u00e9e: le verre devient l\u00e9ger et se replie sur lui-m\u00eame tout en restant&#8230; <a class=\"view-article\" href=\"https:\/\/www.mobilimariani.com\/fr\/tonelli-bureau-penrose-desk\/\">Voir l&#8217;article<\/a>","protected":false},"author":1,"featured_media":26752,"comment_status":"closed","ping_status":"closed","sticky":false,"template":"","format":"standard","meta":[],"categories":[1,37,6,2],"tags":[],"yoast_head":"<!-- This site is optimized with the Yoast SEO plugin v16.2 - https:\/\/yoast.com\/wordpress\/plugins\/seo\/ -->\n<meta name=\"description\" content=\"TONELLI BUREAU PENROSE DESK Penrose, cr\u00e9\u00e9 par Isao Hosoe avec Lucia Fontana et Masaya Hashimoto, semble \u00eatre soutenu sur un seul point. A travers le\" \/>\n<meta name=\"robots\" content=\"index, follow, max-snippet:-1, max-image-preview:large, max-video-preview:-1\" \/>\n<link rel=\"canonical\" href=\"https:\/\/www.mobilimariani.com\/fr\/tonelli-bureau-penrose-desk\/\" \/>\n<meta property=\"og:locale\" content=\"fr_FR\" \/>\n<meta property=\"og:type\" content=\"article\" \/>\n<meta property=\"og:title\" content=\"TONELLI BUREAU PENROSE DESK | Mobili Mariani\" \/>\n<meta property=\"og:description\" content=\"TONELLI BUREAU PENROSE DESK Penrose, cr\u00e9\u00e9 par Isao Hosoe avec Lucia Fontana et Masaya Hashimoto, semble \u00eatre soutenu sur un seul point. A travers le\" \/>\n<meta property=\"og:url\" content=\"https:\/\/www.mobilimariani.com\/fr\/tonelli-bureau-penrose-desk\/\" \/>\n<meta property=\"og:site_name\" content=\"Mobili Mariani\" \/>\n<meta property=\"article:published_time\" content=\"2021-03-25T18:00:58+00:00\" \/>\n<meta property=\"article:modified_time\" content=\"2021-03-25T18:03:29+00:00\" \/>\n<meta property=\"og:image\" content=\"https:\/\/www.mobilimariani.com\/wp-content\/uploads\/2021\/03\/penrose_02.jpg\" \/>\n\t<meta property=\"og:image:width\" content=\"850\" \/>\n\t<meta property=\"og:image:height\" content=\"600\" \/>\n<meta name=\"twitter:label1\" content=\"Est. reading time\">\n\t<meta name=\"twitter:data1\" content=\"1 minute\">\n<script type=\"application\/ld+json\" class=\"yoast-schema-graph\">{\"@context\":\"https:\/\/schema.org\",\"@graph\":[{\"@type\":\"Organization\",\"@id\":\"https:\/\/www.mobilimariani.com\/#organization\",\"name\":\"Mobili Mariani\",\"url\":\"https:\/\/www.mobilimariani.com\/\",\"sameAs\":[],\"logo\":{\"@type\":\"ImageObject\",\"@id\":\"https:\/\/www.mobilimariani.com\/#logo\",\"inLanguage\":\"fr-CH\",\"url\":\"https:\/\/www.mobilimariani.com\/wp-content\/uploads\/2015\/12\/logo.png\",\"contentUrl\":\"https:\/\/www.mobilimariani.com\/wp-content\/uploads\/2015\/12\/logo.png\",\"width\":160,\"height\":110,\"caption\":\"Mobili Mariani\"},\"image\":{\"@id\":\"https:\/\/www.mobilimariani.com\/#logo\"}},{\"@type\":\"WebSite\",\"@id\":\"https:\/\/www.mobilimariani.com\/#website\",\"url\":\"https:\/\/www.mobilimariani.com\/\",\"name\":\"Mobili Mariani\",\"description\":\"Mobili Italia Svizzera\",\"publisher\":{\"@id\":\"https:\/\/www.mobilimariani.com\/#organization\"},\"potentialAction\":[{\"@type\":\"SearchAction\",\"target\":\"https:\/\/www.mobilimariani.com\/?s={search_term_string}\",\"query-input\":\"required name=search_term_string\"}],\"inLanguage\":\"fr-CH\"},{\"@type\":\"ImageObject\",\"@id\":\"https:\/\/www.mobilimariani.com\/fr\/tonelli-bureau-penrose-desk\/#primaryimage\",\"inLanguage\":\"fr-CH\",\"url\":\"https:\/\/www.mobilimariani.com\/wp-content\/uploads\/2021\/03\/penrose_02.jpg\",\"contentUrl\":\"https:\/\/www.mobilimariani.com\/wp-content\/uploads\/2021\/03\/penrose_02.jpg\",\"width\":850,\"height\":600,\"caption\":\"TONELLI SCRIVANIA PENROSE DESK\"},{\"@type\":\"WebPage\",\"@id\":\"https:\/\/www.mobilimariani.com\/fr\/tonelli-bureau-penrose-desk\/#webpage\",\"url\":\"https:\/\/www.mobilimariani.com\/fr\/tonelli-bureau-penrose-desk\/\",\"name\":\"TONELLI BUREAU PENROSE DESK | Mobili Mariani\",\"isPartOf\":{\"@id\":\"https:\/\/www.mobilimariani.com\/#website\"},\"primaryImageOfPage\":{\"@id\":\"https:\/\/www.mobilimariani.com\/fr\/tonelli-bureau-penrose-desk\/#primaryimage\"},\"datePublished\":\"2021-03-25T18:00:58+00:00\",\"dateModified\":\"2021-03-25T18:03:29+00:00\",\"description\":\"TONELLI BUREAU PENROSE DESK Penrose, cr\\u00e9\\u00e9 par Isao Hosoe avec Lucia Fontana et Masaya Hashimoto, semble \\u00eatre soutenu sur un seul point. A travers le\",\"breadcrumb\":{\"@id\":\"https:\/\/www.mobilimariani.com\/fr\/tonelli-bureau-penrose-desk\/#breadcrumb\"},\"inLanguage\":\"fr-CH\",\"potentialAction\":[{\"@type\":\"ReadAction\",\"target\":[\"https:\/\/www.mobilimariani.com\/fr\/tonelli-bureau-penrose-desk\/\"]}]},{\"@type\":\"BreadcrumbList\",\"@id\":\"https:\/\/www.mobilimariani.com\/fr\/tonelli-bureau-penrose-desk\/#breadcrumb\",\"itemListElement\":[{\"@type\":\"ListItem\",\"position\":1,\"item\":{\"@type\":\"WebPage\",\"@id\":\"https:\/\/www.mobilimariani.com\/\",\"url\":\"https:\/\/www.mobilimariani.com\/\",\"name\":\"Home\"}},{\"@type\":\"ListItem\",\"position\":2,\"item\":{\"@id\":\"https:\/\/www.mobilimariani.com\/fr\/tonelli-bureau-penrose-desk\/#webpage\"}}]},{\"@type\":\"Article\",\"@id\":\"https:\/\/www.mobilimariani.com\/fr\/tonelli-bureau-penrose-desk\/#article\",\"isPartOf\":{\"@id\":\"https:\/\/www.mobilimariani.com\/fr\/tonelli-bureau-penrose-desk\/#webpage\"},\"author\":{\"@id\":\"https:\/\/www.mobilimariani.com\/#\/schema\/person\/4685d9f51269134e53f988c9122315f4\"},\"headline\":\"TONELLI BUREAU PENROSE DESK\",\"datePublished\":\"2021-03-25T18:00:58+00:00\",\"dateModified\":\"2021-03-25T18:03:29+00:00\",\"mainEntityOfPage\":{\"@id\":\"https:\/\/www.mobilimariani.com\/fr\/tonelli-bureau-penrose-desk\/#webpage\"},\"publisher\":{\"@id\":\"https:\/\/www.mobilimariani.com\/#organization\"},\"image\":{\"@id\":\"https:\/\/www.mobilimariani.com\/fr\/tonelli-bureau-penrose-desk\/#primaryimage\"},\"articleSection\":[\"Catalogue\",\"Contract\",\"Salle jour\",\"Zone nuit\"],\"inLanguage\":\"fr-CH\"},{\"@type\":\"Person\",\"@id\":\"https:\/\/www.mobilimariani.com\/#\/schema\/person\/4685d9f51269134e53f988c9122315f4\",\"name\":\"14m4rC008\",\"image\":{\"@type\":\"ImageObject\",\"@id\":\"https:\/\/www.mobilimariani.com\/#personlogo\",\"inLanguage\":\"fr-CH\",\"url\":\"https:\/\/secure.gravatar.com\/avatar\/dfaa6e536fec7030712cf850e9ddef45?s=96&d=mm&r=g\",\"contentUrl\":\"https:\/\/secure.gravatar.com\/avatar\/dfaa6e536fec7030712cf850e9ddef45?s=96&d=mm&r=g\",\"caption\":\"14m4rC008\"}}]}<\/script>\n<!-- \/ Yoast SEO plugin. -->","_links":{"self":[{"href":"https:\/\/www.mobilimariani.com\/fr\/wp-json\/wp\/v2\/posts\/26759"}],"collection":[{"href":"https:\/\/www.mobilimariani.com\/fr\/wp-json\/wp\/v2\/posts"}],"about":[{"href":"https:\/\/www.mobilimariani.com\/fr\/wp-json\/wp\/v2\/types\/post"}],"author":[{"embeddable":true,"href":"https:\/\/www.mobilimariani.com\/fr\/wp-json\/wp\/v2\/users\/1"}],"replies":[{"embeddable":true,"href":"https:\/\/www.mobilimariani.com\/fr\/wp-json\/wp\/v2\/comments?post=26759"}],"version-history":[{"count":2,"href":"https:\/\/www.mobilimariani.com\/fr\/wp-json\/wp\/v2\/posts\/26759\/revisions"}],"predecessor-version":[{"id":26761,"href":"https:\/\/www.mobilimariani.com\/fr\/wp-json\/wp\/v2\/posts\/26759\/revisions\/26761"}],"wp:featuredmedia":[{"embeddable":true,"href":"https:\/\/www.mobilimariani.com\/fr\/wp-json\/wp\/v2\/media\/26752"}],"wp:attachment":[{"href":"https:\/\/www.mobilimariani.com\/fr\/wp-json\/wp\/v2\/media?parent=26759"}],"wp:term":[{"taxonomy":"category","embeddable":true,"href":"https:\/\/www.mobilimariani.com\/fr\/wp-json\/wp\/v2\/categories?post=26759"},{"taxonomy":"post_tag","embeddable":true,"href":"https:\/\/www.mobilimariani.com\/fr\/wp-json\/wp\/v2\/tags?post=26759"}],"curies":[{"name":"wp","href":"https:\/\/api.w.org\/{rel}","templated":true}]}}