{"id":26726,"date":"2021-03-25T17:52:20","date_gmt":"2021-03-25T16:52:20","guid":{"rendered":"https:\/\/www.mobilimariani.com\/?p=26726"},"modified":"2021-03-25T17:52:22","modified_gmt":"2021-03-25T16:52:22","slug":"tonelli-bureau-work-box","status":"publish","type":"post","link":"https:\/\/www.mobilimariani.com\/fr\/tonelli-bureau-work-box\/","title":{"rendered":"TONELLI BUREAU WORK-BOX"},"content":{"rendered":"\n<p>TONELLI BUREAU WORK-BOX design Marco Gaudenzi<\/p>\n\n\n\n<p>Id\u00e9ale pour l&#8217;ordinateur, en verre transparent, elle poss\u00e8de un plateau coulissant pour le clavier, en bois laqu\u00e9 blanc mat.<\/p>\n\n\n\n<p>Mesures<br>85 x 50 x h 85 cm<\/p>\n\n\n\n<p>\u00c9paisseur<br>15 mm<\/p>\n\n\n\n<p>Capacit\u00e9<br>70 kg<\/p>\n\n\n\n<p>Pour d\u00e9couvrir la marque Tonelli\u00a0<a href=\"https:\/\/www.mobilimariani.com\/fr\/concessionnaire-tonelli\/\">cliquer ici<\/a><\/p>\n\n\n\n<p>Pour d\u00e9couvrir le catalogue de tous nos bureaux <a href=\"https:\/\/www.mobilimariani.com\/fr\/search\/bureau\/page\/1\/\">cliquez ici<\/a><\/p>\n\n\n\n<p>Vous voulez conna\u00eetre notre meilleur prix pour cet article?&nbsp;<a href=\"https:\/\/www.mobilimariani.com\/fr\/contacts\/\">Cliquez ici<\/a>&nbsp;et envoyez-nous la demande<\/p>\n\n\n\n<p>Signale le lieu de livraison, nous livrons dans toute l\u2019Europe et o\u00f9 que tu sois.<\/p>\n\n\n\n<p><strong>Pour nos clients suisses, il sera d\u00e9duit l\u2019I.V.A. italienne \u00e0 hauteur de 22%.<\/strong><\/p>\n\n\n\n<p><\/p>\n","protected":false},"excerpt":{"rendered":"TONELLI BUREAU WORK-BOX design Marco Gaudenzi Id\u00e9ale pour l&#8217;ordinateur, en verre transparent, elle poss\u00e8de un plateau coulissant pour le clavier, en bois laqu\u00e9 blanc mat. Mesures85 x 50 x h 85 cm \u00c9paisseur15 mm Capacit\u00e970 kg Pour d\u00e9couvrir la marque Tonelli\u00a0cliquer ici Pour d\u00e9couvrir le catalogue de tous nos bureaux cliquez ici Vous voulez conna\u00eetre&#8230; <a class=\"view-article\" href=\"https:\/\/www.mobilimariani.com\/fr\/tonelli-bureau-work-box\/\">Voir l&#8217;article<\/a>","protected":false},"author":1,"featured_media":26721,"comment_status":"closed","ping_status":"closed","sticky":false,"template":"","format":"standard","meta":[],"categories":[1,6,2],"tags":[],"yoast_head":"<!-- This site is optimized with the Yoast SEO plugin v16.2 - https:\/\/yoast.com\/wordpress\/plugins\/seo\/ -->\n<meta name=\"description\" content=\"TONELLI BUREAU WORK-BOX design Marco Gaudenzi Id\u00e9ale pour l&#039;ordinateur, en verre transparent, elle poss\u00e8de un plateau coulissant pour le clavier, en bois\" \/>\n<meta name=\"robots\" content=\"index, follow, max-snippet:-1, max-image-preview:large, max-video-preview:-1\" \/>\n<link rel=\"canonical\" href=\"https:\/\/www.mobilimariani.com\/fr\/tonelli-bureau-work-box\/\" \/>\n<meta property=\"og:locale\" content=\"fr_FR\" \/>\n<meta property=\"og:type\" content=\"article\" \/>\n<meta property=\"og:title\" content=\"TONELLI BUREAU WORK-BOX | Mobili Mariani\" \/>\n<meta property=\"og:description\" content=\"TONELLI BUREAU WORK-BOX design Marco Gaudenzi Id\u00e9ale pour l&#039;ordinateur, en verre transparent, elle poss\u00e8de un plateau coulissant pour le clavier, en bois\" \/>\n<meta property=\"og:url\" content=\"https:\/\/www.mobilimariani.com\/fr\/tonelli-bureau-work-box\/\" \/>\n<meta property=\"og:site_name\" content=\"Mobili Mariani\" \/>\n<meta property=\"article:published_time\" content=\"2021-03-25T16:52:20+00:00\" \/>\n<meta property=\"article:modified_time\" content=\"2021-03-25T16:52:22+00:00\" \/>\n<meta property=\"og:image\" content=\"https:\/\/www.mobilimariani.com\/wp-content\/uploads\/2021\/03\/work_box_.jpg\" \/>\n\t<meta property=\"og:image:width\" content=\"850\" \/>\n\t<meta property=\"og:image:height\" content=\"600\" \/>\n<meta name=\"twitter:label1\" content=\"Est. reading time\">\n\t<meta name=\"twitter:data1\" content=\"1 minute\">\n<script type=\"application\/ld+json\" class=\"yoast-schema-graph\">{\"@context\":\"https:\/\/schema.org\",\"@graph\":[{\"@type\":\"Organization\",\"@id\":\"https:\/\/www.mobilimariani.com\/#organization\",\"name\":\"Mobili Mariani\",\"url\":\"https:\/\/www.mobilimariani.com\/\",\"sameAs\":[],\"logo\":{\"@type\":\"ImageObject\",\"@id\":\"https:\/\/www.mobilimariani.com\/#logo\",\"inLanguage\":\"fr-CH\",\"url\":\"https:\/\/www.mobilimariani.com\/wp-content\/uploads\/2015\/12\/logo.png\",\"contentUrl\":\"https:\/\/www.mobilimariani.com\/wp-content\/uploads\/2015\/12\/logo.png\",\"width\":160,\"height\":110,\"caption\":\"Mobili Mariani\"},\"image\":{\"@id\":\"https:\/\/www.mobilimariani.com\/#logo\"}},{\"@type\":\"WebSite\",\"@id\":\"https:\/\/www.mobilimariani.com\/#website\",\"url\":\"https:\/\/www.mobilimariani.com\/\",\"name\":\"Mobili Mariani\",\"description\":\"Mobili Italia Svizzera\",\"publisher\":{\"@id\":\"https:\/\/www.mobilimariani.com\/#organization\"},\"potentialAction\":[{\"@type\":\"SearchAction\",\"target\":\"https:\/\/www.mobilimariani.com\/?s={search_term_string}\",\"query-input\":\"required name=search_term_string\"}],\"inLanguage\":\"fr-CH\"},{\"@type\":\"ImageObject\",\"@id\":\"https:\/\/www.mobilimariani.com\/fr\/tonelli-bureau-work-box\/#primaryimage\",\"inLanguage\":\"fr-CH\",\"url\":\"https:\/\/www.mobilimariani.com\/wp-content\/uploads\/2021\/03\/work_box_.jpg\",\"contentUrl\":\"https:\/\/www.mobilimariani.com\/wp-content\/uploads\/2021\/03\/work_box_.jpg\",\"width\":850,\"height\":600,\"caption\":\"TONELLI SCRIVANIA WORK-BOX\"},{\"@type\":\"WebPage\",\"@id\":\"https:\/\/www.mobilimariani.com\/fr\/tonelli-bureau-work-box\/#webpage\",\"url\":\"https:\/\/www.mobilimariani.com\/fr\/tonelli-bureau-work-box\/\",\"name\":\"TONELLI BUREAU WORK-BOX | Mobili Mariani\",\"isPartOf\":{\"@id\":\"https:\/\/www.mobilimariani.com\/#website\"},\"primaryImageOfPage\":{\"@id\":\"https:\/\/www.mobilimariani.com\/fr\/tonelli-bureau-work-box\/#primaryimage\"},\"datePublished\":\"2021-03-25T16:52:20+00:00\",\"dateModified\":\"2021-03-25T16:52:22+00:00\",\"description\":\"TONELLI BUREAU WORK-BOX design Marco Gaudenzi Id\\u00e9ale pour l'ordinateur, en verre transparent, elle poss\\u00e8de un plateau coulissant pour le clavier, en bois\",\"breadcrumb\":{\"@id\":\"https:\/\/www.mobilimariani.com\/fr\/tonelli-bureau-work-box\/#breadcrumb\"},\"inLanguage\":\"fr-CH\",\"potentialAction\":[{\"@type\":\"ReadAction\",\"target\":[\"https:\/\/www.mobilimariani.com\/fr\/tonelli-bureau-work-box\/\"]}]},{\"@type\":\"BreadcrumbList\",\"@id\":\"https:\/\/www.mobilimariani.com\/fr\/tonelli-bureau-work-box\/#breadcrumb\",\"itemListElement\":[{\"@type\":\"ListItem\",\"position\":1,\"item\":{\"@type\":\"WebPage\",\"@id\":\"https:\/\/www.mobilimariani.com\/\",\"url\":\"https:\/\/www.mobilimariani.com\/\",\"name\":\"Home\"}},{\"@type\":\"ListItem\",\"position\":2,\"item\":{\"@id\":\"https:\/\/www.mobilimariani.com\/fr\/tonelli-bureau-work-box\/#webpage\"}}]},{\"@type\":\"Article\",\"@id\":\"https:\/\/www.mobilimariani.com\/fr\/tonelli-bureau-work-box\/#article\",\"isPartOf\":{\"@id\":\"https:\/\/www.mobilimariani.com\/fr\/tonelli-bureau-work-box\/#webpage\"},\"author\":{\"@id\":\"https:\/\/www.mobilimariani.com\/#\/schema\/person\/4685d9f51269134e53f988c9122315f4\"},\"headline\":\"TONELLI BUREAU WORK-BOX\",\"datePublished\":\"2021-03-25T16:52:20+00:00\",\"dateModified\":\"2021-03-25T16:52:22+00:00\",\"mainEntityOfPage\":{\"@id\":\"https:\/\/www.mobilimariani.com\/fr\/tonelli-bureau-work-box\/#webpage\"},\"publisher\":{\"@id\":\"https:\/\/www.mobilimariani.com\/#organization\"},\"image\":{\"@id\":\"https:\/\/www.mobilimariani.com\/fr\/tonelli-bureau-work-box\/#primaryimage\"},\"articleSection\":[\"Catalogue\",\"Salle jour\",\"Zone nuit\"],\"inLanguage\":\"fr-CH\"},{\"@type\":\"Person\",\"@id\":\"https:\/\/www.mobilimariani.com\/#\/schema\/person\/4685d9f51269134e53f988c9122315f4\",\"name\":\"14m4rC008\",\"image\":{\"@type\":\"ImageObject\",\"@id\":\"https:\/\/www.mobilimariani.com\/#personlogo\",\"inLanguage\":\"fr-CH\",\"url\":\"https:\/\/secure.gravatar.com\/avatar\/dfaa6e536fec7030712cf850e9ddef45?s=96&d=mm&r=g\",\"contentUrl\":\"https:\/\/secure.gravatar.com\/avatar\/dfaa6e536fec7030712cf850e9ddef45?s=96&d=mm&r=g\",\"caption\":\"14m4rC008\"}}]}<\/script>\n<!-- \/ Yoast SEO plugin. -->","_links":{"self":[{"href":"https:\/\/www.mobilimariani.com\/fr\/wp-json\/wp\/v2\/posts\/26726"}],"collection":[{"href":"https:\/\/www.mobilimariani.com\/fr\/wp-json\/wp\/v2\/posts"}],"about":[{"href":"https:\/\/www.mobilimariani.com\/fr\/wp-json\/wp\/v2\/types\/post"}],"author":[{"embeddable":true,"href":"https:\/\/www.mobilimariani.com\/fr\/wp-json\/wp\/v2\/users\/1"}],"replies":[{"embeddable":true,"href":"https:\/\/www.mobilimariani.com\/fr\/wp-json\/wp\/v2\/comments?post=26726"}],"version-history":[{"count":1,"href":"https:\/\/www.mobilimariani.com\/fr\/wp-json\/wp\/v2\/posts\/26726\/revisions"}],"predecessor-version":[{"id":26727,"href":"https:\/\/www.mobilimariani.com\/fr\/wp-json\/wp\/v2\/posts\/26726\/revisions\/26727"}],"wp:featuredmedia":[{"embeddable":true,"href":"https:\/\/www.mobilimariani.com\/fr\/wp-json\/wp\/v2\/media\/26721"}],"wp:attachment":[{"href":"https:\/\/www.mobilimariani.com\/fr\/wp-json\/wp\/v2\/media?parent=26726"}],"wp:term":[{"taxonomy":"category","embeddable":true,"href":"https:\/\/www.mobilimariani.com\/fr\/wp-json\/wp\/v2\/categories?post=26726"},{"taxonomy":"post_tag","embeddable":true,"href":"https:\/\/www.mobilimariani.com\/fr\/wp-json\/wp\/v2\/tags?post=26726"}],"curies":[{"name":"wp","href":"https:\/\/api.w.org\/{rel}","templated":true}]}}