{"id":26692,"date":"2021-02-20T18:50:16","date_gmt":"2021-02-20T17:50:16","guid":{"rendered":"https:\/\/www.mobilimariani.com\/?p=26692"},"modified":"2021-02-20T18:50:18","modified_gmt":"2021-02-20T17:50:18","slug":"lema-mirror-mir","status":"publish","type":"post","link":"https:\/\/www.mobilimariani.com\/fr\/lema-mirror-mir\/","title":{"rendered":"LEMA MIRROR MIR"},"content":{"rendered":"\n<p>LEMA MIRROR MIR design <a href=\"https:\/\/www.lemamobili.com\/fr\/mir-miroir-autoportant-structure-pivotante#lema-designer\">Ludovica &amp; Roberto Palomba<\/a><\/p>\n\n\n\n<p>Le miroir au sol, Mir repr\u00e9sente l&#8217;arch\u00e9type du miroir, actualis\u00e9 par la signature de Ludovica et Roberto Palomba. Une structure en m\u00e9tal peint, rigoureuse et essentielle, sert de support \u00e0 un long miroir inclinable.<\/p>\n\n\n\n<p>Gr\u00e2ce \u00e0 sa forme de colonne caract\u00e9ristique, Mir s&#8217;int\u00e8gre \u00e0 tous les d\u00e9cors avec sa pr\u00e9sence discr\u00e8te et \u00e9l\u00e9gante. Id\u00e9al pour \u00eatre plac\u00e9 dans des espaces et des coins \u00e9troits.<\/p>\n\n\n\n<p>Pour d\u00e9couvrir la marque\u00a0Lema\u00a0<a href=\"https:\/\/www.mobilimariani.com\/fr\/concessionaire-lema\/\">cliquez ici<\/a><\/p>\n\n\n\n<p>Pour d\u00e9couvrir le catalogue de tous nos miroirs&nbsp;<a href=\"https:\/\/www.mobilimariani.com\/fr\/search\/miroir\">cliquez ici<\/a><\/p>\n\n\n\n<p>Vous voulez conna\u00eetre notre meilleur prix pour cet article?<a href=\"https:\/\/www.mobilimariani.com\/fr\/contacts\/\" target=\"_blank\" rel=\"noreferrer noopener\">&nbsp;Cliquez ici&nbsp;<\/a>et envoyez-nous la demande<\/p>\n\n\n\n<p>Signale le lieu de livraison.<\/p>\n\n\n\n<p>Nous livrons partout en Europe et o\u00f9 que vous soyez<\/p>\n","protected":false},"excerpt":{"rendered":"LEMA MIRROR MIR design Ludovica &amp; Roberto Palomba Le miroir au sol, Mir repr\u00e9sente l&#8217;arch\u00e9type du miroir, actualis\u00e9 par la signature de Ludovica et Roberto Palomba. Une structure en m\u00e9tal peint, rigoureuse et essentielle, sert de support \u00e0 un long miroir inclinable. Gr\u00e2ce \u00e0 sa forme de colonne caract\u00e9ristique, Mir s&#8217;int\u00e8gre \u00e0 tous les d\u00e9cors&#8230; <a class=\"view-article\" href=\"https:\/\/www.mobilimariani.com\/fr\/lema-mirror-mir\/\">Voir l&#8217;article<\/a>","protected":false},"author":1,"featured_media":26685,"comment_status":"closed","ping_status":"closed","sticky":false,"template":"","format":"standard","meta":[],"categories":[18,1,2],"tags":[],"yoast_head":"<!-- This site is optimized with the Yoast SEO plugin v16.2 - https:\/\/yoast.com\/wordpress\/plugins\/seo\/ -->\n<meta name=\"description\" content=\"LEMA MIRROR MIR design Ludovica &amp; Roberto Palomba Le miroir au sol, Mir repr\u00e9sente l&#039;arch\u00e9type du miroir, actualis\u00e9 par la signature de Ludovica et\" \/>\n<meta name=\"robots\" content=\"index, follow, max-snippet:-1, max-image-preview:large, max-video-preview:-1\" \/>\n<link rel=\"canonical\" href=\"https:\/\/www.mobilimariani.com\/fr\/lema-mirror-mir\/\" \/>\n<meta property=\"og:locale\" content=\"fr_FR\" \/>\n<meta property=\"og:type\" content=\"article\" \/>\n<meta property=\"og:title\" content=\"LEMA MIRROR MIR | Mobili Mariani\" \/>\n<meta property=\"og:description\" content=\"LEMA MIRROR MIR design Ludovica &amp; Roberto Palomba Le miroir au sol, Mir repr\u00e9sente l&#039;arch\u00e9type du miroir, actualis\u00e9 par la signature de Ludovica et\" \/>\n<meta property=\"og:url\" content=\"https:\/\/www.mobilimariani.com\/fr\/lema-mirror-mir\/\" \/>\n<meta property=\"og:site_name\" content=\"Mobili Mariani\" \/>\n<meta property=\"article:published_time\" content=\"2021-02-20T17:50:16+00:00\" \/>\n<meta property=\"article:modified_time\" content=\"2021-02-20T17:50:18+00:00\" \/>\n<meta property=\"og:image\" content=\"https:\/\/www.mobilimariani.com\/wp-content\/uploads\/2021\/02\/1-10.jpg\" \/>\n\t<meta property=\"og:image:width\" content=\"1920\" \/>\n\t<meta property=\"og:image:height\" content=\"1038\" \/>\n<meta name=\"twitter:label1\" content=\"Est. reading time\">\n\t<meta name=\"twitter:data1\" content=\"1 minute\">\n<script type=\"application\/ld+json\" class=\"yoast-schema-graph\">{\"@context\":\"https:\/\/schema.org\",\"@graph\":[{\"@type\":\"Organization\",\"@id\":\"https:\/\/www.mobilimariani.com\/#organization\",\"name\":\"Mobili Mariani\",\"url\":\"https:\/\/www.mobilimariani.com\/\",\"sameAs\":[],\"logo\":{\"@type\":\"ImageObject\",\"@id\":\"https:\/\/www.mobilimariani.com\/#logo\",\"inLanguage\":\"fr-CH\",\"url\":\"https:\/\/www.mobilimariani.com\/wp-content\/uploads\/2015\/12\/logo.png\",\"contentUrl\":\"https:\/\/www.mobilimariani.com\/wp-content\/uploads\/2015\/12\/logo.png\",\"width\":160,\"height\":110,\"caption\":\"Mobili Mariani\"},\"image\":{\"@id\":\"https:\/\/www.mobilimariani.com\/#logo\"}},{\"@type\":\"WebSite\",\"@id\":\"https:\/\/www.mobilimariani.com\/#website\",\"url\":\"https:\/\/www.mobilimariani.com\/\",\"name\":\"Mobili Mariani\",\"description\":\"Mobili Italia Svizzera\",\"publisher\":{\"@id\":\"https:\/\/www.mobilimariani.com\/#organization\"},\"potentialAction\":[{\"@type\":\"SearchAction\",\"target\":\"https:\/\/www.mobilimariani.com\/?s={search_term_string}\",\"query-input\":\"required name=search_term_string\"}],\"inLanguage\":\"fr-CH\"},{\"@type\":\"ImageObject\",\"@id\":\"https:\/\/www.mobilimariani.com\/fr\/lema-mirror-mir\/#primaryimage\",\"inLanguage\":\"fr-CH\",\"url\":\"https:\/\/www.mobilimariani.com\/wp-content\/uploads\/2021\/02\/1-10.jpg\",\"contentUrl\":\"https:\/\/www.mobilimariani.com\/wp-content\/uploads\/2021\/02\/1-10.jpg\",\"width\":1920,\"height\":1038,\"caption\":\"LEMA SPECCHIO MIR\"},{\"@type\":\"WebPage\",\"@id\":\"https:\/\/www.mobilimariani.com\/fr\/lema-mirror-mir\/#webpage\",\"url\":\"https:\/\/www.mobilimariani.com\/fr\/lema-mirror-mir\/\",\"name\":\"LEMA MIRROR MIR | Mobili Mariani\",\"isPartOf\":{\"@id\":\"https:\/\/www.mobilimariani.com\/#website\"},\"primaryImageOfPage\":{\"@id\":\"https:\/\/www.mobilimariani.com\/fr\/lema-mirror-mir\/#primaryimage\"},\"datePublished\":\"2021-02-20T17:50:16+00:00\",\"dateModified\":\"2021-02-20T17:50:18+00:00\",\"description\":\"LEMA MIRROR MIR design Ludovica &amp; Roberto Palomba Le miroir au sol, Mir repr\\u00e9sente l'arch\\u00e9type du miroir, actualis\\u00e9 par la signature de Ludovica et\",\"breadcrumb\":{\"@id\":\"https:\/\/www.mobilimariani.com\/fr\/lema-mirror-mir\/#breadcrumb\"},\"inLanguage\":\"fr-CH\",\"potentialAction\":[{\"@type\":\"ReadAction\",\"target\":[\"https:\/\/www.mobilimariani.com\/fr\/lema-mirror-mir\/\"]}]},{\"@type\":\"BreadcrumbList\",\"@id\":\"https:\/\/www.mobilimariani.com\/fr\/lema-mirror-mir\/#breadcrumb\",\"itemListElement\":[{\"@type\":\"ListItem\",\"position\":1,\"item\":{\"@type\":\"WebPage\",\"@id\":\"https:\/\/www.mobilimariani.com\/\",\"url\":\"https:\/\/www.mobilimariani.com\/\",\"name\":\"Home\"}},{\"@type\":\"ListItem\",\"position\":2,\"item\":{\"@id\":\"https:\/\/www.mobilimariani.com\/fr\/lema-mirror-mir\/#webpage\"}}]},{\"@type\":\"Article\",\"@id\":\"https:\/\/www.mobilimariani.com\/fr\/lema-mirror-mir\/#article\",\"isPartOf\":{\"@id\":\"https:\/\/www.mobilimariani.com\/fr\/lema-mirror-mir\/#webpage\"},\"author\":{\"@id\":\"https:\/\/www.mobilimariani.com\/#\/schema\/person\/4685d9f51269134e53f988c9122315f4\"},\"headline\":\"LEMA MIRROR MIR\",\"datePublished\":\"2021-02-20T17:50:16+00:00\",\"dateModified\":\"2021-02-20T17:50:18+00:00\",\"mainEntityOfPage\":{\"@id\":\"https:\/\/www.mobilimariani.com\/fr\/lema-mirror-mir\/#webpage\"},\"publisher\":{\"@id\":\"https:\/\/www.mobilimariani.com\/#organization\"},\"image\":{\"@id\":\"https:\/\/www.mobilimariani.com\/fr\/lema-mirror-mir\/#primaryimage\"},\"articleSection\":[\"Autre\",\"Catalogue\",\"Zone nuit\"],\"inLanguage\":\"fr-CH\"},{\"@type\":\"Person\",\"@id\":\"https:\/\/www.mobilimariani.com\/#\/schema\/person\/4685d9f51269134e53f988c9122315f4\",\"name\":\"14m4rC008\",\"image\":{\"@type\":\"ImageObject\",\"@id\":\"https:\/\/www.mobilimariani.com\/#personlogo\",\"inLanguage\":\"fr-CH\",\"url\":\"https:\/\/secure.gravatar.com\/avatar\/dfaa6e536fec7030712cf850e9ddef45?s=96&d=mm&r=g\",\"contentUrl\":\"https:\/\/secure.gravatar.com\/avatar\/dfaa6e536fec7030712cf850e9ddef45?s=96&d=mm&r=g\",\"caption\":\"14m4rC008\"}}]}<\/script>\n<!-- \/ Yoast SEO plugin. -->","_links":{"self":[{"href":"https:\/\/www.mobilimariani.com\/fr\/wp-json\/wp\/v2\/posts\/26692"}],"collection":[{"href":"https:\/\/www.mobilimariani.com\/fr\/wp-json\/wp\/v2\/posts"}],"about":[{"href":"https:\/\/www.mobilimariani.com\/fr\/wp-json\/wp\/v2\/types\/post"}],"author":[{"embeddable":true,"href":"https:\/\/www.mobilimariani.com\/fr\/wp-json\/wp\/v2\/users\/1"}],"replies":[{"embeddable":true,"href":"https:\/\/www.mobilimariani.com\/fr\/wp-json\/wp\/v2\/comments?post=26692"}],"version-history":[{"count":1,"href":"https:\/\/www.mobilimariani.com\/fr\/wp-json\/wp\/v2\/posts\/26692\/revisions"}],"predecessor-version":[{"id":26693,"href":"https:\/\/www.mobilimariani.com\/fr\/wp-json\/wp\/v2\/posts\/26692\/revisions\/26693"}],"wp:featuredmedia":[{"embeddable":true,"href":"https:\/\/www.mobilimariani.com\/fr\/wp-json\/wp\/v2\/media\/26685"}],"wp:attachment":[{"href":"https:\/\/www.mobilimariani.com\/fr\/wp-json\/wp\/v2\/media?parent=26692"}],"wp:term":[{"taxonomy":"category","embeddable":true,"href":"https:\/\/www.mobilimariani.com\/fr\/wp-json\/wp\/v2\/categories?post=26692"},{"taxonomy":"post_tag","embeddable":true,"href":"https:\/\/www.mobilimariani.com\/fr\/wp-json\/wp\/v2\/tags?post=26692"}],"curies":[{"name":"wp","href":"https:\/\/api.w.org\/{rel}","templated":true}]}}