{"id":26681,"date":"2021-02-20T18:09:22","date_gmt":"2021-02-20T17:09:22","guid":{"rendered":"https:\/\/www.mobilimariani.com\/?p=26681"},"modified":"2021-02-20T18:09:24","modified_gmt":"2021-02-20T17:09:24","slug":"lema-mirror-oculus","status":"publish","type":"post","link":"https:\/\/www.mobilimariani.com\/fr\/lema-mirror-oculus\/","title":{"rendered":"LEMA MIRROR OCULUS"},"content":{"rendered":"\n<p>LEMA MIRROR OCULUS design <a href=\"https:\/\/www.lemamobili.com\/fr\/oculus-specchio-rotondo-cornice-legno#lema-designer\">Andrea Mancuso &#8211; Analogia Project<\/a><\/p>\n\n\n\n<p>Le langage po\u00e9tique fond\u00e9 sur un l\u00e9ger sens de l&#8217;ironie et de la surprise d&#8217;Andrea Mancuso caract\u00e9rise Oculus, le miroir mural qui va au-del\u00e0 de sa fonction. Un objet-sculpture, qui surprend le spectateur qui s&#8217;y refl\u00e8te. Sa forme \u00e9nigmatique est form\u00e9e par une section de sph\u00e8re avec une ouverture circulaire \u00e0 l&#8217;int\u00e9rieur de laquelle se trouve le miroir. La perception de sa forme varie en fonction des points de vue, en cr\u00e9ant un hypnotique jeu de reflets, comme le d\u00e9clare d\u00e9j\u00e0 son nom: Oculus, du substantif latin, qui identifiait une ouverture similaire, en forme d&#8217;\u0153il justement.<\/p>\n\n\n\n<p>Pour d\u00e9couvrir la marque\u00a0Lema\u00a0<a href=\"https:\/\/www.mobilimariani.com\/fr\/concessionaire-lema\/\">cliquez ici<\/a><\/p>\n\n\n\n<p>Pour d\u00e9couvrir le catalogue de tous nos miroirs&nbsp;<a href=\"https:\/\/www.mobilimariani.com\/fr\/search\/miroir\">cliquez ici<\/a><\/p>\n\n\n\n<p>Vous voulez conna\u00eetre notre meilleur prix pour cet article?<a href=\"https:\/\/www.mobilimariani.com\/fr\/contacts\/\" target=\"_blank\" rel=\"noreferrer noopener\">&nbsp;Cliquez ici&nbsp;<\/a>et envoyez-nous la demande<\/p>\n\n\n\n<p>Signale le lieu de livraison.<\/p>\n\n\n\n<p>Nous livrons partout en Europe et o\u00f9 que vous soyez<\/p>\n","protected":false},"excerpt":{"rendered":"LEMA MIRROR OCULUS design Andrea Mancuso &#8211; Analogia Project Le langage po\u00e9tique fond\u00e9 sur un l\u00e9ger sens de l&#8217;ironie et de la surprise d&#8217;Andrea Mancuso caract\u00e9rise Oculus, le miroir mural qui va au-del\u00e0 de sa fonction. Un objet-sculpture, qui surprend le spectateur qui s&#8217;y refl\u00e8te. Sa forme \u00e9nigmatique est form\u00e9e par une section de sph\u00e8re&#8230; <a class=\"view-article\" href=\"https:\/\/www.mobilimariani.com\/fr\/lema-mirror-oculus\/\">Voir l&#8217;article<\/a>","protected":false},"author":1,"featured_media":26670,"comment_status":"closed","ping_status":"closed","sticky":false,"template":"","format":"standard","meta":[],"categories":[18,1,6,2],"tags":[],"yoast_head":"<!-- This site is optimized with the Yoast SEO plugin v16.2 - https:\/\/yoast.com\/wordpress\/plugins\/seo\/ -->\n<meta name=\"description\" content=\"LEMA MIRROR OCULUS design Andrea Mancuso - Analogia Project Le langage po\u00e9tique fond\u00e9 sur un l\u00e9ger sens de l&#039;ironie et de la surprise d&#039;Andrea Mancuso\" \/>\n<meta name=\"robots\" content=\"index, follow, max-snippet:-1, max-image-preview:large, max-video-preview:-1\" \/>\n<link rel=\"canonical\" href=\"https:\/\/www.mobilimariani.com\/fr\/lema-mirror-oculus\/\" \/>\n<meta property=\"og:locale\" content=\"fr_FR\" \/>\n<meta property=\"og:type\" content=\"article\" \/>\n<meta property=\"og:title\" content=\"LEMA MIRROR OCULUS | Mobili Mariani\" \/>\n<meta property=\"og:description\" content=\"LEMA MIRROR OCULUS design Andrea Mancuso - Analogia Project Le langage po\u00e9tique fond\u00e9 sur un l\u00e9ger sens de l&#039;ironie et de la surprise d&#039;Andrea Mancuso\" \/>\n<meta property=\"og:url\" content=\"https:\/\/www.mobilimariani.com\/fr\/lema-mirror-oculus\/\" \/>\n<meta property=\"og:site_name\" content=\"Mobili Mariani\" \/>\n<meta property=\"article:published_time\" content=\"2021-02-20T17:09:22+00:00\" \/>\n<meta property=\"article:modified_time\" content=\"2021-02-20T17:09:24+00:00\" \/>\n<meta property=\"og:image\" content=\"https:\/\/www.mobilimariani.com\/wp-content\/uploads\/2021\/02\/1-9.jpg\" \/>\n\t<meta property=\"og:image:width\" content=\"1920\" \/>\n\t<meta property=\"og:image:height\" content=\"1038\" \/>\n<meta name=\"twitter:label1\" content=\"Est. reading time\">\n\t<meta name=\"twitter:data1\" content=\"1 minute\">\n<script type=\"application\/ld+json\" class=\"yoast-schema-graph\">{\"@context\":\"https:\/\/schema.org\",\"@graph\":[{\"@type\":\"Organization\",\"@id\":\"https:\/\/www.mobilimariani.com\/#organization\",\"name\":\"Mobili Mariani\",\"url\":\"https:\/\/www.mobilimariani.com\/\",\"sameAs\":[],\"logo\":{\"@type\":\"ImageObject\",\"@id\":\"https:\/\/www.mobilimariani.com\/#logo\",\"inLanguage\":\"fr-CH\",\"url\":\"https:\/\/www.mobilimariani.com\/wp-content\/uploads\/2015\/12\/logo.png\",\"contentUrl\":\"https:\/\/www.mobilimariani.com\/wp-content\/uploads\/2015\/12\/logo.png\",\"width\":160,\"height\":110,\"caption\":\"Mobili Mariani\"},\"image\":{\"@id\":\"https:\/\/www.mobilimariani.com\/#logo\"}},{\"@type\":\"WebSite\",\"@id\":\"https:\/\/www.mobilimariani.com\/#website\",\"url\":\"https:\/\/www.mobilimariani.com\/\",\"name\":\"Mobili Mariani\",\"description\":\"Mobili Italia Svizzera\",\"publisher\":{\"@id\":\"https:\/\/www.mobilimariani.com\/#organization\"},\"potentialAction\":[{\"@type\":\"SearchAction\",\"target\":\"https:\/\/www.mobilimariani.com\/?s={search_term_string}\",\"query-input\":\"required name=search_term_string\"}],\"inLanguage\":\"fr-CH\"},{\"@type\":\"ImageObject\",\"@id\":\"https:\/\/www.mobilimariani.com\/fr\/lema-mirror-oculus\/#primaryimage\",\"inLanguage\":\"fr-CH\",\"url\":\"https:\/\/www.mobilimariani.com\/wp-content\/uploads\/2021\/02\/1-9.jpg\",\"contentUrl\":\"https:\/\/www.mobilimariani.com\/wp-content\/uploads\/2021\/02\/1-9.jpg\",\"width\":1920,\"height\":1038,\"caption\":\"LEMA SPECCHIO OCULUS\"},{\"@type\":\"WebPage\",\"@id\":\"https:\/\/www.mobilimariani.com\/fr\/lema-mirror-oculus\/#webpage\",\"url\":\"https:\/\/www.mobilimariani.com\/fr\/lema-mirror-oculus\/\",\"name\":\"LEMA MIRROR OCULUS | Mobili Mariani\",\"isPartOf\":{\"@id\":\"https:\/\/www.mobilimariani.com\/#website\"},\"primaryImageOfPage\":{\"@id\":\"https:\/\/www.mobilimariani.com\/fr\/lema-mirror-oculus\/#primaryimage\"},\"datePublished\":\"2021-02-20T17:09:22+00:00\",\"dateModified\":\"2021-02-20T17:09:24+00:00\",\"description\":\"LEMA MIRROR OCULUS design Andrea Mancuso - Analogia Project Le langage po\\u00e9tique fond\\u00e9 sur un l\\u00e9ger sens de l'ironie et de la surprise d'Andrea Mancuso\",\"breadcrumb\":{\"@id\":\"https:\/\/www.mobilimariani.com\/fr\/lema-mirror-oculus\/#breadcrumb\"},\"inLanguage\":\"fr-CH\",\"potentialAction\":[{\"@type\":\"ReadAction\",\"target\":[\"https:\/\/www.mobilimariani.com\/fr\/lema-mirror-oculus\/\"]}]},{\"@type\":\"BreadcrumbList\",\"@id\":\"https:\/\/www.mobilimariani.com\/fr\/lema-mirror-oculus\/#breadcrumb\",\"itemListElement\":[{\"@type\":\"ListItem\",\"position\":1,\"item\":{\"@type\":\"WebPage\",\"@id\":\"https:\/\/www.mobilimariani.com\/\",\"url\":\"https:\/\/www.mobilimariani.com\/\",\"name\":\"Home\"}},{\"@type\":\"ListItem\",\"position\":2,\"item\":{\"@id\":\"https:\/\/www.mobilimariani.com\/fr\/lema-mirror-oculus\/#webpage\"}}]},{\"@type\":\"Article\",\"@id\":\"https:\/\/www.mobilimariani.com\/fr\/lema-mirror-oculus\/#article\",\"isPartOf\":{\"@id\":\"https:\/\/www.mobilimariani.com\/fr\/lema-mirror-oculus\/#webpage\"},\"author\":{\"@id\":\"https:\/\/www.mobilimariani.com\/#\/schema\/person\/4685d9f51269134e53f988c9122315f4\"},\"headline\":\"LEMA MIRROR OCULUS\",\"datePublished\":\"2021-02-20T17:09:22+00:00\",\"dateModified\":\"2021-02-20T17:09:24+00:00\",\"mainEntityOfPage\":{\"@id\":\"https:\/\/www.mobilimariani.com\/fr\/lema-mirror-oculus\/#webpage\"},\"publisher\":{\"@id\":\"https:\/\/www.mobilimariani.com\/#organization\"},\"image\":{\"@id\":\"https:\/\/www.mobilimariani.com\/fr\/lema-mirror-oculus\/#primaryimage\"},\"articleSection\":[\"Autre\",\"Catalogue\",\"Salle jour\",\"Zone nuit\"],\"inLanguage\":\"fr-CH\"},{\"@type\":\"Person\",\"@id\":\"https:\/\/www.mobilimariani.com\/#\/schema\/person\/4685d9f51269134e53f988c9122315f4\",\"name\":\"14m4rC008\",\"image\":{\"@type\":\"ImageObject\",\"@id\":\"https:\/\/www.mobilimariani.com\/#personlogo\",\"inLanguage\":\"fr-CH\",\"url\":\"https:\/\/secure.gravatar.com\/avatar\/dfaa6e536fec7030712cf850e9ddef45?s=96&d=mm&r=g\",\"contentUrl\":\"https:\/\/secure.gravatar.com\/avatar\/dfaa6e536fec7030712cf850e9ddef45?s=96&d=mm&r=g\",\"caption\":\"14m4rC008\"}}]}<\/script>\n<!-- \/ Yoast SEO plugin. -->","_links":{"self":[{"href":"https:\/\/www.mobilimariani.com\/fr\/wp-json\/wp\/v2\/posts\/26681"}],"collection":[{"href":"https:\/\/www.mobilimariani.com\/fr\/wp-json\/wp\/v2\/posts"}],"about":[{"href":"https:\/\/www.mobilimariani.com\/fr\/wp-json\/wp\/v2\/types\/post"}],"author":[{"embeddable":true,"href":"https:\/\/www.mobilimariani.com\/fr\/wp-json\/wp\/v2\/users\/1"}],"replies":[{"embeddable":true,"href":"https:\/\/www.mobilimariani.com\/fr\/wp-json\/wp\/v2\/comments?post=26681"}],"version-history":[{"count":1,"href":"https:\/\/www.mobilimariani.com\/fr\/wp-json\/wp\/v2\/posts\/26681\/revisions"}],"predecessor-version":[{"id":26682,"href":"https:\/\/www.mobilimariani.com\/fr\/wp-json\/wp\/v2\/posts\/26681\/revisions\/26682"}],"wp:featuredmedia":[{"embeddable":true,"href":"https:\/\/www.mobilimariani.com\/fr\/wp-json\/wp\/v2\/media\/26670"}],"wp:attachment":[{"href":"https:\/\/www.mobilimariani.com\/fr\/wp-json\/wp\/v2\/media?parent=26681"}],"wp:term":[{"taxonomy":"category","embeddable":true,"href":"https:\/\/www.mobilimariani.com\/fr\/wp-json\/wp\/v2\/categories?post=26681"},{"taxonomy":"post_tag","embeddable":true,"href":"https:\/\/www.mobilimariani.com\/fr\/wp-json\/wp\/v2\/tags?post=26681"}],"curies":[{"name":"wp","href":"https:\/\/api.w.org\/{rel}","templated":true}]}}