{"id":26648,"date":"2021-02-20T16:42:47","date_gmt":"2021-02-20T15:42:47","guid":{"rendered":"https:\/\/www.mobilimariani.com\/?p=26648"},"modified":"2021-02-20T16:42:49","modified_gmt":"2021-02-20T15:42:49","slug":"lema-table-basse-ortis","status":"publish","type":"post","link":"https:\/\/www.mobilimariani.com\/fr\/lema-table-basse-ortis\/","title":{"rendered":"LEMA TABLE BASSE ORTIS"},"content":{"rendered":"\n<p>LEMA TABLE BASSE ORTIS<\/p>\n\n\n\n<p>Ortis est une famille de tables basses, qui se distingue par des plateaux ovales ou ronds, pos\u00e9s sur une l\u00e9g\u00e8re structure en tubes de m\u00e9tal, ancr\u00e9s sur des bases semi-circulaires.<\/p>\n\n\n\n<p>D\u00e9clin\u00e9e en diff\u00e9rentes dimensions et hauteurs, cette table basse est con\u00e7ue pour la zone living, pour desservir les canap\u00e9s, devant ou lat\u00e9ralement, m\u00eame dans des compositions multiples, encastr\u00e9e avec d&#8217;autres. Un \u00e9l\u00e9ment passepartout \u00e0 d\u00e9placer dans la pi\u00e8ce, facilement et selon les besoins, qui peut \u00eatre enfil\u00e9 en partie sous la base du canap\u00e9, devenant ainsi un plan d&#8217;appui fonctionnel pour y poser verres, livres ou ordinateur portable. La structure est en m\u00e9tal peint tandis que les plateaux sont propos\u00e9s en version laqu\u00e9e mate ou brillante, en bois, en marbre et en pierre.<\/p>\n\n\n\n<p>Pour d\u00e9couvrir la marque&nbsp;Lema&nbsp;<a href=\"https:\/\/www.mobilimariani.com\/fr\/concessionaire-lema\/\">cliquez ici<\/a><\/p>\n\n\n\n<p>Pour d\u00e9couvrir le catalogue de toutes nos Tables Basse&nbsp;<a href=\"https:\/\/www.mobilimariani.com\/fr\/search\/table+basse\">cliquez ici<\/a><\/p>\n\n\n\n<p>Vous voulez conna\u00eetre notre meilleur prix pour cet article?&nbsp;<a href=\"https:\/\/www.mobilimariani.com\/fr\/contacts\/\">Cliquez ici<\/a>&nbsp;et envoyez-nous la demande<\/p>\n\n\n\n<p>Signale le lieu de livraison, nous livrons dans toute l\u2019Europe et o\u00f9 que tu sois.<\/p>\n\n\n\n<p><strong>Pour nos clients suisses, il sera d\u00e9duit l\u2019I.V.A. italienne de la valeur&nbsp;de 22%.<\/strong><\/p>\n","protected":false},"excerpt":{"rendered":"LEMA TABLE BASSE ORTIS Ortis est une famille de tables basses, qui se distingue par des plateaux ovales ou ronds, pos\u00e9s sur une l\u00e9g\u00e8re structure en tubes de m\u00e9tal, ancr\u00e9s sur des bases semi-circulaires. D\u00e9clin\u00e9e en diff\u00e9rentes dimensions et hauteurs, cette table basse est con\u00e7ue pour la zone living, pour desservir les canap\u00e9s, devant ou&#8230; <a class=\"view-article\" href=\"https:\/\/www.mobilimariani.com\/fr\/lema-table-basse-ortis\/\">Voir l&#8217;article<\/a>","protected":false},"author":1,"featured_media":26628,"comment_status":"closed","ping_status":"closed","sticky":false,"template":"","format":"standard","meta":[],"categories":[18,1,6],"tags":[],"yoast_head":"<!-- This site is optimized with the Yoast SEO plugin v16.2 - https:\/\/yoast.com\/wordpress\/plugins\/seo\/ -->\n<meta name=\"description\" content=\"LEMA TABLE BASSE ORTIS Ortis est une famille de tables basses, qui se distingue par des plateaux ovales ou ronds, pos\u00e9s sur une l\u00e9g\u00e8re structure en tubes\" \/>\n<meta name=\"robots\" content=\"index, follow, max-snippet:-1, max-image-preview:large, max-video-preview:-1\" \/>\n<link rel=\"canonical\" href=\"https:\/\/www.mobilimariani.com\/fr\/lema-table-basse-ortis\/\" \/>\n<meta property=\"og:locale\" content=\"fr_FR\" \/>\n<meta property=\"og:type\" content=\"article\" \/>\n<meta property=\"og:title\" content=\"LEMA TABLE BASSE ORTIS | Mobili Mariani\" \/>\n<meta property=\"og:description\" content=\"LEMA TABLE BASSE ORTIS Ortis est une famille de tables basses, qui se distingue par des plateaux ovales ou ronds, pos\u00e9s sur une l\u00e9g\u00e8re structure en tubes\" \/>\n<meta property=\"og:url\" content=\"https:\/\/www.mobilimariani.com\/fr\/lema-table-basse-ortis\/\" \/>\n<meta property=\"og:site_name\" content=\"Mobili Mariani\" \/>\n<meta property=\"article:published_time\" content=\"2021-02-20T15:42:47+00:00\" \/>\n<meta property=\"article:modified_time\" content=\"2021-02-20T15:42:49+00:00\" \/>\n<meta property=\"og:image\" content=\"https:\/\/www.mobilimariani.com\/wp-content\/uploads\/2021\/02\/1-8.jpg\" \/>\n\t<meta property=\"og:image:width\" content=\"1126\" \/>\n\t<meta property=\"og:image:height\" content=\"602\" \/>\n<meta name=\"twitter:label1\" content=\"Est. reading time\">\n\t<meta name=\"twitter:data1\" content=\"1 minute\">\n<script type=\"application\/ld+json\" class=\"yoast-schema-graph\">{\"@context\":\"https:\/\/schema.org\",\"@graph\":[{\"@type\":\"Organization\",\"@id\":\"https:\/\/www.mobilimariani.com\/#organization\",\"name\":\"Mobili Mariani\",\"url\":\"https:\/\/www.mobilimariani.com\/\",\"sameAs\":[],\"logo\":{\"@type\":\"ImageObject\",\"@id\":\"https:\/\/www.mobilimariani.com\/#logo\",\"inLanguage\":\"fr-CH\",\"url\":\"https:\/\/www.mobilimariani.com\/wp-content\/uploads\/2015\/12\/logo.png\",\"contentUrl\":\"https:\/\/www.mobilimariani.com\/wp-content\/uploads\/2015\/12\/logo.png\",\"width\":160,\"height\":110,\"caption\":\"Mobili Mariani\"},\"image\":{\"@id\":\"https:\/\/www.mobilimariani.com\/#logo\"}},{\"@type\":\"WebSite\",\"@id\":\"https:\/\/www.mobilimariani.com\/#website\",\"url\":\"https:\/\/www.mobilimariani.com\/\",\"name\":\"Mobili Mariani\",\"description\":\"Mobili Italia Svizzera\",\"publisher\":{\"@id\":\"https:\/\/www.mobilimariani.com\/#organization\"},\"potentialAction\":[{\"@type\":\"SearchAction\",\"target\":\"https:\/\/www.mobilimariani.com\/?s={search_term_string}\",\"query-input\":\"required name=search_term_string\"}],\"inLanguage\":\"fr-CH\"},{\"@type\":\"ImageObject\",\"@id\":\"https:\/\/www.mobilimariani.com\/fr\/lema-table-basse-ortis\/#primaryimage\",\"inLanguage\":\"fr-CH\",\"url\":\"https:\/\/www.mobilimariani.com\/wp-content\/uploads\/2021\/02\/1-8.jpg\",\"contentUrl\":\"https:\/\/www.mobilimariani.com\/wp-content\/uploads\/2021\/02\/1-8.jpg\",\"width\":1126,\"height\":602,\"caption\":\"LEMA TAVOLINO ORTIS\"},{\"@type\":\"WebPage\",\"@id\":\"https:\/\/www.mobilimariani.com\/fr\/lema-table-basse-ortis\/#webpage\",\"url\":\"https:\/\/www.mobilimariani.com\/fr\/lema-table-basse-ortis\/\",\"name\":\"LEMA TABLE BASSE ORTIS | Mobili Mariani\",\"isPartOf\":{\"@id\":\"https:\/\/www.mobilimariani.com\/#website\"},\"primaryImageOfPage\":{\"@id\":\"https:\/\/www.mobilimariani.com\/fr\/lema-table-basse-ortis\/#primaryimage\"},\"datePublished\":\"2021-02-20T15:42:47+00:00\",\"dateModified\":\"2021-02-20T15:42:49+00:00\",\"description\":\"LEMA TABLE BASSE ORTIS Ortis est une famille de tables basses, qui se distingue par des plateaux ovales ou ronds, pos\\u00e9s sur une l\\u00e9g\\u00e8re structure en tubes\",\"breadcrumb\":{\"@id\":\"https:\/\/www.mobilimariani.com\/fr\/lema-table-basse-ortis\/#breadcrumb\"},\"inLanguage\":\"fr-CH\",\"potentialAction\":[{\"@type\":\"ReadAction\",\"target\":[\"https:\/\/www.mobilimariani.com\/fr\/lema-table-basse-ortis\/\"]}]},{\"@type\":\"BreadcrumbList\",\"@id\":\"https:\/\/www.mobilimariani.com\/fr\/lema-table-basse-ortis\/#breadcrumb\",\"itemListElement\":[{\"@type\":\"ListItem\",\"position\":1,\"item\":{\"@type\":\"WebPage\",\"@id\":\"https:\/\/www.mobilimariani.com\/\",\"url\":\"https:\/\/www.mobilimariani.com\/\",\"name\":\"Home\"}},{\"@type\":\"ListItem\",\"position\":2,\"item\":{\"@id\":\"https:\/\/www.mobilimariani.com\/fr\/lema-table-basse-ortis\/#webpage\"}}]},{\"@type\":\"Article\",\"@id\":\"https:\/\/www.mobilimariani.com\/fr\/lema-table-basse-ortis\/#article\",\"isPartOf\":{\"@id\":\"https:\/\/www.mobilimariani.com\/fr\/lema-table-basse-ortis\/#webpage\"},\"author\":{\"@id\":\"https:\/\/www.mobilimariani.com\/#\/schema\/person\/4685d9f51269134e53f988c9122315f4\"},\"headline\":\"LEMA TABLE BASSE ORTIS\",\"datePublished\":\"2021-02-20T15:42:47+00:00\",\"dateModified\":\"2021-02-20T15:42:49+00:00\",\"mainEntityOfPage\":{\"@id\":\"https:\/\/www.mobilimariani.com\/fr\/lema-table-basse-ortis\/#webpage\"},\"publisher\":{\"@id\":\"https:\/\/www.mobilimariani.com\/#organization\"},\"image\":{\"@id\":\"https:\/\/www.mobilimariani.com\/fr\/lema-table-basse-ortis\/#primaryimage\"},\"articleSection\":[\"Autre\",\"Catalogue\",\"Salle jour\"],\"inLanguage\":\"fr-CH\"},{\"@type\":\"Person\",\"@id\":\"https:\/\/www.mobilimariani.com\/#\/schema\/person\/4685d9f51269134e53f988c9122315f4\",\"name\":\"14m4rC008\",\"image\":{\"@type\":\"ImageObject\",\"@id\":\"https:\/\/www.mobilimariani.com\/#personlogo\",\"inLanguage\":\"fr-CH\",\"url\":\"https:\/\/secure.gravatar.com\/avatar\/dfaa6e536fec7030712cf850e9ddef45?s=96&d=mm&r=g\",\"contentUrl\":\"https:\/\/secure.gravatar.com\/avatar\/dfaa6e536fec7030712cf850e9ddef45?s=96&d=mm&r=g\",\"caption\":\"14m4rC008\"}}]}<\/script>\n<!-- \/ Yoast SEO plugin. -->","_links":{"self":[{"href":"https:\/\/www.mobilimariani.com\/fr\/wp-json\/wp\/v2\/posts\/26648"}],"collection":[{"href":"https:\/\/www.mobilimariani.com\/fr\/wp-json\/wp\/v2\/posts"}],"about":[{"href":"https:\/\/www.mobilimariani.com\/fr\/wp-json\/wp\/v2\/types\/post"}],"author":[{"embeddable":true,"href":"https:\/\/www.mobilimariani.com\/fr\/wp-json\/wp\/v2\/users\/1"}],"replies":[{"embeddable":true,"href":"https:\/\/www.mobilimariani.com\/fr\/wp-json\/wp\/v2\/comments?post=26648"}],"version-history":[{"count":1,"href":"https:\/\/www.mobilimariani.com\/fr\/wp-json\/wp\/v2\/posts\/26648\/revisions"}],"predecessor-version":[{"id":26649,"href":"https:\/\/www.mobilimariani.com\/fr\/wp-json\/wp\/v2\/posts\/26648\/revisions\/26649"}],"wp:featuredmedia":[{"embeddable":true,"href":"https:\/\/www.mobilimariani.com\/fr\/wp-json\/wp\/v2\/media\/26628"}],"wp:attachment":[{"href":"https:\/\/www.mobilimariani.com\/fr\/wp-json\/wp\/v2\/media?parent=26648"}],"wp:term":[{"taxonomy":"category","embeddable":true,"href":"https:\/\/www.mobilimariani.com\/fr\/wp-json\/wp\/v2\/categories?post=26648"},{"taxonomy":"post_tag","embeddable":true,"href":"https:\/\/www.mobilimariani.com\/fr\/wp-json\/wp\/v2\/tags?post=26648"}],"curies":[{"name":"wp","href":"https:\/\/api.w.org\/{rel}","templated":true}]}}