{"id":26625,"date":"2021-02-19T17:43:17","date_gmt":"2021-02-19T16:43:17","guid":{"rendered":"https:\/\/www.mobilimariani.com\/?p=26625"},"modified":"2021-02-19T17:43:19","modified_gmt":"2021-02-19T16:43:19","slug":"glamora-et-janet-echelman-collection-xi","status":"publish","type":"post","link":"https:\/\/www.mobilimariani.com\/fr\/glamora-et-janet-echelman-collection-xi\/","title":{"rendered":"GLAMORA ET JANET ECHELMAN COLLECTION XI"},"content":{"rendered":"\n<p>GLAMORA ET JANET ECHELMAN COLLECTION XI<\/p>\n\n\n\n<p>Dans les grandes m\u00e9tropoles de la plan\u00e8te, de P\u00e9kin \u00e0 Londres, de Santiago \u00e0 Hong Kong, en Asie comme en Europe et aux Am\u00e9riques, les \u0153uvres d&#8217;Echelman suspendues dans les airs animent les places, les ports, les ponts et les promenades. Ce sont des cr\u00e9ations surdimensionn\u00e9es, con\u00e7ues pour les espaces publics, lieux habituellement visit\u00e9s par les citadins, et invitent le regard \u00e0 rechercher des formes toujours en mouvement.<\/p>\n\n\n\n<p>Son travail \u00e9chappe \u00e0 toute cat\u00e9gorisation car il intercepte diff\u00e9rents territoires tels que la sculpture, l&#8217;architecture, le design urbain, l&#8217;ing\u00e9nierie structurelle et a\u00e9ronautique, la science des mat\u00e9riaux et l&#8217;informatique.<\/p>\n\n\n\n<p>Chasseur de r\u00eaves, l&#8217;artiste utilise des mat\u00e9riaux improbables, des particules d&#8217;eau atomis\u00e9es \u00e0 la fibre artificielle quinze fois plus r\u00e9sistante que l&#8217;acier, pour cr\u00e9er des site-specific au site qui sont apparemment \u00e9ph\u00e9m\u00e8res et d&#8217;un grand effet.<\/p>\n\n\n\n<p>Dans ses sculptures a\u00e9riennes, il associe l&#8217;ancienne tradition artisanale de tissage et de nouage de filets, apprise dans un village de p\u00eacheurs indien, avec les logiciels les plus avanc\u00e9s sur le plan technologique. Ses \u0153uvres construisent des sc\u00e9nographies en constante \u00e9volution dans l&#8217;espace, se transforment avec le vent et la lumi\u00e8re et passent du statut &#8220;d&#8217;un objet que l&#8217;on regarde, \u00e0 une exp\u00e9rience dans laquelle on peut se perdre&#8221;. La nuit, ils dessinent des danses fugaces dans le noir, comme autant d&#8217;apparitions aux couleurs fluorescentes des aurores bor\u00e9ales. Car, comme le dit Janet Echelman, \u00abLe ciel est la toile de mes \u0153uvres\u00bb.<\/p>\n\n\n\n<p>Les sculptures surdimensionn\u00e9es de Janet Echelman flottent suspendues dans le ciel, \u00e9mues par l&#8217;air. Ils sont r\u00e9alis\u00e9s avec des mat\u00e9riaux high-tech sophistiqu\u00e9s, arborent des couleurs fluorescentes, jouent avec les effets de lumi\u00e8re et les r\u00e9verb\u00e9rations, sont travers\u00e9s par des tissages g\u00e9om\u00e9triques de filets marins ou des subtilit\u00e9s comme la dentelle. On retrouve son \u00e9cho dans les textures et les couleurs de la Collection XI.<\/p>\n\n\n\n<p>Vous voulez conna\u00eetre notre meilleur prix pour cet article?&nbsp;<a href=\"https:\/\/www.mobilimariani.com\/fr\/contacts\/\">Cliquez ici<\/a>&nbsp;et envoyez-nous la demande<\/p>\n\n\n\n<p>Signale le lieu de&nbsp;exp\u00e9dition.<\/p>\n\n\n\n<p>Nous livrons dans toute l\u2019Europe et o\u00f9 que tu sois.<\/p>\n\n\n\n<p>Pour d\u00e9couvrir la marque Glamora&nbsp;<a href=\"https:\/\/www.mobilimariani.com\/fr\/concessionaire-glamora-tapisseries\/\">cliquez ici<\/a><\/p>\n","protected":false},"excerpt":{"rendered":"GLAMORA ET JANET ECHELMAN COLLECTION XI Dans les grandes m\u00e9tropoles de la plan\u00e8te, de P\u00e9kin \u00e0 Londres, de Santiago \u00e0 Hong Kong, en Asie comme en Europe et aux Am\u00e9riques, les \u0153uvres d&#8217;Echelman suspendues dans les airs animent les places, les ports, les ponts et les promenades. Ce sont des cr\u00e9ations surdimensionn\u00e9es, con\u00e7ues pour les&#8230; <a class=\"view-article\" href=\"https:\/\/www.mobilimariani.com\/fr\/glamora-et-janet-echelman-collection-xi\/\">Voir l&#8217;article<\/a>","protected":false},"author":1,"featured_media":26614,"comment_status":"closed","ping_status":"closed","sticky":false,"template":"","format":"standard","meta":[],"categories":[17,1,37,16,8,6,2],"tags":[],"yoast_head":"<!-- This site is optimized with the Yoast SEO plugin v16.2 - https:\/\/yoast.com\/wordpress\/plugins\/seo\/ -->\n<meta name=\"description\" content=\"GLAMORA ET JANET ECHELMAN COLLECTION XI Dans les grandes m\u00e9tropoles de la plan\u00e8te, de P\u00e9kin \u00e0 Londres, de Santiago \u00e0 Hong Kong, en Asie comme en Europe et\" \/>\n<meta name=\"robots\" content=\"index, follow, max-snippet:-1, max-image-preview:large, max-video-preview:-1\" \/>\n<link rel=\"canonical\" href=\"https:\/\/www.mobilimariani.com\/fr\/glamora-et-janet-echelman-collection-xi\/\" \/>\n<meta property=\"og:locale\" content=\"fr_FR\" \/>\n<meta property=\"og:type\" content=\"article\" \/>\n<meta property=\"og:title\" content=\"GLAMORA ET JANET ECHELMAN COLLECTION XI | Mobili Mariani\" \/>\n<meta property=\"og:description\" content=\"GLAMORA ET JANET ECHELMAN COLLECTION XI Dans les grandes m\u00e9tropoles de la plan\u00e8te, de P\u00e9kin \u00e0 Londres, de Santiago \u00e0 Hong Kong, en Asie comme en Europe et\" \/>\n<meta property=\"og:url\" content=\"https:\/\/www.mobilimariani.com\/fr\/glamora-et-janet-echelman-collection-xi\/\" \/>\n<meta property=\"og:site_name\" content=\"Mobili Mariani\" \/>\n<meta property=\"article:published_time\" content=\"2021-02-19T16:43:17+00:00\" \/>\n<meta property=\"article:modified_time\" content=\"2021-02-19T16:43:19+00:00\" \/>\n<meta property=\"og:image\" content=\"https:\/\/www.mobilimariani.com\/wp-content\/uploads\/2021\/02\/1-7.jpg\" \/>\n\t<meta property=\"og:image:width\" content=\"610\" \/>\n\t<meta property=\"og:image:height\" content=\"436\" \/>\n<meta name=\"twitter:label1\" content=\"Est. reading time\">\n\t<meta name=\"twitter:data1\" content=\"2 minutes\">\n<script type=\"application\/ld+json\" class=\"yoast-schema-graph\">{\"@context\":\"https:\/\/schema.org\",\"@graph\":[{\"@type\":\"Organization\",\"@id\":\"https:\/\/www.mobilimariani.com\/#organization\",\"name\":\"Mobili Mariani\",\"url\":\"https:\/\/www.mobilimariani.com\/\",\"sameAs\":[],\"logo\":{\"@type\":\"ImageObject\",\"@id\":\"https:\/\/www.mobilimariani.com\/#logo\",\"inLanguage\":\"fr-CH\",\"url\":\"https:\/\/www.mobilimariani.com\/wp-content\/uploads\/2015\/12\/logo.png\",\"contentUrl\":\"https:\/\/www.mobilimariani.com\/wp-content\/uploads\/2015\/12\/logo.png\",\"width\":160,\"height\":110,\"caption\":\"Mobili Mariani\"},\"image\":{\"@id\":\"https:\/\/www.mobilimariani.com\/#logo\"}},{\"@type\":\"WebSite\",\"@id\":\"https:\/\/www.mobilimariani.com\/#website\",\"url\":\"https:\/\/www.mobilimariani.com\/\",\"name\":\"Mobili Mariani\",\"description\":\"Mobili Italia Svizzera\",\"publisher\":{\"@id\":\"https:\/\/www.mobilimariani.com\/#organization\"},\"potentialAction\":[{\"@type\":\"SearchAction\",\"target\":\"https:\/\/www.mobilimariani.com\/?s={search_term_string}\",\"query-input\":\"required name=search_term_string\"}],\"inLanguage\":\"fr-CH\"},{\"@type\":\"ImageObject\",\"@id\":\"https:\/\/www.mobilimariani.com\/fr\/glamora-et-janet-echelman-collection-xi\/#primaryimage\",\"inLanguage\":\"fr-CH\",\"url\":\"https:\/\/www.mobilimariani.com\/wp-content\/uploads\/2021\/02\/1-7.jpg\",\"contentUrl\":\"https:\/\/www.mobilimariani.com\/wp-content\/uploads\/2021\/02\/1-7.jpg\",\"width\":610,\"height\":436,\"caption\":\"GLAMORA E JANET ECHELMAN COLLEZIONE XI\"},{\"@type\":\"WebPage\",\"@id\":\"https:\/\/www.mobilimariani.com\/fr\/glamora-et-janet-echelman-collection-xi\/#webpage\",\"url\":\"https:\/\/www.mobilimariani.com\/fr\/glamora-et-janet-echelman-collection-xi\/\",\"name\":\"GLAMORA ET JANET ECHELMAN COLLECTION XI | Mobili Mariani\",\"isPartOf\":{\"@id\":\"https:\/\/www.mobilimariani.com\/#website\"},\"primaryImageOfPage\":{\"@id\":\"https:\/\/www.mobilimariani.com\/fr\/glamora-et-janet-echelman-collection-xi\/#primaryimage\"},\"datePublished\":\"2021-02-19T16:43:17+00:00\",\"dateModified\":\"2021-02-19T16:43:19+00:00\",\"description\":\"GLAMORA ET JANET ECHELMAN COLLECTION XI Dans les grandes m\\u00e9tropoles de la plan\\u00e8te, de P\\u00e9kin \\u00e0 Londres, de Santiago \\u00e0 Hong Kong, en Asie comme en Europe et\",\"breadcrumb\":{\"@id\":\"https:\/\/www.mobilimariani.com\/fr\/glamora-et-janet-echelman-collection-xi\/#breadcrumb\"},\"inLanguage\":\"fr-CH\",\"potentialAction\":[{\"@type\":\"ReadAction\",\"target\":[\"https:\/\/www.mobilimariani.com\/fr\/glamora-et-janet-echelman-collection-xi\/\"]}]},{\"@type\":\"BreadcrumbList\",\"@id\":\"https:\/\/www.mobilimariani.com\/fr\/glamora-et-janet-echelman-collection-xi\/#breadcrumb\",\"itemListElement\":[{\"@type\":\"ListItem\",\"position\":1,\"item\":{\"@type\":\"WebPage\",\"@id\":\"https:\/\/www.mobilimariani.com\/\",\"url\":\"https:\/\/www.mobilimariani.com\/\",\"name\":\"Home\"}},{\"@type\":\"ListItem\",\"position\":2,\"item\":{\"@id\":\"https:\/\/www.mobilimariani.com\/fr\/glamora-et-janet-echelman-collection-xi\/#webpage\"}}]},{\"@type\":\"Article\",\"@id\":\"https:\/\/www.mobilimariani.com\/fr\/glamora-et-janet-echelman-collection-xi\/#article\",\"isPartOf\":{\"@id\":\"https:\/\/www.mobilimariani.com\/fr\/glamora-et-janet-echelman-collection-xi\/#webpage\"},\"author\":{\"@id\":\"https:\/\/www.mobilimariani.com\/#\/schema\/person\/4685d9f51269134e53f988c9122315f4\"},\"headline\":\"GLAMORA ET JANET ECHELMAN COLLECTION XI\",\"datePublished\":\"2021-02-19T16:43:17+00:00\",\"dateModified\":\"2021-02-19T16:43:19+00:00\",\"mainEntityOfPage\":{\"@id\":\"https:\/\/www.mobilimariani.com\/fr\/glamora-et-janet-echelman-collection-xi\/#webpage\"},\"publisher\":{\"@id\":\"https:\/\/www.mobilimariani.com\/#organization\"},\"image\":{\"@id\":\"https:\/\/www.mobilimariani.com\/fr\/glamora-et-janet-echelman-collection-xi\/#primaryimage\"},\"articleSection\":[\"Bain\",\"Catalogue\",\"Contract\",\"Cuisines\",\"News\",\"Salle jour\",\"Zone nuit\"],\"inLanguage\":\"fr-CH\"},{\"@type\":\"Person\",\"@id\":\"https:\/\/www.mobilimariani.com\/#\/schema\/person\/4685d9f51269134e53f988c9122315f4\",\"name\":\"14m4rC008\",\"image\":{\"@type\":\"ImageObject\",\"@id\":\"https:\/\/www.mobilimariani.com\/#personlogo\",\"inLanguage\":\"fr-CH\",\"url\":\"https:\/\/secure.gravatar.com\/avatar\/dfaa6e536fec7030712cf850e9ddef45?s=96&d=mm&r=g\",\"contentUrl\":\"https:\/\/secure.gravatar.com\/avatar\/dfaa6e536fec7030712cf850e9ddef45?s=96&d=mm&r=g\",\"caption\":\"14m4rC008\"}}]}<\/script>\n<!-- \/ Yoast SEO plugin. -->","_links":{"self":[{"href":"https:\/\/www.mobilimariani.com\/fr\/wp-json\/wp\/v2\/posts\/26625"}],"collection":[{"href":"https:\/\/www.mobilimariani.com\/fr\/wp-json\/wp\/v2\/posts"}],"about":[{"href":"https:\/\/www.mobilimariani.com\/fr\/wp-json\/wp\/v2\/types\/post"}],"author":[{"embeddable":true,"href":"https:\/\/www.mobilimariani.com\/fr\/wp-json\/wp\/v2\/users\/1"}],"replies":[{"embeddable":true,"href":"https:\/\/www.mobilimariani.com\/fr\/wp-json\/wp\/v2\/comments?post=26625"}],"version-history":[{"count":1,"href":"https:\/\/www.mobilimariani.com\/fr\/wp-json\/wp\/v2\/posts\/26625\/revisions"}],"predecessor-version":[{"id":26626,"href":"https:\/\/www.mobilimariani.com\/fr\/wp-json\/wp\/v2\/posts\/26625\/revisions\/26626"}],"wp:featuredmedia":[{"embeddable":true,"href":"https:\/\/www.mobilimariani.com\/fr\/wp-json\/wp\/v2\/media\/26614"}],"wp:attachment":[{"href":"https:\/\/www.mobilimariani.com\/fr\/wp-json\/wp\/v2\/media?parent=26625"}],"wp:term":[{"taxonomy":"category","embeddable":true,"href":"https:\/\/www.mobilimariani.com\/fr\/wp-json\/wp\/v2\/categories?post=26625"},{"taxonomy":"post_tag","embeddable":true,"href":"https:\/\/www.mobilimariani.com\/fr\/wp-json\/wp\/v2\/tags?post=26625"}],"curies":[{"name":"wp","href":"https:\/\/api.w.org\/{rel}","templated":true}]}}