{"id":26602,"date":"2021-02-18T18:20:20","date_gmt":"2021-02-18T17:20:20","guid":{"rendered":"https:\/\/www.mobilimariani.com\/?p=26602"},"modified":"2021-02-18T18:20:22","modified_gmt":"2021-02-18T17:20:22","slug":"saba-table-basse-ring-table","status":"publish","type":"post","link":"https:\/\/www.mobilimariani.com\/fr\/saba-table-basse-ring-table\/","title":{"rendered":"SABA TABLE BASSE RING TABLE"},"content":{"rendered":"\n<p>SABA TABLE BASSE RING TABLE<\/p>\n\n\n\n<p>Aussi \u00e9l\u00e9gantes que des bijoux, les tables basses Ring s\u2019inspirent des d\u00e9coupes des pierres pr\u00e9cieuses que l\u2019on monte sur les bagues. Le choix des finitions vise \u00e0 souligner cette similitude : les structures en m\u00e9tal sont disponibles en plusieurs variantes auxquelles correspondent autant de formes. Les plateaux en verre, transparents et l\u00e9g\u00e8rement color\u00e9s, sont litt\u00e9ralement sertis sur ces pi\u00e8tements.<\/p>\n\n\n\n<p>Pour d\u00e9couvrir la marque Saba<a href=\"https:\/\/www.mobilimariani.com\/fr\/distributeur-saba\/\">&nbsp;cliquez ici<\/a><\/p>\n\n\n\n<p>Pour d\u00e9couvrir le catalogue de toutes nos Tables Basse&nbsp;<a href=\"https:\/\/www.mobilimariani.com\/fr\/search\/table+basse\">cliquez ici<\/a><\/p>\n\n\n\n<p>Vous voulez conna\u00eetre notre meilleur prix pour cet article?&nbsp;<a href=\"https:\/\/www.mobilimariani.com\/fr\/contacts\/\">Cliquez ici<\/a>&nbsp;et envoyez-nous la demande<\/p>\n\n\n\n<p>Signale le lieu de livraison, nous livrons dans toute l\u2019Europe et o\u00f9 que tu sois.<\/p>\n\n\n\n<p>Pour nos clients suisses, il sera d\u00e9duit l\u2019I.V.A. italienne<strong>.<\/strong><\/p>\n","protected":false},"excerpt":{"rendered":"SABA TABLE BASSE RING TABLE Aussi \u00e9l\u00e9gantes que des bijoux, les tables basses Ring s\u2019inspirent des d\u00e9coupes des pierres pr\u00e9cieuses que l\u2019on monte sur les bagues. Le choix des finitions vise \u00e0 souligner cette similitude : les structures en m\u00e9tal sont disponibles en plusieurs variantes auxquelles correspondent autant de formes. Les plateaux en verre, transparents&#8230; <a class=\"view-article\" href=\"https:\/\/www.mobilimariani.com\/fr\/saba-table-basse-ring-table\/\">Voir l&#8217;article<\/a>","protected":false},"author":1,"featured_media":26597,"comment_status":"closed","ping_status":"closed","sticky":false,"template":"","format":"standard","meta":[],"categories":[18,1],"tags":[],"yoast_head":"<!-- This site is optimized with the Yoast SEO plugin v16.2 - https:\/\/yoast.com\/wordpress\/plugins\/seo\/ -->\n<meta name=\"description\" content=\"SABA TABLE BASSE RING TABLE Aussi \u00e9l\u00e9gantes que des bijoux, les tables basses Ring s\u2019inspirent des d\u00e9coupes des pierres pr\u00e9cieuses que l\u2019on monte sur les\" \/>\n<meta name=\"robots\" content=\"index, follow, max-snippet:-1, max-image-preview:large, max-video-preview:-1\" \/>\n<link rel=\"canonical\" href=\"https:\/\/www.mobilimariani.com\/fr\/saba-table-basse-ring-table\/\" \/>\n<meta property=\"og:locale\" content=\"fr_FR\" \/>\n<meta property=\"og:type\" content=\"article\" \/>\n<meta property=\"og:title\" content=\"SABA TABLE BASSE RING TABLE | Mobili Mariani\" \/>\n<meta property=\"og:description\" content=\"SABA TABLE BASSE RING TABLE Aussi \u00e9l\u00e9gantes que des bijoux, les tables basses Ring s\u2019inspirent des d\u00e9coupes des pierres pr\u00e9cieuses que l\u2019on monte sur les\" \/>\n<meta property=\"og:url\" content=\"https:\/\/www.mobilimariani.com\/fr\/saba-table-basse-ring-table\/\" \/>\n<meta property=\"og:site_name\" content=\"Mobili Mariani\" \/>\n<meta property=\"article:published_time\" content=\"2021-02-18T17:20:20+00:00\" \/>\n<meta property=\"article:modified_time\" content=\"2021-02-18T17:20:22+00:00\" \/>\n<meta property=\"og:image\" content=\"https:\/\/www.mobilimariani.com\/wp-content\/uploads\/2021\/02\/1-6.jpg\" \/>\n\t<meta property=\"og:image:width\" content=\"623\" \/>\n\t<meta property=\"og:image:height\" content=\"806\" \/>\n<meta name=\"twitter:label1\" content=\"Est. reading time\">\n\t<meta name=\"twitter:data1\" content=\"1 minute\">\n<script type=\"application\/ld+json\" class=\"yoast-schema-graph\">{\"@context\":\"https:\/\/schema.org\",\"@graph\":[{\"@type\":\"Organization\",\"@id\":\"https:\/\/www.mobilimariani.com\/#organization\",\"name\":\"Mobili Mariani\",\"url\":\"https:\/\/www.mobilimariani.com\/\",\"sameAs\":[],\"logo\":{\"@type\":\"ImageObject\",\"@id\":\"https:\/\/www.mobilimariani.com\/#logo\",\"inLanguage\":\"fr-CH\",\"url\":\"https:\/\/www.mobilimariani.com\/wp-content\/uploads\/2015\/12\/logo.png\",\"contentUrl\":\"https:\/\/www.mobilimariani.com\/wp-content\/uploads\/2015\/12\/logo.png\",\"width\":160,\"height\":110,\"caption\":\"Mobili Mariani\"},\"image\":{\"@id\":\"https:\/\/www.mobilimariani.com\/#logo\"}},{\"@type\":\"WebSite\",\"@id\":\"https:\/\/www.mobilimariani.com\/#website\",\"url\":\"https:\/\/www.mobilimariani.com\/\",\"name\":\"Mobili Mariani\",\"description\":\"Mobili Italia Svizzera\",\"publisher\":{\"@id\":\"https:\/\/www.mobilimariani.com\/#organization\"},\"potentialAction\":[{\"@type\":\"SearchAction\",\"target\":\"https:\/\/www.mobilimariani.com\/?s={search_term_string}\",\"query-input\":\"required name=search_term_string\"}],\"inLanguage\":\"fr-CH\"},{\"@type\":\"ImageObject\",\"@id\":\"https:\/\/www.mobilimariani.com\/fr\/saba-table-basse-ring-table\/#primaryimage\",\"inLanguage\":\"fr-CH\",\"url\":\"https:\/\/www.mobilimariani.com\/wp-content\/uploads\/2021\/02\/1-6.jpg\",\"contentUrl\":\"https:\/\/www.mobilimariani.com\/wp-content\/uploads\/2021\/02\/1-6.jpg\",\"width\":623,\"height\":806,\"caption\":\"SABA TAVOLINO RING TABLE\"},{\"@type\":\"WebPage\",\"@id\":\"https:\/\/www.mobilimariani.com\/fr\/saba-table-basse-ring-table\/#webpage\",\"url\":\"https:\/\/www.mobilimariani.com\/fr\/saba-table-basse-ring-table\/\",\"name\":\"SABA TABLE BASSE RING TABLE | Mobili Mariani\",\"isPartOf\":{\"@id\":\"https:\/\/www.mobilimariani.com\/#website\"},\"primaryImageOfPage\":{\"@id\":\"https:\/\/www.mobilimariani.com\/fr\/saba-table-basse-ring-table\/#primaryimage\"},\"datePublished\":\"2021-02-18T17:20:20+00:00\",\"dateModified\":\"2021-02-18T17:20:22+00:00\",\"description\":\"SABA TABLE BASSE RING TABLE Aussi \\u00e9l\\u00e9gantes que des bijoux, les tables basses Ring s\\u2019inspirent des d\\u00e9coupes des pierres pr\\u00e9cieuses que l\\u2019on monte sur les\",\"breadcrumb\":{\"@id\":\"https:\/\/www.mobilimariani.com\/fr\/saba-table-basse-ring-table\/#breadcrumb\"},\"inLanguage\":\"fr-CH\",\"potentialAction\":[{\"@type\":\"ReadAction\",\"target\":[\"https:\/\/www.mobilimariani.com\/fr\/saba-table-basse-ring-table\/\"]}]},{\"@type\":\"BreadcrumbList\",\"@id\":\"https:\/\/www.mobilimariani.com\/fr\/saba-table-basse-ring-table\/#breadcrumb\",\"itemListElement\":[{\"@type\":\"ListItem\",\"position\":1,\"item\":{\"@type\":\"WebPage\",\"@id\":\"https:\/\/www.mobilimariani.com\/\",\"url\":\"https:\/\/www.mobilimariani.com\/\",\"name\":\"Home\"}},{\"@type\":\"ListItem\",\"position\":2,\"item\":{\"@id\":\"https:\/\/www.mobilimariani.com\/fr\/saba-table-basse-ring-table\/#webpage\"}}]},{\"@type\":\"Article\",\"@id\":\"https:\/\/www.mobilimariani.com\/fr\/saba-table-basse-ring-table\/#article\",\"isPartOf\":{\"@id\":\"https:\/\/www.mobilimariani.com\/fr\/saba-table-basse-ring-table\/#webpage\"},\"author\":{\"@id\":\"https:\/\/www.mobilimariani.com\/#\/schema\/person\/4685d9f51269134e53f988c9122315f4\"},\"headline\":\"SABA TABLE BASSE RING TABLE\",\"datePublished\":\"2021-02-18T17:20:20+00:00\",\"dateModified\":\"2021-02-18T17:20:22+00:00\",\"mainEntityOfPage\":{\"@id\":\"https:\/\/www.mobilimariani.com\/fr\/saba-table-basse-ring-table\/#webpage\"},\"publisher\":{\"@id\":\"https:\/\/www.mobilimariani.com\/#organization\"},\"image\":{\"@id\":\"https:\/\/www.mobilimariani.com\/fr\/saba-table-basse-ring-table\/#primaryimage\"},\"articleSection\":[\"Autre\",\"Catalogue\"],\"inLanguage\":\"fr-CH\"},{\"@type\":\"Person\",\"@id\":\"https:\/\/www.mobilimariani.com\/#\/schema\/person\/4685d9f51269134e53f988c9122315f4\",\"name\":\"14m4rC008\",\"image\":{\"@type\":\"ImageObject\",\"@id\":\"https:\/\/www.mobilimariani.com\/#personlogo\",\"inLanguage\":\"fr-CH\",\"url\":\"https:\/\/secure.gravatar.com\/avatar\/dfaa6e536fec7030712cf850e9ddef45?s=96&d=mm&r=g\",\"contentUrl\":\"https:\/\/secure.gravatar.com\/avatar\/dfaa6e536fec7030712cf850e9ddef45?s=96&d=mm&r=g\",\"caption\":\"14m4rC008\"}}]}<\/script>\n<!-- \/ Yoast SEO plugin. -->","_links":{"self":[{"href":"https:\/\/www.mobilimariani.com\/fr\/wp-json\/wp\/v2\/posts\/26602"}],"collection":[{"href":"https:\/\/www.mobilimariani.com\/fr\/wp-json\/wp\/v2\/posts"}],"about":[{"href":"https:\/\/www.mobilimariani.com\/fr\/wp-json\/wp\/v2\/types\/post"}],"author":[{"embeddable":true,"href":"https:\/\/www.mobilimariani.com\/fr\/wp-json\/wp\/v2\/users\/1"}],"replies":[{"embeddable":true,"href":"https:\/\/www.mobilimariani.com\/fr\/wp-json\/wp\/v2\/comments?post=26602"}],"version-history":[{"count":1,"href":"https:\/\/www.mobilimariani.com\/fr\/wp-json\/wp\/v2\/posts\/26602\/revisions"}],"predecessor-version":[{"id":26603,"href":"https:\/\/www.mobilimariani.com\/fr\/wp-json\/wp\/v2\/posts\/26602\/revisions\/26603"}],"wp:featuredmedia":[{"embeddable":true,"href":"https:\/\/www.mobilimariani.com\/fr\/wp-json\/wp\/v2\/media\/26597"}],"wp:attachment":[{"href":"https:\/\/www.mobilimariani.com\/fr\/wp-json\/wp\/v2\/media?parent=26602"}],"wp:term":[{"taxonomy":"category","embeddable":true,"href":"https:\/\/www.mobilimariani.com\/fr\/wp-json\/wp\/v2\/categories?post=26602"},{"taxonomy":"post_tag","embeddable":true,"href":"https:\/\/www.mobilimariani.com\/fr\/wp-json\/wp\/v2\/tags?post=26602"}],"curies":[{"name":"wp","href":"https:\/\/api.w.org\/{rel}","templated":true}]}}