{"id":26566,"date":"2021-02-13T19:31:42","date_gmt":"2021-02-13T18:31:42","guid":{"rendered":"https:\/\/www.mobilimariani.com\/?p=26566"},"modified":"2025-09-04T12:06:10","modified_gmt":"2025-09-04T10:06:10","slug":"tonelli-table-basse-plinsky","status":"publish","type":"post","link":"https:\/\/www.mobilimariani.com\/fr\/tonelli-table-basse-plinsky\/","title":{"rendered":"TONELLI TABLE BASSE PLINSKY"},"content":{"rendered":"\r\n<p>TONELLI TABLE BASSE PLINSKY<\/p>\r\n\r\n\r\n\r\n<p>Table basse en m\u00e9tal, chrom\u00e9 ou peint en blanc ou noir mat, avec plateau en verre tremp\u00e9 transparent ou extra-clair ou fum\u00e9<\/p>\r\n\r\n\r\n\r\n<p>Mesures:<br \/>130 x 70 x hauteur 33 cm<br \/>150 X 80 X h 33 cm<\/p>\r\n\r\n\r\n\r\n<p>\u00c9paisseur: 12 mm<\/p>\r\n\r\n\r\n\r\n<p>Port\u00e9e: 30 kg<\/p>\r\n\r\n\r\n\r\n<p>Pour d\u00e9couvrir la marque Tonelli\u00a0<a href=\"https:\/\/www.mobilimariani.com\/fr\/concessionnaire-tonelli\/\">cliquer ici<\/a><\/p>\r\n\r\n\r\n\r\n<p>Pour d\u00e9couvrir le catalogue de toutes nos Tables Basse\u00a0<a href=\"https:\/\/www.mobilimariani.com\/fr\/search\/table+basse\">cliquez ici<\/a><\/p>\r\n\r\n\r\n\r\n<p>Vous voulez conna\u00eetre notre meilleur prix pour cet article?\u00a0<a href=\"https:\/\/www.mobilimariani.com\/fr\/contacts\/\">Cliquez ici<\/a>\u00a0et envoyez-nous la demande<\/p>\r\n\r\n\r\n\r\n<p>Signale le lieu de livraison, nous livrons dans toute l\u2019Europe et o\u00f9 que tu sois.<\/p>\r\n\r\n\r\n\r\n<p><strong>Pour nos clients suisses, il sera d\u00e9duit l\u2019I.V.A. italienne \u00e0 hauteur de 22%.<\/strong><\/p>\r\n","protected":false},"excerpt":{"rendered":"TONELLI TABLE BASSE PLINSKY Table basse en m\u00e9tal, chrom\u00e9 ou peint en blanc ou noir mat, avec plateau en verre tremp\u00e9 transparent ou extra-clair ou fum\u00e9 Mesures:130 x 70 x hauteur 33 cm150 X 80 X h 33 cm \u00c9paisseur: 12 mm Port\u00e9e: 30 kg Pour d\u00e9couvrir la marque Tonelli\u00a0cliquer ici Pour d\u00e9couvrir le catalogue&#8230; <a class=\"view-article\" href=\"https:\/\/www.mobilimariani.com\/fr\/tonelli-table-basse-plinsky\/\">Voir l&#8217;article<\/a>","protected":false},"author":1,"featured_media":26555,"comment_status":"closed","ping_status":"closed","sticky":false,"template":"","format":"standard","meta":[],"categories":[18,1],"tags":[],"yoast_head":"<!-- This site is optimized with the Yoast SEO plugin v16.2 - https:\/\/yoast.com\/wordpress\/plugins\/seo\/ -->\n<meta name=\"description\" content=\"TONELLI TABLE BASSE PLINSKY Table basse en m\u00e9tal, chrom\u00e9 ou peint en blanc ou noir mat, avec plateau en verre tremp\u00e9 transparent ou extra-clair ou fum\u00e9\" \/>\n<meta name=\"robots\" content=\"index, follow, max-snippet:-1, max-image-preview:large, max-video-preview:-1\" \/>\n<link rel=\"canonical\" href=\"https:\/\/www.mobilimariani.com\/fr\/tonelli-table-basse-plinsky\/\" \/>\n<meta property=\"og:locale\" content=\"fr_FR\" \/>\n<meta property=\"og:type\" content=\"article\" \/>\n<meta property=\"og:title\" content=\"TONELLI TABLE BASSE PLINSKY | Mobili Mariani\" \/>\n<meta property=\"og:description\" content=\"TONELLI TABLE BASSE PLINSKY Table basse en m\u00e9tal, chrom\u00e9 ou peint en blanc ou noir mat, avec plateau en verre tremp\u00e9 transparent ou extra-clair ou fum\u00e9\" \/>\n<meta property=\"og:url\" content=\"https:\/\/www.mobilimariani.com\/fr\/tonelli-table-basse-plinsky\/\" \/>\n<meta property=\"og:site_name\" content=\"Mobili Mariani\" \/>\n<meta property=\"article:published_time\" content=\"2021-02-13T18:31:42+00:00\" \/>\n<meta property=\"article:modified_time\" content=\"2025-09-04T10:06:10+00:00\" \/>\n<meta property=\"og:image\" content=\"https:\/\/www.mobilimariani.com\/wp-content\/uploads\/2021\/02\/1-4.jpg\" \/>\n\t<meta property=\"og:image:width\" content=\"839\" \/>\n\t<meta property=\"og:image:height\" content=\"590\" \/>\n<meta name=\"twitter:label1\" content=\"Est. reading time\">\n\t<meta name=\"twitter:data1\" content=\"1 minute\">\n<script type=\"application\/ld+json\" class=\"yoast-schema-graph\">{\"@context\":\"https:\/\/schema.org\",\"@graph\":[{\"@type\":\"Organization\",\"@id\":\"https:\/\/www.mobilimariani.com\/#organization\",\"name\":\"Mobili Mariani\",\"url\":\"https:\/\/www.mobilimariani.com\/\",\"sameAs\":[],\"logo\":{\"@type\":\"ImageObject\",\"@id\":\"https:\/\/www.mobilimariani.com\/#logo\",\"inLanguage\":\"fr-CH\",\"url\":\"https:\/\/www.mobilimariani.com\/wp-content\/uploads\/2015\/12\/logo.png\",\"contentUrl\":\"https:\/\/www.mobilimariani.com\/wp-content\/uploads\/2015\/12\/logo.png\",\"width\":160,\"height\":110,\"caption\":\"Mobili Mariani\"},\"image\":{\"@id\":\"https:\/\/www.mobilimariani.com\/#logo\"}},{\"@type\":\"WebSite\",\"@id\":\"https:\/\/www.mobilimariani.com\/#website\",\"url\":\"https:\/\/www.mobilimariani.com\/\",\"name\":\"Mobili Mariani\",\"description\":\"Mobili Italia Svizzera\",\"publisher\":{\"@id\":\"https:\/\/www.mobilimariani.com\/#organization\"},\"potentialAction\":[{\"@type\":\"SearchAction\",\"target\":\"https:\/\/www.mobilimariani.com\/?s={search_term_string}\",\"query-input\":\"required name=search_term_string\"}],\"inLanguage\":\"fr-CH\"},{\"@type\":\"ImageObject\",\"@id\":\"https:\/\/www.mobilimariani.com\/fr\/tonelli-table-basse-plinsky\/#primaryimage\",\"inLanguage\":\"fr-CH\",\"url\":\"https:\/\/www.mobilimariani.com\/wp-content\/uploads\/2021\/02\/1-4.jpg\",\"contentUrl\":\"https:\/\/www.mobilimariani.com\/wp-content\/uploads\/2021\/02\/1-4.jpg\",\"width\":839,\"height\":590,\"caption\":\"TONELLI TAVOLINO PLINSKY\"},{\"@type\":\"WebPage\",\"@id\":\"https:\/\/www.mobilimariani.com\/fr\/tonelli-table-basse-plinsky\/#webpage\",\"url\":\"https:\/\/www.mobilimariani.com\/fr\/tonelli-table-basse-plinsky\/\",\"name\":\"TONELLI TABLE BASSE PLINSKY | Mobili Mariani\",\"isPartOf\":{\"@id\":\"https:\/\/www.mobilimariani.com\/#website\"},\"primaryImageOfPage\":{\"@id\":\"https:\/\/www.mobilimariani.com\/fr\/tonelli-table-basse-plinsky\/#primaryimage\"},\"datePublished\":\"2021-02-13T18:31:42+00:00\",\"dateModified\":\"2025-09-04T10:06:10+00:00\",\"description\":\"TONELLI TABLE BASSE PLINSKY Table basse en m\\u00e9tal, chrom\\u00e9 ou peint en blanc ou noir mat, avec plateau en verre tremp\\u00e9 transparent ou extra-clair ou fum\\u00e9\",\"breadcrumb\":{\"@id\":\"https:\/\/www.mobilimariani.com\/fr\/tonelli-table-basse-plinsky\/#breadcrumb\"},\"inLanguage\":\"fr-CH\",\"potentialAction\":[{\"@type\":\"ReadAction\",\"target\":[\"https:\/\/www.mobilimariani.com\/fr\/tonelli-table-basse-plinsky\/\"]}]},{\"@type\":\"BreadcrumbList\",\"@id\":\"https:\/\/www.mobilimariani.com\/fr\/tonelli-table-basse-plinsky\/#breadcrumb\",\"itemListElement\":[{\"@type\":\"ListItem\",\"position\":1,\"item\":{\"@type\":\"WebPage\",\"@id\":\"https:\/\/www.mobilimariani.com\/\",\"url\":\"https:\/\/www.mobilimariani.com\/\",\"name\":\"Home\"}},{\"@type\":\"ListItem\",\"position\":2,\"item\":{\"@id\":\"https:\/\/www.mobilimariani.com\/fr\/tonelli-table-basse-plinsky\/#webpage\"}}]},{\"@type\":\"Article\",\"@id\":\"https:\/\/www.mobilimariani.com\/fr\/tonelli-table-basse-plinsky\/#article\",\"isPartOf\":{\"@id\":\"https:\/\/www.mobilimariani.com\/fr\/tonelli-table-basse-plinsky\/#webpage\"},\"author\":{\"@id\":\"https:\/\/www.mobilimariani.com\/#\/schema\/person\/4685d9f51269134e53f988c9122315f4\"},\"headline\":\"TONELLI TABLE BASSE PLINSKY\",\"datePublished\":\"2021-02-13T18:31:42+00:00\",\"dateModified\":\"2025-09-04T10:06:10+00:00\",\"mainEntityOfPage\":{\"@id\":\"https:\/\/www.mobilimariani.com\/fr\/tonelli-table-basse-plinsky\/#webpage\"},\"publisher\":{\"@id\":\"https:\/\/www.mobilimariani.com\/#organization\"},\"image\":{\"@id\":\"https:\/\/www.mobilimariani.com\/fr\/tonelli-table-basse-plinsky\/#primaryimage\"},\"articleSection\":[\"Autre\",\"Catalogue\"],\"inLanguage\":\"fr-CH\"},{\"@type\":\"Person\",\"@id\":\"https:\/\/www.mobilimariani.com\/#\/schema\/person\/4685d9f51269134e53f988c9122315f4\",\"name\":\"14m4rC008\",\"image\":{\"@type\":\"ImageObject\",\"@id\":\"https:\/\/www.mobilimariani.com\/#personlogo\",\"inLanguage\":\"fr-CH\",\"url\":\"https:\/\/secure.gravatar.com\/avatar\/dfaa6e536fec7030712cf850e9ddef45?s=96&d=mm&r=g\",\"contentUrl\":\"https:\/\/secure.gravatar.com\/avatar\/dfaa6e536fec7030712cf850e9ddef45?s=96&d=mm&r=g\",\"caption\":\"14m4rC008\"}}]}<\/script>\n<!-- \/ Yoast SEO plugin. -->","_links":{"self":[{"href":"https:\/\/www.mobilimariani.com\/fr\/wp-json\/wp\/v2\/posts\/26566"}],"collection":[{"href":"https:\/\/www.mobilimariani.com\/fr\/wp-json\/wp\/v2\/posts"}],"about":[{"href":"https:\/\/www.mobilimariani.com\/fr\/wp-json\/wp\/v2\/types\/post"}],"author":[{"embeddable":true,"href":"https:\/\/www.mobilimariani.com\/fr\/wp-json\/wp\/v2\/users\/1"}],"replies":[{"embeddable":true,"href":"https:\/\/www.mobilimariani.com\/fr\/wp-json\/wp\/v2\/comments?post=26566"}],"version-history":[{"count":2,"href":"https:\/\/www.mobilimariani.com\/fr\/wp-json\/wp\/v2\/posts\/26566\/revisions"}],"predecessor-version":[{"id":26568,"href":"https:\/\/www.mobilimariani.com\/fr\/wp-json\/wp\/v2\/posts\/26566\/revisions\/26568"}],"wp:featuredmedia":[{"embeddable":true,"href":"https:\/\/www.mobilimariani.com\/fr\/wp-json\/wp\/v2\/media\/26555"}],"wp:attachment":[{"href":"https:\/\/www.mobilimariani.com\/fr\/wp-json\/wp\/v2\/media?parent=26566"}],"wp:term":[{"taxonomy":"category","embeddable":true,"href":"https:\/\/www.mobilimariani.com\/fr\/wp-json\/wp\/v2\/categories?post=26566"},{"taxonomy":"post_tag","embeddable":true,"href":"https:\/\/www.mobilimariani.com\/fr\/wp-json\/wp\/v2\/tags?post=26566"}],"curies":[{"name":"wp","href":"https:\/\/api.w.org\/{rel}","templated":true}]}}