{"id":26541,"date":"2021-02-13T15:46:27","date_gmt":"2021-02-13T14:46:27","guid":{"rendered":"https:\/\/www.mobilimariani.com\/?p=26541"},"modified":"2021-02-13T15:46:29","modified_gmt":"2021-02-13T14:46:29","slug":"saba-petite-table-hexa","status":"publish","type":"post","link":"https:\/\/www.mobilimariani.com\/fr\/saba-petite-table-hexa\/","title":{"rendered":"SABA PETITE TABLE HEXA"},"content":{"rendered":"\n<p>SABA PETITE TABLE HEXA<\/p>\n\n\n\n<p>Le projet s&#8217;inspire de la m\u00e9moire, r\u00e9cup\u00e9rant des formes simples et iconiques qui appartiennent au pass\u00e9. L&#8217;\u00e9l\u00e9ment central de la collection est le montant de section hexagonale utilis\u00e9 dans le<br>b\u00e2timent qui dans ce contexte est interpr\u00e9t\u00e9 comme une articulation sur laquelle le pied s&#8217;attache perpendiculairement, reprise stylistique \u00e9galement rappelant le mobilier des ann\u00e9es 1950. La base de la table est en m\u00e9tal \u00e9tir\u00e9 peint.<\/p>\n\n\n\n<p>Top: Noce Canaletto, Marmo Carrara, Marmo Emperador Dark oppure Marmo Noir Antique<\/p>\n\n\n\n<p>Pour d\u00e9couvrir la marque Saba<a href=\"https:\/\/www.mobilimariani.com\/fr\/distributeur-saba\/\">&nbsp;cliquez ici<\/a><\/p>\n\n\n\n<p>Pour d\u00e9couvrir le catalogue de toutes nos Tables Basse&nbsp;<a href=\"https:\/\/www.mobilimariani.com\/fr\/search\/table+basse\">cliquez ici<\/a><\/p>\n\n\n\n<p>Vous voulez conna\u00eetre notre meilleur prix pour cet article?&nbsp;<a href=\"https:\/\/www.mobilimariani.com\/fr\/contacts\/\">Cliquez ici<\/a>&nbsp;et envoyez-nous la demande<\/p>\n\n\n\n<p>Signale le lieu de livraison, nous livrons dans toute l\u2019Europe et o\u00f9 que tu sois.<\/p>\n\n\n\n<p>Pour nos clients suisses, il sera d\u00e9duit l\u2019I.V.A. italienne<strong>.<\/strong><\/p>\n","protected":false},"excerpt":{"rendered":"SABA PETITE TABLE HEXA Le projet s&#8217;inspire de la m\u00e9moire, r\u00e9cup\u00e9rant des formes simples et iconiques qui appartiennent au pass\u00e9. L&#8217;\u00e9l\u00e9ment central de la collection est le montant de section hexagonale utilis\u00e9 dans leb\u00e2timent qui dans ce contexte est interpr\u00e9t\u00e9 comme une articulation sur laquelle le pied s&#8217;attache perpendiculairement, reprise stylistique \u00e9galement rappelant le mobilier&#8230; <a class=\"view-article\" href=\"https:\/\/www.mobilimariani.com\/fr\/saba-petite-table-hexa\/\">Voir l&#8217;article<\/a>","protected":false},"author":1,"featured_media":26529,"comment_status":"closed","ping_status":"closed","sticky":false,"template":"","format":"standard","meta":[],"categories":[18,1],"tags":[],"yoast_head":"<!-- This site is optimized with the Yoast SEO plugin v16.2 - https:\/\/yoast.com\/wordpress\/plugins\/seo\/ -->\n<meta name=\"description\" content=\"SABA PETITE TABLE HEXA Le projet s&#039;inspire de la m\u00e9moire, r\u00e9cup\u00e9rant des formes simples et iconiques qui appartiennent au pass\u00e9. L&#039;\u00e9l\u00e9ment central de la\" \/>\n<meta name=\"robots\" content=\"index, follow, max-snippet:-1, max-image-preview:large, max-video-preview:-1\" \/>\n<link rel=\"canonical\" href=\"https:\/\/www.mobilimariani.com\/fr\/saba-petite-table-hexa\/\" \/>\n<meta property=\"og:locale\" content=\"fr_FR\" \/>\n<meta property=\"og:type\" content=\"article\" \/>\n<meta property=\"og:title\" content=\"SABA PETITE TABLE HEXA | Mobili Mariani\" \/>\n<meta property=\"og:description\" content=\"SABA PETITE TABLE HEXA Le projet s&#039;inspire de la m\u00e9moire, r\u00e9cup\u00e9rant des formes simples et iconiques qui appartiennent au pass\u00e9. L&#039;\u00e9l\u00e9ment central de la\" \/>\n<meta property=\"og:url\" content=\"https:\/\/www.mobilimariani.com\/fr\/saba-petite-table-hexa\/\" \/>\n<meta property=\"og:site_name\" content=\"Mobili Mariani\" \/>\n<meta property=\"article:published_time\" content=\"2021-02-13T14:46:27+00:00\" \/>\n<meta property=\"article:modified_time\" content=\"2021-02-13T14:46:29+00:00\" \/>\n<meta property=\"og:image\" content=\"https:\/\/www.mobilimariani.com\/wp-content\/uploads\/2021\/02\/2-2.jpg\" \/>\n\t<meta property=\"og:image:width\" content=\"625\" \/>\n\t<meta property=\"og:image:height\" content=\"805\" \/>\n<meta name=\"twitter:label1\" content=\"Est. reading time\">\n\t<meta name=\"twitter:data1\" content=\"1 minute\">\n<script type=\"application\/ld+json\" class=\"yoast-schema-graph\">{\"@context\":\"https:\/\/schema.org\",\"@graph\":[{\"@type\":\"Organization\",\"@id\":\"https:\/\/www.mobilimariani.com\/#organization\",\"name\":\"Mobili Mariani\",\"url\":\"https:\/\/www.mobilimariani.com\/\",\"sameAs\":[],\"logo\":{\"@type\":\"ImageObject\",\"@id\":\"https:\/\/www.mobilimariani.com\/#logo\",\"inLanguage\":\"fr-CH\",\"url\":\"https:\/\/www.mobilimariani.com\/wp-content\/uploads\/2015\/12\/logo.png\",\"contentUrl\":\"https:\/\/www.mobilimariani.com\/wp-content\/uploads\/2015\/12\/logo.png\",\"width\":160,\"height\":110,\"caption\":\"Mobili Mariani\"},\"image\":{\"@id\":\"https:\/\/www.mobilimariani.com\/#logo\"}},{\"@type\":\"WebSite\",\"@id\":\"https:\/\/www.mobilimariani.com\/#website\",\"url\":\"https:\/\/www.mobilimariani.com\/\",\"name\":\"Mobili Mariani\",\"description\":\"Mobili Italia Svizzera\",\"publisher\":{\"@id\":\"https:\/\/www.mobilimariani.com\/#organization\"},\"potentialAction\":[{\"@type\":\"SearchAction\",\"target\":\"https:\/\/www.mobilimariani.com\/?s={search_term_string}\",\"query-input\":\"required name=search_term_string\"}],\"inLanguage\":\"fr-CH\"},{\"@type\":\"ImageObject\",\"@id\":\"https:\/\/www.mobilimariani.com\/fr\/saba-petite-table-hexa\/#primaryimage\",\"inLanguage\":\"fr-CH\",\"url\":\"https:\/\/www.mobilimariani.com\/wp-content\/uploads\/2021\/02\/2-2.jpg\",\"contentUrl\":\"https:\/\/www.mobilimariani.com\/wp-content\/uploads\/2021\/02\/2-2.jpg\",\"width\":625,\"height\":805,\"caption\":\"SABA TAVOLINO HEXA\"},{\"@type\":\"WebPage\",\"@id\":\"https:\/\/www.mobilimariani.com\/fr\/saba-petite-table-hexa\/#webpage\",\"url\":\"https:\/\/www.mobilimariani.com\/fr\/saba-petite-table-hexa\/\",\"name\":\"SABA PETITE TABLE HEXA | Mobili Mariani\",\"isPartOf\":{\"@id\":\"https:\/\/www.mobilimariani.com\/#website\"},\"primaryImageOfPage\":{\"@id\":\"https:\/\/www.mobilimariani.com\/fr\/saba-petite-table-hexa\/#primaryimage\"},\"datePublished\":\"2021-02-13T14:46:27+00:00\",\"dateModified\":\"2021-02-13T14:46:29+00:00\",\"description\":\"SABA PETITE TABLE HEXA Le projet s'inspire de la m\\u00e9moire, r\\u00e9cup\\u00e9rant des formes simples et iconiques qui appartiennent au pass\\u00e9. L'\\u00e9l\\u00e9ment central de la\",\"breadcrumb\":{\"@id\":\"https:\/\/www.mobilimariani.com\/fr\/saba-petite-table-hexa\/#breadcrumb\"},\"inLanguage\":\"fr-CH\",\"potentialAction\":[{\"@type\":\"ReadAction\",\"target\":[\"https:\/\/www.mobilimariani.com\/fr\/saba-petite-table-hexa\/\"]}]},{\"@type\":\"BreadcrumbList\",\"@id\":\"https:\/\/www.mobilimariani.com\/fr\/saba-petite-table-hexa\/#breadcrumb\",\"itemListElement\":[{\"@type\":\"ListItem\",\"position\":1,\"item\":{\"@type\":\"WebPage\",\"@id\":\"https:\/\/www.mobilimariani.com\/\",\"url\":\"https:\/\/www.mobilimariani.com\/\",\"name\":\"Home\"}},{\"@type\":\"ListItem\",\"position\":2,\"item\":{\"@id\":\"https:\/\/www.mobilimariani.com\/fr\/saba-petite-table-hexa\/#webpage\"}}]},{\"@type\":\"Article\",\"@id\":\"https:\/\/www.mobilimariani.com\/fr\/saba-petite-table-hexa\/#article\",\"isPartOf\":{\"@id\":\"https:\/\/www.mobilimariani.com\/fr\/saba-petite-table-hexa\/#webpage\"},\"author\":{\"@id\":\"https:\/\/www.mobilimariani.com\/#\/schema\/person\/4685d9f51269134e53f988c9122315f4\"},\"headline\":\"SABA PETITE TABLE HEXA\",\"datePublished\":\"2021-02-13T14:46:27+00:00\",\"dateModified\":\"2021-02-13T14:46:29+00:00\",\"mainEntityOfPage\":{\"@id\":\"https:\/\/www.mobilimariani.com\/fr\/saba-petite-table-hexa\/#webpage\"},\"publisher\":{\"@id\":\"https:\/\/www.mobilimariani.com\/#organization\"},\"image\":{\"@id\":\"https:\/\/www.mobilimariani.com\/fr\/saba-petite-table-hexa\/#primaryimage\"},\"articleSection\":[\"Autre\",\"Catalogue\"],\"inLanguage\":\"fr-CH\"},{\"@type\":\"Person\",\"@id\":\"https:\/\/www.mobilimariani.com\/#\/schema\/person\/4685d9f51269134e53f988c9122315f4\",\"name\":\"14m4rC008\",\"image\":{\"@type\":\"ImageObject\",\"@id\":\"https:\/\/www.mobilimariani.com\/#personlogo\",\"inLanguage\":\"fr-CH\",\"url\":\"https:\/\/secure.gravatar.com\/avatar\/dfaa6e536fec7030712cf850e9ddef45?s=96&d=mm&r=g\",\"contentUrl\":\"https:\/\/secure.gravatar.com\/avatar\/dfaa6e536fec7030712cf850e9ddef45?s=96&d=mm&r=g\",\"caption\":\"14m4rC008\"}}]}<\/script>\n<!-- \/ Yoast SEO plugin. -->","_links":{"self":[{"href":"https:\/\/www.mobilimariani.com\/fr\/wp-json\/wp\/v2\/posts\/26541"}],"collection":[{"href":"https:\/\/www.mobilimariani.com\/fr\/wp-json\/wp\/v2\/posts"}],"about":[{"href":"https:\/\/www.mobilimariani.com\/fr\/wp-json\/wp\/v2\/types\/post"}],"author":[{"embeddable":true,"href":"https:\/\/www.mobilimariani.com\/fr\/wp-json\/wp\/v2\/users\/1"}],"replies":[{"embeddable":true,"href":"https:\/\/www.mobilimariani.com\/fr\/wp-json\/wp\/v2\/comments?post=26541"}],"version-history":[{"count":1,"href":"https:\/\/www.mobilimariani.com\/fr\/wp-json\/wp\/v2\/posts\/26541\/revisions"}],"predecessor-version":[{"id":26542,"href":"https:\/\/www.mobilimariani.com\/fr\/wp-json\/wp\/v2\/posts\/26541\/revisions\/26542"}],"wp:featuredmedia":[{"embeddable":true,"href":"https:\/\/www.mobilimariani.com\/fr\/wp-json\/wp\/v2\/media\/26529"}],"wp:attachment":[{"href":"https:\/\/www.mobilimariani.com\/fr\/wp-json\/wp\/v2\/media?parent=26541"}],"wp:term":[{"taxonomy":"category","embeddable":true,"href":"https:\/\/www.mobilimariani.com\/fr\/wp-json\/wp\/v2\/categories?post=26541"},{"taxonomy":"post_tag","embeddable":true,"href":"https:\/\/www.mobilimariani.com\/fr\/wp-json\/wp\/v2\/tags?post=26541"}],"curies":[{"name":"wp","href":"https:\/\/api.w.org\/{rel}","templated":true}]}}