{"id":26526,"date":"2021-02-13T11:57:10","date_gmt":"2021-02-13T10:57:10","guid":{"rendered":"https:\/\/www.mobilimariani.com\/?p=26526"},"modified":"2021-02-13T11:57:12","modified_gmt":"2021-02-13T10:57:12","slug":"tonelli-table-basse-bakkarat","status":"publish","type":"post","link":"https:\/\/www.mobilimariani.com\/fr\/tonelli-table-basse-bakkarat\/","title":{"rendered":"TONELLI TABLE BASSE BAKKARAT"},"content":{"rendered":"\n<p>TONELLI TABLE BASSE BAKKARAT<\/p>\n\n\n\n<p>L&#8217;\u00e9clair de cristal \u00e9clate dans la table, devenant sa structure de support.<br>Pr\u00e9alablement d\u00e9coup\u00e9, puis rectifi\u00e9 et enfin coll\u00e9 avec une pr\u00e9cision minutieuse, le fragment offre un kal\u00e9idoscope de r\u00e9fractions. Structure avec dessus en verre extra-clair, pied en verre et base en m\u00e9tal et miroir. Disponible en deux hauteurs.<\/p>\n\n\n\n<p>Mesure:<\/p>\n\n\n\n<p>\u00d850 x h 45 cm<br>\u00d860 x h 45 cm<br>\u00d850 x h 65 cm<br>\u00d860 x h 65 cm<\/p>\n\n\n\n<p>\u00c9paisseur: 10\/20 mm.<\/p>\n\n\n\n<p>Capacit\u00e9: 20 kg<\/p>\n\n\n\n<p>Pour d\u00e9couvrir la marque Tonelli&nbsp;<a href=\"https:\/\/www.mobilimariani.com\/fr\/concessionnaire-tonelli\/\">cliquer ici<\/a><\/p>\n\n\n\n<p>Pour d\u00e9couvrir le catalogue de toutes nos Tables Basse&nbsp;<a href=\"https:\/\/www.mobilimariani.com\/fr\/search\/table+basse\">cliquez ici<\/a><\/p>\n\n\n\n<p>Vous voulez conna\u00eetre notre meilleur prix pour cet article?&nbsp;<a href=\"https:\/\/www.mobilimariani.com\/fr\/contacts\/\">Cliquez ici<\/a>&nbsp;et envoyez-nous la demande<\/p>\n\n\n\n<p>Signale le lieu de livraison, nous livrons dans toute l\u2019Europe et o\u00f9 que tu sois.<\/p>\n\n\n\n<p><strong>Pour nos clients suisses, il sera d\u00e9duit l\u2019I.V.A. italienne \u00e0 hauteur de 22%.<\/strong><\/p>\n\n\n\n<p><\/p>\n","protected":false},"excerpt":{"rendered":"TONELLI TABLE BASSE BAKKARAT L&#8217;\u00e9clair de cristal \u00e9clate dans la table, devenant sa structure de support.Pr\u00e9alablement d\u00e9coup\u00e9, puis rectifi\u00e9 et enfin coll\u00e9 avec une pr\u00e9cision minutieuse, le fragment offre un kal\u00e9idoscope de r\u00e9fractions. Structure avec dessus en verre extra-clair, pied en verre et base en m\u00e9tal et miroir. Disponible en deux hauteurs. Mesure: \u00d850 x&#8230; <a class=\"view-article\" href=\"https:\/\/www.mobilimariani.com\/fr\/tonelli-table-basse-bakkarat\/\">Voir l&#8217;article<\/a>","protected":false},"author":1,"featured_media":26516,"comment_status":"closed","ping_status":"closed","sticky":false,"template":"","format":"standard","meta":[],"categories":[18,1],"tags":[],"yoast_head":"<!-- This site is optimized with the Yoast SEO plugin v16.2 - https:\/\/yoast.com\/wordpress\/plugins\/seo\/ -->\n<meta name=\"description\" content=\"TONELLI TABLE BASSE BAKKARAT L&#039;\u00e9clair de cristal \u00e9clate dans la table, devenant sa structure de support.Pr\u00e9alablement d\u00e9coup\u00e9, puis rectifi\u00e9 et enfin\" \/>\n<meta name=\"robots\" content=\"index, follow, max-snippet:-1, max-image-preview:large, max-video-preview:-1\" \/>\n<link rel=\"canonical\" href=\"https:\/\/www.mobilimariani.com\/fr\/tonelli-table-basse-bakkarat\/\" \/>\n<meta property=\"og:locale\" content=\"fr_FR\" \/>\n<meta property=\"og:type\" content=\"article\" \/>\n<meta property=\"og:title\" content=\"TONELLI TABLE BASSE BAKKARAT | Mobili Mariani\" \/>\n<meta property=\"og:description\" content=\"TONELLI TABLE BASSE BAKKARAT L&#039;\u00e9clair de cristal \u00e9clate dans la table, devenant sa structure de support.Pr\u00e9alablement d\u00e9coup\u00e9, puis rectifi\u00e9 et enfin\" \/>\n<meta property=\"og:url\" content=\"https:\/\/www.mobilimariani.com\/fr\/tonelli-table-basse-bakkarat\/\" \/>\n<meta property=\"og:site_name\" content=\"Mobili Mariani\" \/>\n<meta property=\"article:published_time\" content=\"2021-02-13T10:57:10+00:00\" \/>\n<meta property=\"article:modified_time\" content=\"2021-02-13T10:57:12+00:00\" \/>\n<meta property=\"og:image\" content=\"https:\/\/www.mobilimariani.com\/wp-content\/uploads\/2021\/02\/1-1.jpg\" \/>\n\t<meta property=\"og:image:width\" content=\"835\" \/>\n\t<meta property=\"og:image:height\" content=\"590\" \/>\n<meta name=\"twitter:label1\" content=\"Est. reading time\">\n\t<meta name=\"twitter:data1\" content=\"1 minute\">\n<script type=\"application\/ld+json\" class=\"yoast-schema-graph\">{\"@context\":\"https:\/\/schema.org\",\"@graph\":[{\"@type\":\"Organization\",\"@id\":\"https:\/\/www.mobilimariani.com\/#organization\",\"name\":\"Mobili Mariani\",\"url\":\"https:\/\/www.mobilimariani.com\/\",\"sameAs\":[],\"logo\":{\"@type\":\"ImageObject\",\"@id\":\"https:\/\/www.mobilimariani.com\/#logo\",\"inLanguage\":\"fr-CH\",\"url\":\"https:\/\/www.mobilimariani.com\/wp-content\/uploads\/2015\/12\/logo.png\",\"contentUrl\":\"https:\/\/www.mobilimariani.com\/wp-content\/uploads\/2015\/12\/logo.png\",\"width\":160,\"height\":110,\"caption\":\"Mobili Mariani\"},\"image\":{\"@id\":\"https:\/\/www.mobilimariani.com\/#logo\"}},{\"@type\":\"WebSite\",\"@id\":\"https:\/\/www.mobilimariani.com\/#website\",\"url\":\"https:\/\/www.mobilimariani.com\/\",\"name\":\"Mobili Mariani\",\"description\":\"Mobili Italia Svizzera\",\"publisher\":{\"@id\":\"https:\/\/www.mobilimariani.com\/#organization\"},\"potentialAction\":[{\"@type\":\"SearchAction\",\"target\":\"https:\/\/www.mobilimariani.com\/?s={search_term_string}\",\"query-input\":\"required name=search_term_string\"}],\"inLanguage\":\"fr-CH\"},{\"@type\":\"ImageObject\",\"@id\":\"https:\/\/www.mobilimariani.com\/fr\/tonelli-table-basse-bakkarat\/#primaryimage\",\"inLanguage\":\"fr-CH\",\"url\":\"https:\/\/www.mobilimariani.com\/wp-content\/uploads\/2021\/02\/1-1.jpg\",\"contentUrl\":\"https:\/\/www.mobilimariani.com\/wp-content\/uploads\/2021\/02\/1-1.jpg\",\"width\":835,\"height\":590,\"caption\":\"TONELLI TAVOLINO BAKKARAT\"},{\"@type\":\"WebPage\",\"@id\":\"https:\/\/www.mobilimariani.com\/fr\/tonelli-table-basse-bakkarat\/#webpage\",\"url\":\"https:\/\/www.mobilimariani.com\/fr\/tonelli-table-basse-bakkarat\/\",\"name\":\"TONELLI TABLE BASSE BAKKARAT | Mobili Mariani\",\"isPartOf\":{\"@id\":\"https:\/\/www.mobilimariani.com\/#website\"},\"primaryImageOfPage\":{\"@id\":\"https:\/\/www.mobilimariani.com\/fr\/tonelli-table-basse-bakkarat\/#primaryimage\"},\"datePublished\":\"2021-02-13T10:57:10+00:00\",\"dateModified\":\"2021-02-13T10:57:12+00:00\",\"description\":\"TONELLI TABLE BASSE BAKKARAT L'\\u00e9clair de cristal \\u00e9clate dans la table, devenant sa structure de support.Pr\\u00e9alablement d\\u00e9coup\\u00e9, puis rectifi\\u00e9 et enfin\",\"breadcrumb\":{\"@id\":\"https:\/\/www.mobilimariani.com\/fr\/tonelli-table-basse-bakkarat\/#breadcrumb\"},\"inLanguage\":\"fr-CH\",\"potentialAction\":[{\"@type\":\"ReadAction\",\"target\":[\"https:\/\/www.mobilimariani.com\/fr\/tonelli-table-basse-bakkarat\/\"]}]},{\"@type\":\"BreadcrumbList\",\"@id\":\"https:\/\/www.mobilimariani.com\/fr\/tonelli-table-basse-bakkarat\/#breadcrumb\",\"itemListElement\":[{\"@type\":\"ListItem\",\"position\":1,\"item\":{\"@type\":\"WebPage\",\"@id\":\"https:\/\/www.mobilimariani.com\/\",\"url\":\"https:\/\/www.mobilimariani.com\/\",\"name\":\"Home\"}},{\"@type\":\"ListItem\",\"position\":2,\"item\":{\"@id\":\"https:\/\/www.mobilimariani.com\/fr\/tonelli-table-basse-bakkarat\/#webpage\"}}]},{\"@type\":\"Article\",\"@id\":\"https:\/\/www.mobilimariani.com\/fr\/tonelli-table-basse-bakkarat\/#article\",\"isPartOf\":{\"@id\":\"https:\/\/www.mobilimariani.com\/fr\/tonelli-table-basse-bakkarat\/#webpage\"},\"author\":{\"@id\":\"https:\/\/www.mobilimariani.com\/#\/schema\/person\/4685d9f51269134e53f988c9122315f4\"},\"headline\":\"TONELLI TABLE BASSE BAKKARAT\",\"datePublished\":\"2021-02-13T10:57:10+00:00\",\"dateModified\":\"2021-02-13T10:57:12+00:00\",\"mainEntityOfPage\":{\"@id\":\"https:\/\/www.mobilimariani.com\/fr\/tonelli-table-basse-bakkarat\/#webpage\"},\"publisher\":{\"@id\":\"https:\/\/www.mobilimariani.com\/#organization\"},\"image\":{\"@id\":\"https:\/\/www.mobilimariani.com\/fr\/tonelli-table-basse-bakkarat\/#primaryimage\"},\"articleSection\":[\"Autre\",\"Catalogue\"],\"inLanguage\":\"fr-CH\"},{\"@type\":\"Person\",\"@id\":\"https:\/\/www.mobilimariani.com\/#\/schema\/person\/4685d9f51269134e53f988c9122315f4\",\"name\":\"14m4rC008\",\"image\":{\"@type\":\"ImageObject\",\"@id\":\"https:\/\/www.mobilimariani.com\/#personlogo\",\"inLanguage\":\"fr-CH\",\"url\":\"https:\/\/secure.gravatar.com\/avatar\/dfaa6e536fec7030712cf850e9ddef45?s=96&d=mm&r=g\",\"contentUrl\":\"https:\/\/secure.gravatar.com\/avatar\/dfaa6e536fec7030712cf850e9ddef45?s=96&d=mm&r=g\",\"caption\":\"14m4rC008\"}}]}<\/script>\n<!-- \/ Yoast SEO plugin. -->","_links":{"self":[{"href":"https:\/\/www.mobilimariani.com\/fr\/wp-json\/wp\/v2\/posts\/26526"}],"collection":[{"href":"https:\/\/www.mobilimariani.com\/fr\/wp-json\/wp\/v2\/posts"}],"about":[{"href":"https:\/\/www.mobilimariani.com\/fr\/wp-json\/wp\/v2\/types\/post"}],"author":[{"embeddable":true,"href":"https:\/\/www.mobilimariani.com\/fr\/wp-json\/wp\/v2\/users\/1"}],"replies":[{"embeddable":true,"href":"https:\/\/www.mobilimariani.com\/fr\/wp-json\/wp\/v2\/comments?post=26526"}],"version-history":[{"count":1,"href":"https:\/\/www.mobilimariani.com\/fr\/wp-json\/wp\/v2\/posts\/26526\/revisions"}],"predecessor-version":[{"id":26527,"href":"https:\/\/www.mobilimariani.com\/fr\/wp-json\/wp\/v2\/posts\/26526\/revisions\/26527"}],"wp:featuredmedia":[{"embeddable":true,"href":"https:\/\/www.mobilimariani.com\/fr\/wp-json\/wp\/v2\/media\/26516"}],"wp:attachment":[{"href":"https:\/\/www.mobilimariani.com\/fr\/wp-json\/wp\/v2\/media?parent=26526"}],"wp:term":[{"taxonomy":"category","embeddable":true,"href":"https:\/\/www.mobilimariani.com\/fr\/wp-json\/wp\/v2\/categories?post=26526"},{"taxonomy":"post_tag","embeddable":true,"href":"https:\/\/www.mobilimariani.com\/fr\/wp-json\/wp\/v2\/tags?post=26526"}],"curies":[{"name":"wp","href":"https:\/\/api.w.org\/{rel}","templated":true}]}}