{"id":26466,"date":"2021-02-11T11:26:57","date_gmt":"2021-02-11T10:26:57","guid":{"rendered":"https:\/\/www.mobilimariani.com\/?p=26466"},"modified":"2021-05-15T16:55:28","modified_gmt":"2021-05-15T14:55:28","slug":"easyline-chaise-andre","status":"publish","type":"post","link":"https:\/\/www.mobilimariani.com\/fr\/easyline-chaise-andre\/","title":{"rendered":"EASYLINE CHAISE ANDR\u00c9"},"content":{"rendered":"\r\n<p>EASYLINE CHAISE ANDR\u00c9<\/p>\r\n\r\n\r\n\r\n<p>Petit fauteuil avec assise rembourr\u00e9e et enveloppante en cuir \u00e9cologique, coutures assorties. Pieds courb\u00e9s en m\u00e9tal peint \u00e0 section ronde.<\/p>\r\n\r\n\r\n\r\n<p>Pour d\u00e9couvrir la marque Easyline\u00a0<a href=\"https:\/\/www.mobilimariani.com\/fr\/concessionaire-easyline\/\">cliquez ici<\/a><\/p>\r\n<p>Pour voir toutes nos chaises <a href=\"https:\/\/www.mobilimariani.com\/fr\/search\/chaise\">cliquez ici<\/a><\/p>\r\n\r\n\r\n\r\n<p>Vous voulez conna\u00eetre notre meilleur prix pour cet article?\u00a0<a href=\"https:\/\/www.mobilimariani.com\/fr\/contacts\/\">Cliquez ici<\/a>\u00a0et envoyez-nous la demande<\/p>\r\n\r\n\r\n\r\n<p>Signale le lieu de livraison.<\/p>\r\n\r\n\r\n\r\n<p>Nous livrons dans toute l\u2019Europe et o\u00f9 que tu sois.<\/p>\r\n\r\n\r\n\r\n<p>Pour nos clients suisses, il sera d\u00e9duit l\u2019I.V.A. italienne<\/p>\r\n","protected":false},"excerpt":{"rendered":"EASYLINE CHAISE ANDR\u00c9 Petit fauteuil avec assise rembourr\u00e9e et enveloppante en cuir \u00e9cologique, coutures assorties. Pieds courb\u00e9s en m\u00e9tal peint \u00e0 section ronde. Pour d\u00e9couvrir la marque Easyline\u00a0cliquez ici Pour voir toutes nos chaises cliquez ici Vous voulez conna\u00eetre notre meilleur prix pour cet article?\u00a0Cliquez ici\u00a0et envoyez-nous la demande Signale le lieu de livraison. Nous&#8230; <a class=\"view-article\" href=\"https:\/\/www.mobilimariani.com\/fr\/easyline-chaise-andre\/\">Voir l&#8217;article<\/a>","protected":false},"author":1,"featured_media":26456,"comment_status":"closed","ping_status":"closed","sticky":false,"template":"","format":"standard","meta":[],"categories":[1,16,6],"tags":[],"yoast_head":"<!-- This site is optimized with the Yoast SEO plugin v16.2 - https:\/\/yoast.com\/wordpress\/plugins\/seo\/ -->\n<meta name=\"description\" content=\"EASYLINE CHAISE ANDR\u00c9 Petit fauteuil avec assise rembourr\u00e9e et enveloppante en cuir \u00e9cologique, coutures assorties. Pieds courb\u00e9s en m\u00e9tal peint \u00e0 section\" \/>\n<meta name=\"robots\" content=\"index, follow, max-snippet:-1, max-image-preview:large, max-video-preview:-1\" \/>\n<link rel=\"canonical\" href=\"https:\/\/www.mobilimariani.com\/fr\/easyline-chaise-andre\/\" \/>\n<meta property=\"og:locale\" content=\"fr_FR\" \/>\n<meta property=\"og:type\" content=\"article\" \/>\n<meta property=\"og:title\" content=\"EASYLINE CHAISE ANDR\u00c9 | Mobili Mariani\" \/>\n<meta property=\"og:description\" content=\"EASYLINE CHAISE ANDR\u00c9 Petit fauteuil avec assise rembourr\u00e9e et enveloppante en cuir \u00e9cologique, coutures assorties. Pieds courb\u00e9s en m\u00e9tal peint \u00e0 section\" \/>\n<meta property=\"og:url\" content=\"https:\/\/www.mobilimariani.com\/fr\/easyline-chaise-andre\/\" \/>\n<meta property=\"og:site_name\" content=\"Mobili Mariani\" \/>\n<meta property=\"article:published_time\" content=\"2021-02-11T10:26:57+00:00\" \/>\n<meta property=\"article:modified_time\" content=\"2021-05-15T14:55:28+00:00\" \/>\n<meta property=\"og:image\" content=\"https:\/\/www.mobilimariani.com\/wp-content\/uploads\/2021\/02\/0.jpg\" \/>\n\t<meta property=\"og:image:width\" content=\"758\" \/>\n\t<meta property=\"og:image:height\" content=\"742\" \/>\n<meta name=\"twitter:label1\" content=\"Est. reading time\">\n\t<meta name=\"twitter:data1\" content=\"1 minute\">\n<script type=\"application\/ld+json\" class=\"yoast-schema-graph\">{\"@context\":\"https:\/\/schema.org\",\"@graph\":[{\"@type\":\"Organization\",\"@id\":\"https:\/\/www.mobilimariani.com\/#organization\",\"name\":\"Mobili Mariani\",\"url\":\"https:\/\/www.mobilimariani.com\/\",\"sameAs\":[],\"logo\":{\"@type\":\"ImageObject\",\"@id\":\"https:\/\/www.mobilimariani.com\/#logo\",\"inLanguage\":\"fr-CH\",\"url\":\"https:\/\/www.mobilimariani.com\/wp-content\/uploads\/2015\/12\/logo.png\",\"contentUrl\":\"https:\/\/www.mobilimariani.com\/wp-content\/uploads\/2015\/12\/logo.png\",\"width\":160,\"height\":110,\"caption\":\"Mobili Mariani\"},\"image\":{\"@id\":\"https:\/\/www.mobilimariani.com\/#logo\"}},{\"@type\":\"WebSite\",\"@id\":\"https:\/\/www.mobilimariani.com\/#website\",\"url\":\"https:\/\/www.mobilimariani.com\/\",\"name\":\"Mobili Mariani\",\"description\":\"Mobili Italia Svizzera\",\"publisher\":{\"@id\":\"https:\/\/www.mobilimariani.com\/#organization\"},\"potentialAction\":[{\"@type\":\"SearchAction\",\"target\":\"https:\/\/www.mobilimariani.com\/?s={search_term_string}\",\"query-input\":\"required name=search_term_string\"}],\"inLanguage\":\"fr-CH\"},{\"@type\":\"ImageObject\",\"@id\":\"https:\/\/www.mobilimariani.com\/fr\/easyline-chaise-andre\/#primaryimage\",\"inLanguage\":\"fr-CH\",\"url\":\"https:\/\/www.mobilimariani.com\/wp-content\/uploads\/2021\/02\/0.jpg\",\"contentUrl\":\"https:\/\/www.mobilimariani.com\/wp-content\/uploads\/2021\/02\/0.jpg\",\"width\":758,\"height\":742,\"caption\":\"EASYLINE SEDIA ANDR\\u00c9\"},{\"@type\":\"WebPage\",\"@id\":\"https:\/\/www.mobilimariani.com\/fr\/easyline-chaise-andre\/#webpage\",\"url\":\"https:\/\/www.mobilimariani.com\/fr\/easyline-chaise-andre\/\",\"name\":\"EASYLINE CHAISE ANDR\\u00c9 | Mobili Mariani\",\"isPartOf\":{\"@id\":\"https:\/\/www.mobilimariani.com\/#website\"},\"primaryImageOfPage\":{\"@id\":\"https:\/\/www.mobilimariani.com\/fr\/easyline-chaise-andre\/#primaryimage\"},\"datePublished\":\"2021-02-11T10:26:57+00:00\",\"dateModified\":\"2021-05-15T14:55:28+00:00\",\"description\":\"EASYLINE CHAISE ANDR\\u00c9 Petit fauteuil avec assise rembourr\\u00e9e et enveloppante en cuir \\u00e9cologique, coutures assorties. Pieds courb\\u00e9s en m\\u00e9tal peint \\u00e0 section\",\"breadcrumb\":{\"@id\":\"https:\/\/www.mobilimariani.com\/fr\/easyline-chaise-andre\/#breadcrumb\"},\"inLanguage\":\"fr-CH\",\"potentialAction\":[{\"@type\":\"ReadAction\",\"target\":[\"https:\/\/www.mobilimariani.com\/fr\/easyline-chaise-andre\/\"]}]},{\"@type\":\"BreadcrumbList\",\"@id\":\"https:\/\/www.mobilimariani.com\/fr\/easyline-chaise-andre\/#breadcrumb\",\"itemListElement\":[{\"@type\":\"ListItem\",\"position\":1,\"item\":{\"@type\":\"WebPage\",\"@id\":\"https:\/\/www.mobilimariani.com\/\",\"url\":\"https:\/\/www.mobilimariani.com\/\",\"name\":\"Home\"}},{\"@type\":\"ListItem\",\"position\":2,\"item\":{\"@id\":\"https:\/\/www.mobilimariani.com\/fr\/easyline-chaise-andre\/#webpage\"}}]},{\"@type\":\"Article\",\"@id\":\"https:\/\/www.mobilimariani.com\/fr\/easyline-chaise-andre\/#article\",\"isPartOf\":{\"@id\":\"https:\/\/www.mobilimariani.com\/fr\/easyline-chaise-andre\/#webpage\"},\"author\":{\"@id\":\"https:\/\/www.mobilimariani.com\/#\/schema\/person\/4685d9f51269134e53f988c9122315f4\"},\"headline\":\"EASYLINE CHAISE ANDR\\u00c9\",\"datePublished\":\"2021-02-11T10:26:57+00:00\",\"dateModified\":\"2021-05-15T14:55:28+00:00\",\"mainEntityOfPage\":{\"@id\":\"https:\/\/www.mobilimariani.com\/fr\/easyline-chaise-andre\/#webpage\"},\"publisher\":{\"@id\":\"https:\/\/www.mobilimariani.com\/#organization\"},\"image\":{\"@id\":\"https:\/\/www.mobilimariani.com\/fr\/easyline-chaise-andre\/#primaryimage\"},\"articleSection\":[\"Catalogue\",\"Cuisines\",\"Salle jour\"],\"inLanguage\":\"fr-CH\"},{\"@type\":\"Person\",\"@id\":\"https:\/\/www.mobilimariani.com\/#\/schema\/person\/4685d9f51269134e53f988c9122315f4\",\"name\":\"14m4rC008\",\"image\":{\"@type\":\"ImageObject\",\"@id\":\"https:\/\/www.mobilimariani.com\/#personlogo\",\"inLanguage\":\"fr-CH\",\"url\":\"https:\/\/secure.gravatar.com\/avatar\/dfaa6e536fec7030712cf850e9ddef45?s=96&d=mm&r=g\",\"contentUrl\":\"https:\/\/secure.gravatar.com\/avatar\/dfaa6e536fec7030712cf850e9ddef45?s=96&d=mm&r=g\",\"caption\":\"14m4rC008\"}}]}<\/script>\n<!-- \/ Yoast SEO plugin. -->","_links":{"self":[{"href":"https:\/\/www.mobilimariani.com\/fr\/wp-json\/wp\/v2\/posts\/26466"}],"collection":[{"href":"https:\/\/www.mobilimariani.com\/fr\/wp-json\/wp\/v2\/posts"}],"about":[{"href":"https:\/\/www.mobilimariani.com\/fr\/wp-json\/wp\/v2\/types\/post"}],"author":[{"embeddable":true,"href":"https:\/\/www.mobilimariani.com\/fr\/wp-json\/wp\/v2\/users\/1"}],"replies":[{"embeddable":true,"href":"https:\/\/www.mobilimariani.com\/fr\/wp-json\/wp\/v2\/comments?post=26466"}],"version-history":[{"count":2,"href":"https:\/\/www.mobilimariani.com\/fr\/wp-json\/wp\/v2\/posts\/26466\/revisions"}],"predecessor-version":[{"id":26957,"href":"https:\/\/www.mobilimariani.com\/fr\/wp-json\/wp\/v2\/posts\/26466\/revisions\/26957"}],"wp:featuredmedia":[{"embeddable":true,"href":"https:\/\/www.mobilimariani.com\/fr\/wp-json\/wp\/v2\/media\/26456"}],"wp:attachment":[{"href":"https:\/\/www.mobilimariani.com\/fr\/wp-json\/wp\/v2\/media?parent=26466"}],"wp:term":[{"taxonomy":"category","embeddable":true,"href":"https:\/\/www.mobilimariani.com\/fr\/wp-json\/wp\/v2\/categories?post=26466"},{"taxonomy":"post_tag","embeddable":true,"href":"https:\/\/www.mobilimariani.com\/fr\/wp-json\/wp\/v2\/tags?post=26466"}],"curies":[{"name":"wp","href":"https:\/\/api.w.org\/{rel}","templated":true}]}}