{"id":26398,"date":"2021-02-04T18:24:35","date_gmt":"2021-02-04T17:24:35","guid":{"rendered":"https:\/\/www.mobilimariani.com\/?p=26398"},"modified":"2022-11-12T17:33:56","modified_gmt":"2022-11-12T16:33:56","slug":"ozzio-table-transformabile-su-e-giu","status":"publish","type":"post","link":"https:\/\/www.mobilimariani.com\/fr\/ozzio-table-transformabile-su-e-giu\/","title":{"rendered":"OZZIO TABLE TRANSFORMABILE SU E GIU&#8217;"},"content":{"rendered":"\r\n<p>OZZIO TABLE TRANSFORMABILE SU E GIU&#8217;<\/p>\r\n\r\n\r\n\r\n<p>Table basse qui devient une table \u00e0 manger, pour la premi\u00e8re fois enti\u00e8rement en bois. La base crois\u00e9e, r\u00e9glable au millim\u00e8tre pr\u00e8s \u00e0 toutes les hauteurs, s&#8217;harmonise avec le toit pliant extensible. Ce meuble exceptionnel est capable de se fondre compl\u00e8tement dans l&#8217;environnement de vie. En effet, le jeu de croix du socle \u00e9l\u00e9vateur cr\u00e9e une parfaite combinaison de design et d&#8217;efficacit\u00e9.<\/p>\r\n\r\n\r\n\r\n<p>Mesures: cm. 75 x 115 x 35 h \/ cm. 75 x 115 x 74 h \/ cm. 150 x 115 x 74 h<\/p>\r\n\r\n\r\n\r\n<figure class=\"wp-block-embed-youtube wp-block-embed is-type-video is-provider-youtube wp-embed-aspect-16-9 wp-has-aspect-ratio\">\r\n<div class=\"wp-block-embed__wrapper\">https:\/\/youtu.be\/bpYS5kERebc<\/div>\r\n<\/figure>\r\n\r\n\r\n\r\n<p>Pour d\u00e9couvrir la marque Ozzio\u00a0<a href=\"https:\/\/www.mobilimariani.com\/fr\/concessionnaire-ozzio-design-2\/\">cliquez ici<\/a><\/p>\r\n\r\n\r\n\r\n<p>Pour d\u00e9couvrir le catalogue de toutes nos Tables Transfomable\u00a0<a href=\"https:\/\/www.mobilimariani.com\/fr\/search\/TABLE+TRANSFORMABLE\">cliquez ici<\/a><\/p>\r\n\r\n\r\n\r\n<p>Pour d\u00e9couvrir le catalogue de toutes nos Tables Basse\u00a0<a href=\"https:\/\/www.mobilimariani.com\/fr\/search\/table+basse\">cliquez ici<\/a><\/p>\r\n\r\n\r\n\r\n<p>Vous voulez conna\u00eetre notre meilleur prix pour cet article?\u00a0<a href=\"https:\/\/www.mobilimariani.com\/fr\/contacts\/\">Cliquez ici<\/a>\u00a0et envoyez-nous la demande<\/p>\r\n\r\n\r\n\r\n<p>Pour nos clients suisses, il sera d\u00e9duit l\u2019I.V.A. italienne<strong>.<\/strong><\/p>\r\n\r\n\r\n\r\n<p>Signale le lieu de livraison, nous livrons dans toute l\u2019Europe et o\u00f9 que tu sois<\/p>\r\n\r\n\r\n\r\n<p>&nbsp;<\/p>\r\n","protected":false},"excerpt":{"rendered":"OZZIO TABLE TRANSFORMABILE SU E GIU&#8217; Table basse qui devient une table \u00e0 manger, pour la premi\u00e8re fois enti\u00e8rement en bois. La base crois\u00e9e, r\u00e9glable au millim\u00e8tre pr\u00e8s \u00e0 toutes les hauteurs, s&#8217;harmonise avec le toit pliant extensible. Ce meuble exceptionnel est capable de se fondre compl\u00e8tement dans l&#8217;environnement de vie. En effet, le jeu&#8230; <a class=\"view-article\" href=\"https:\/\/www.mobilimariani.com\/fr\/ozzio-table-transformabile-su-e-giu\/\">Voir l&#8217;article<\/a>","protected":false},"author":1,"featured_media":26387,"comment_status":"closed","ping_status":"closed","sticky":false,"template":"","format":"standard","meta":[],"categories":[18,1,6],"tags":[],"yoast_head":"<!-- This site is optimized with the Yoast SEO plugin v16.2 - https:\/\/yoast.com\/wordpress\/plugins\/seo\/ -->\n<meta name=\"description\" content=\"OZZIO TABLE TRANSFORMABILE SU E GIU&#039; Table basse qui devient une table \u00e0 manger, pour la premi\u00e8re fois enti\u00e8rement en bois. La base crois\u00e9e, r\u00e9glable au\" \/>\n<meta name=\"robots\" content=\"index, follow, max-snippet:-1, max-image-preview:large, max-video-preview:-1\" \/>\n<link rel=\"canonical\" href=\"https:\/\/www.mobilimariani.com\/fr\/ozzio-table-transformabile-su-e-giu\/\" \/>\n<meta property=\"og:locale\" content=\"fr_FR\" \/>\n<meta property=\"og:type\" content=\"article\" \/>\n<meta property=\"og:title\" content=\"OZZIO TABLE TRANSFORMABILE SU E GIU&#039; | Mobili Mariani\" \/>\n<meta property=\"og:description\" content=\"OZZIO TABLE TRANSFORMABILE SU E GIU&#039; Table basse qui devient une table \u00e0 manger, pour la premi\u00e8re fois enti\u00e8rement en bois. La base crois\u00e9e, r\u00e9glable au\" \/>\n<meta property=\"og:url\" content=\"https:\/\/www.mobilimariani.com\/fr\/ozzio-table-transformabile-su-e-giu\/\" \/>\n<meta property=\"og:site_name\" content=\"Mobili Mariani\" \/>\n<meta property=\"article:published_time\" content=\"2021-02-04T17:24:35+00:00\" \/>\n<meta property=\"article:modified_time\" content=\"2022-11-12T16:33:56+00:00\" \/>\n<meta property=\"og:image\" content=\"https:\/\/www.mobilimariani.com\/wp-content\/uploads\/2021\/02\/1.jpg\" \/>\n\t<meta property=\"og:image:width\" content=\"875\" \/>\n\t<meta property=\"og:image:height\" content=\"824\" \/>\n<meta name=\"twitter:label1\" content=\"Est. reading time\">\n\t<meta name=\"twitter:data1\" content=\"1 minute\">\n<script type=\"application\/ld+json\" class=\"yoast-schema-graph\">{\"@context\":\"https:\/\/schema.org\",\"@graph\":[{\"@type\":\"Organization\",\"@id\":\"https:\/\/www.mobilimariani.com\/#organization\",\"name\":\"Mobili Mariani\",\"url\":\"https:\/\/www.mobilimariani.com\/\",\"sameAs\":[],\"logo\":{\"@type\":\"ImageObject\",\"@id\":\"https:\/\/www.mobilimariani.com\/#logo\",\"inLanguage\":\"fr-CH\",\"url\":\"https:\/\/www.mobilimariani.com\/wp-content\/uploads\/2015\/12\/logo.png\",\"contentUrl\":\"https:\/\/www.mobilimariani.com\/wp-content\/uploads\/2015\/12\/logo.png\",\"width\":160,\"height\":110,\"caption\":\"Mobili Mariani\"},\"image\":{\"@id\":\"https:\/\/www.mobilimariani.com\/#logo\"}},{\"@type\":\"WebSite\",\"@id\":\"https:\/\/www.mobilimariani.com\/#website\",\"url\":\"https:\/\/www.mobilimariani.com\/\",\"name\":\"Mobili Mariani\",\"description\":\"Mobili Italia Svizzera\",\"publisher\":{\"@id\":\"https:\/\/www.mobilimariani.com\/#organization\"},\"potentialAction\":[{\"@type\":\"SearchAction\",\"target\":\"https:\/\/www.mobilimariani.com\/?s={search_term_string}\",\"query-input\":\"required name=search_term_string\"}],\"inLanguage\":\"fr-CH\"},{\"@type\":\"ImageObject\",\"@id\":\"https:\/\/www.mobilimariani.com\/fr\/ozzio-table-transformabile-su-e-giu\/#primaryimage\",\"inLanguage\":\"fr-CH\",\"url\":\"https:\/\/www.mobilimariani.com\/wp-content\/uploads\/2021\/02\/1.jpg\",\"contentUrl\":\"https:\/\/www.mobilimariani.com\/wp-content\/uploads\/2021\/02\/1.jpg\",\"width\":875,\"height\":824,\"caption\":\"mobili mariani ivrea\"},{\"@type\":\"WebPage\",\"@id\":\"https:\/\/www.mobilimariani.com\/fr\/ozzio-table-transformabile-su-e-giu\/#webpage\",\"url\":\"https:\/\/www.mobilimariani.com\/fr\/ozzio-table-transformabile-su-e-giu\/\",\"name\":\"OZZIO TABLE TRANSFORMABILE SU E GIU' | Mobili Mariani\",\"isPartOf\":{\"@id\":\"https:\/\/www.mobilimariani.com\/#website\"},\"primaryImageOfPage\":{\"@id\":\"https:\/\/www.mobilimariani.com\/fr\/ozzio-table-transformabile-su-e-giu\/#primaryimage\"},\"datePublished\":\"2021-02-04T17:24:35+00:00\",\"dateModified\":\"2022-11-12T16:33:56+00:00\",\"description\":\"OZZIO TABLE TRANSFORMABILE SU E GIU' Table basse qui devient une table \\u00e0 manger, pour la premi\\u00e8re fois enti\\u00e8rement en bois. La base crois\\u00e9e, r\\u00e9glable au\",\"breadcrumb\":{\"@id\":\"https:\/\/www.mobilimariani.com\/fr\/ozzio-table-transformabile-su-e-giu\/#breadcrumb\"},\"inLanguage\":\"fr-CH\",\"potentialAction\":[{\"@type\":\"ReadAction\",\"target\":[\"https:\/\/www.mobilimariani.com\/fr\/ozzio-table-transformabile-su-e-giu\/\"]}]},{\"@type\":\"BreadcrumbList\",\"@id\":\"https:\/\/www.mobilimariani.com\/fr\/ozzio-table-transformabile-su-e-giu\/#breadcrumb\",\"itemListElement\":[{\"@type\":\"ListItem\",\"position\":1,\"item\":{\"@type\":\"WebPage\",\"@id\":\"https:\/\/www.mobilimariani.com\/\",\"url\":\"https:\/\/www.mobilimariani.com\/\",\"name\":\"Home\"}},{\"@type\":\"ListItem\",\"position\":2,\"item\":{\"@id\":\"https:\/\/www.mobilimariani.com\/fr\/ozzio-table-transformabile-su-e-giu\/#webpage\"}}]},{\"@type\":\"Article\",\"@id\":\"https:\/\/www.mobilimariani.com\/fr\/ozzio-table-transformabile-su-e-giu\/#article\",\"isPartOf\":{\"@id\":\"https:\/\/www.mobilimariani.com\/fr\/ozzio-table-transformabile-su-e-giu\/#webpage\"},\"author\":{\"@id\":\"https:\/\/www.mobilimariani.com\/#\/schema\/person\/4685d9f51269134e53f988c9122315f4\"},\"headline\":\"OZZIO TABLE TRANSFORMABILE SU E GIU&#8217;\",\"datePublished\":\"2021-02-04T17:24:35+00:00\",\"dateModified\":\"2022-11-12T16:33:56+00:00\",\"mainEntityOfPage\":{\"@id\":\"https:\/\/www.mobilimariani.com\/fr\/ozzio-table-transformabile-su-e-giu\/#webpage\"},\"publisher\":{\"@id\":\"https:\/\/www.mobilimariani.com\/#organization\"},\"image\":{\"@id\":\"https:\/\/www.mobilimariani.com\/fr\/ozzio-table-transformabile-su-e-giu\/#primaryimage\"},\"articleSection\":[\"Autre\",\"Catalogue\",\"Salle jour\"],\"inLanguage\":\"fr-CH\"},{\"@type\":\"Person\",\"@id\":\"https:\/\/www.mobilimariani.com\/#\/schema\/person\/4685d9f51269134e53f988c9122315f4\",\"name\":\"14m4rC008\",\"image\":{\"@type\":\"ImageObject\",\"@id\":\"https:\/\/www.mobilimariani.com\/#personlogo\",\"inLanguage\":\"fr-CH\",\"url\":\"https:\/\/secure.gravatar.com\/avatar\/dfaa6e536fec7030712cf850e9ddef45?s=96&d=mm&r=g\",\"contentUrl\":\"https:\/\/secure.gravatar.com\/avatar\/dfaa6e536fec7030712cf850e9ddef45?s=96&d=mm&r=g\",\"caption\":\"14m4rC008\"}}]}<\/script>\n<!-- \/ Yoast SEO plugin. -->","_links":{"self":[{"href":"https:\/\/www.mobilimariani.com\/fr\/wp-json\/wp\/v2\/posts\/26398"}],"collection":[{"href":"https:\/\/www.mobilimariani.com\/fr\/wp-json\/wp\/v2\/posts"}],"about":[{"href":"https:\/\/www.mobilimariani.com\/fr\/wp-json\/wp\/v2\/types\/post"}],"author":[{"embeddable":true,"href":"https:\/\/www.mobilimariani.com\/fr\/wp-json\/wp\/v2\/users\/1"}],"replies":[{"embeddable":true,"href":"https:\/\/www.mobilimariani.com\/fr\/wp-json\/wp\/v2\/comments?post=26398"}],"version-history":[{"count":2,"href":"https:\/\/www.mobilimariani.com\/fr\/wp-json\/wp\/v2\/posts\/26398\/revisions"}],"predecessor-version":[{"id":26485,"href":"https:\/\/www.mobilimariani.com\/fr\/wp-json\/wp\/v2\/posts\/26398\/revisions\/26485"}],"wp:featuredmedia":[{"embeddable":true,"href":"https:\/\/www.mobilimariani.com\/fr\/wp-json\/wp\/v2\/media\/26387"}],"wp:attachment":[{"href":"https:\/\/www.mobilimariani.com\/fr\/wp-json\/wp\/v2\/media?parent=26398"}],"wp:term":[{"taxonomy":"category","embeddable":true,"href":"https:\/\/www.mobilimariani.com\/fr\/wp-json\/wp\/v2\/categories?post=26398"},{"taxonomy":"post_tag","embeddable":true,"href":"https:\/\/www.mobilimariani.com\/fr\/wp-json\/wp\/v2\/tags?post=26398"}],"curies":[{"name":"wp","href":"https:\/\/api.w.org\/{rel}","templated":true}]}}