{"id":26309,"date":"2020-12-23T18:45:49","date_gmt":"2020-12-23T17:45:49","guid":{"rendered":"https:\/\/www.mobilimariani.com\/?p=26309"},"modified":"2020-12-23T18:45:51","modified_gmt":"2020-12-23T17:45:51","slug":"du-personnel-de-mariani-abitare-oggi-ivrea-meilleurs-voeux-de-bonnes-fetes","status":"publish","type":"post","link":"https:\/\/www.mobilimariani.com\/fr\/du-personnel-de-mariani-abitare-oggi-ivrea-meilleurs-voeux-de-bonnes-fetes\/","title":{"rendered":"DU PERSONNEL DE MARIANI ABITARE OGGI IVREA MEILLEURS VOEUX DE BONNES F\u00caTES !!!"},"content":{"rendered":"\n<p>DU PERSONNEL DE MARIANI ABITARE OGGI IVREA MEILLEURS VOEUX DE BONNES F\u00caTES !!!<\/p>\n\n\n\n<p>Une ann\u00e9e difficile touche \u00e0 sa fin pour tout le monde.<\/p>\n\n\n\n<p>Commen\u00e7ons l&#8217;ann\u00e9e 2021 en esp\u00e9rant que les difficult\u00e9s pourront \u00eatre r\u00e9solues :<\/p>\n\n\n\n<p>&#8220;Il n&#8217;y a pas de nuit si longue qu&#8217;elle ne permette pas au soleil de se lever le jour suivant&#8221;                                                                                  Jim Morrison<\/p>\n\n\n\n<p>MEILLEURS VOEUX !!!<\/p>\n","protected":false},"excerpt":{"rendered":"DU PERSONNEL DE MARIANI ABITARE OGGI IVREA MEILLEURS VOEUX DE BONNES F\u00caTES !!! Une ann\u00e9e difficile touche \u00e0 sa fin pour tout le monde. Commen\u00e7ons l&#8217;ann\u00e9e 2021 en esp\u00e9rant que les difficult\u00e9s pourront \u00eatre r\u00e9solues : &#8220;Il n&#8217;y a pas de nuit si longue qu&#8217;elle ne permette pas au soleil de se lever le jour&#8230; <a class=\"view-article\" href=\"https:\/\/www.mobilimariani.com\/fr\/du-personnel-de-mariani-abitare-oggi-ivrea-meilleurs-voeux-de-bonnes-fetes\/\">Voir l&#8217;article<\/a>","protected":false},"author":1,"featured_media":26304,"comment_status":"closed","ping_status":"closed","sticky":false,"template":"","format":"standard","meta":[],"categories":[8],"tags":[],"yoast_head":"<!-- This site is optimized with the Yoast SEO plugin v16.2 - https:\/\/yoast.com\/wordpress\/plugins\/seo\/ -->\n<meta name=\"description\" content=\"DU PERSONNEL DE MARIANI ABITARE OGGI IVREA MEILLEURS VOEUX DE BONNES F\u00caTES !!! Une ann\u00e9e difficile touche \u00e0 sa fin pour tout le monde. Commen\u00e7ons l&#039;ann\u00e9e\" \/>\n<meta name=\"robots\" content=\"index, follow, max-snippet:-1, max-image-preview:large, max-video-preview:-1\" \/>\n<link rel=\"canonical\" href=\"https:\/\/www.mobilimariani.com\/fr\/du-personnel-de-mariani-abitare-oggi-ivrea-meilleurs-voeux-de-bonnes-fetes\/\" \/>\n<meta property=\"og:locale\" content=\"fr_FR\" \/>\n<meta property=\"og:type\" content=\"article\" \/>\n<meta property=\"og:title\" content=\"DU PERSONNEL DE MARIANI ABITARE OGGI IVREA MEILLEURS VOEUX DE BONNES F\u00caTES !!! | Mobili Mariani\" \/>\n<meta property=\"og:description\" content=\"DU PERSONNEL DE MARIANI ABITARE OGGI IVREA MEILLEURS VOEUX DE BONNES F\u00caTES !!! Une ann\u00e9e difficile touche \u00e0 sa fin pour tout le monde. Commen\u00e7ons l&#039;ann\u00e9e\" \/>\n<meta property=\"og:url\" content=\"https:\/\/www.mobilimariani.com\/fr\/du-personnel-de-mariani-abitare-oggi-ivrea-meilleurs-voeux-de-bonnes-fetes\/\" \/>\n<meta property=\"og:site_name\" content=\"Mobili Mariani\" \/>\n<meta property=\"article:published_time\" content=\"2020-12-23T17:45:49+00:00\" \/>\n<meta property=\"article:modified_time\" content=\"2020-12-23T17:45:51+00:00\" \/>\n<meta property=\"og:image\" content=\"https:\/\/www.mobilimariani.com\/wp-content\/uploads\/2020\/12\/SI.jpg\" \/>\n\t<meta property=\"og:image:width\" content=\"1231\" \/>\n\t<meta property=\"og:image:height\" content=\"748\" \/>\n<script type=\"application\/ld+json\" class=\"yoast-schema-graph\">{\"@context\":\"https:\/\/schema.org\",\"@graph\":[{\"@type\":\"Organization\",\"@id\":\"https:\/\/www.mobilimariani.com\/#organization\",\"name\":\"Mobili Mariani\",\"url\":\"https:\/\/www.mobilimariani.com\/\",\"sameAs\":[],\"logo\":{\"@type\":\"ImageObject\",\"@id\":\"https:\/\/www.mobilimariani.com\/#logo\",\"inLanguage\":\"fr-CH\",\"url\":\"https:\/\/www.mobilimariani.com\/wp-content\/uploads\/2015\/12\/logo.png\",\"contentUrl\":\"https:\/\/www.mobilimariani.com\/wp-content\/uploads\/2015\/12\/logo.png\",\"width\":160,\"height\":110,\"caption\":\"Mobili Mariani\"},\"image\":{\"@id\":\"https:\/\/www.mobilimariani.com\/#logo\"}},{\"@type\":\"WebSite\",\"@id\":\"https:\/\/www.mobilimariani.com\/#website\",\"url\":\"https:\/\/www.mobilimariani.com\/\",\"name\":\"Mobili Mariani\",\"description\":\"Mobili Italia Svizzera\",\"publisher\":{\"@id\":\"https:\/\/www.mobilimariani.com\/#organization\"},\"potentialAction\":[{\"@type\":\"SearchAction\",\"target\":\"https:\/\/www.mobilimariani.com\/?s={search_term_string}\",\"query-input\":\"required name=search_term_string\"}],\"inLanguage\":\"fr-CH\"},{\"@type\":\"ImageObject\",\"@id\":\"https:\/\/www.mobilimariani.com\/fr\/du-personnel-de-mariani-abitare-oggi-ivrea-meilleurs-voeux-de-bonnes-fetes\/#primaryimage\",\"inLanguage\":\"fr-CH\",\"url\":\"https:\/\/www.mobilimariani.com\/wp-content\/uploads\/2020\/12\/SI.jpg\",\"contentUrl\":\"https:\/\/www.mobilimariani.com\/wp-content\/uploads\/2020\/12\/SI.jpg\",\"width\":1231,\"height\":748,\"caption\":\"mobili mariani ivrea\"},{\"@type\":\"WebPage\",\"@id\":\"https:\/\/www.mobilimariani.com\/fr\/du-personnel-de-mariani-abitare-oggi-ivrea-meilleurs-voeux-de-bonnes-fetes\/#webpage\",\"url\":\"https:\/\/www.mobilimariani.com\/fr\/du-personnel-de-mariani-abitare-oggi-ivrea-meilleurs-voeux-de-bonnes-fetes\/\",\"name\":\"DU PERSONNEL DE MARIANI ABITARE OGGI IVREA MEILLEURS VOEUX DE BONNES F\\u00caTES !!! | Mobili Mariani\",\"isPartOf\":{\"@id\":\"https:\/\/www.mobilimariani.com\/#website\"},\"primaryImageOfPage\":{\"@id\":\"https:\/\/www.mobilimariani.com\/fr\/du-personnel-de-mariani-abitare-oggi-ivrea-meilleurs-voeux-de-bonnes-fetes\/#primaryimage\"},\"datePublished\":\"2020-12-23T17:45:49+00:00\",\"dateModified\":\"2020-12-23T17:45:51+00:00\",\"description\":\"DU PERSONNEL DE MARIANI ABITARE OGGI IVREA MEILLEURS VOEUX DE BONNES F\\u00caTES !!! Une ann\\u00e9e difficile touche \\u00e0 sa fin pour tout le monde. Commen\\u00e7ons l'ann\\u00e9e\",\"breadcrumb\":{\"@id\":\"https:\/\/www.mobilimariani.com\/fr\/du-personnel-de-mariani-abitare-oggi-ivrea-meilleurs-voeux-de-bonnes-fetes\/#breadcrumb\"},\"inLanguage\":\"fr-CH\",\"potentialAction\":[{\"@type\":\"ReadAction\",\"target\":[\"https:\/\/www.mobilimariani.com\/fr\/du-personnel-de-mariani-abitare-oggi-ivrea-meilleurs-voeux-de-bonnes-fetes\/\"]}]},{\"@type\":\"BreadcrumbList\",\"@id\":\"https:\/\/www.mobilimariani.com\/fr\/du-personnel-de-mariani-abitare-oggi-ivrea-meilleurs-voeux-de-bonnes-fetes\/#breadcrumb\",\"itemListElement\":[{\"@type\":\"ListItem\",\"position\":1,\"item\":{\"@type\":\"WebPage\",\"@id\":\"https:\/\/www.mobilimariani.com\/\",\"url\":\"https:\/\/www.mobilimariani.com\/\",\"name\":\"Home\"}},{\"@type\":\"ListItem\",\"position\":2,\"item\":{\"@id\":\"https:\/\/www.mobilimariani.com\/fr\/du-personnel-de-mariani-abitare-oggi-ivrea-meilleurs-voeux-de-bonnes-fetes\/#webpage\"}}]},{\"@type\":\"Article\",\"@id\":\"https:\/\/www.mobilimariani.com\/fr\/du-personnel-de-mariani-abitare-oggi-ivrea-meilleurs-voeux-de-bonnes-fetes\/#article\",\"isPartOf\":{\"@id\":\"https:\/\/www.mobilimariani.com\/fr\/du-personnel-de-mariani-abitare-oggi-ivrea-meilleurs-voeux-de-bonnes-fetes\/#webpage\"},\"author\":{\"@id\":\"https:\/\/www.mobilimariani.com\/#\/schema\/person\/4685d9f51269134e53f988c9122315f4\"},\"headline\":\"DU PERSONNEL DE MARIANI ABITARE OGGI IVREA MEILLEURS VOEUX DE BONNES F\\u00caTES !!!\",\"datePublished\":\"2020-12-23T17:45:49+00:00\",\"dateModified\":\"2020-12-23T17:45:51+00:00\",\"mainEntityOfPage\":{\"@id\":\"https:\/\/www.mobilimariani.com\/fr\/du-personnel-de-mariani-abitare-oggi-ivrea-meilleurs-voeux-de-bonnes-fetes\/#webpage\"},\"publisher\":{\"@id\":\"https:\/\/www.mobilimariani.com\/#organization\"},\"image\":{\"@id\":\"https:\/\/www.mobilimariani.com\/fr\/du-personnel-de-mariani-abitare-oggi-ivrea-meilleurs-voeux-de-bonnes-fetes\/#primaryimage\"},\"articleSection\":[\"News\"],\"inLanguage\":\"fr-CH\"},{\"@type\":\"Person\",\"@id\":\"https:\/\/www.mobilimariani.com\/#\/schema\/person\/4685d9f51269134e53f988c9122315f4\",\"name\":\"14m4rC008\",\"image\":{\"@type\":\"ImageObject\",\"@id\":\"https:\/\/www.mobilimariani.com\/#personlogo\",\"inLanguage\":\"fr-CH\",\"url\":\"https:\/\/secure.gravatar.com\/avatar\/dfaa6e536fec7030712cf850e9ddef45?s=96&d=mm&r=g\",\"contentUrl\":\"https:\/\/secure.gravatar.com\/avatar\/dfaa6e536fec7030712cf850e9ddef45?s=96&d=mm&r=g\",\"caption\":\"14m4rC008\"}}]}<\/script>\n<!-- \/ Yoast SEO plugin. -->","_links":{"self":[{"href":"https:\/\/www.mobilimariani.com\/fr\/wp-json\/wp\/v2\/posts\/26309"}],"collection":[{"href":"https:\/\/www.mobilimariani.com\/fr\/wp-json\/wp\/v2\/posts"}],"about":[{"href":"https:\/\/www.mobilimariani.com\/fr\/wp-json\/wp\/v2\/types\/post"}],"author":[{"embeddable":true,"href":"https:\/\/www.mobilimariani.com\/fr\/wp-json\/wp\/v2\/users\/1"}],"replies":[{"embeddable":true,"href":"https:\/\/www.mobilimariani.com\/fr\/wp-json\/wp\/v2\/comments?post=26309"}],"version-history":[{"count":1,"href":"https:\/\/www.mobilimariani.com\/fr\/wp-json\/wp\/v2\/posts\/26309\/revisions"}],"predecessor-version":[{"id":26310,"href":"https:\/\/www.mobilimariani.com\/fr\/wp-json\/wp\/v2\/posts\/26309\/revisions\/26310"}],"wp:featuredmedia":[{"embeddable":true,"href":"https:\/\/www.mobilimariani.com\/fr\/wp-json\/wp\/v2\/media\/26304"}],"wp:attachment":[{"href":"https:\/\/www.mobilimariani.com\/fr\/wp-json\/wp\/v2\/media?parent=26309"}],"wp:term":[{"taxonomy":"category","embeddable":true,"href":"https:\/\/www.mobilimariani.com\/fr\/wp-json\/wp\/v2\/categories?post=26309"},{"taxonomy":"post_tag","embeddable":true,"href":"https:\/\/www.mobilimariani.com\/fr\/wp-json\/wp\/v2\/tags?post=26309"}],"curies":[{"name":"wp","href":"https:\/\/api.w.org\/{rel}","templated":true}]}}