{"id":2624,"date":"2017-07-11T18:48:34","date_gmt":"2017-07-11T16:48:34","guid":{"rendered":"https:\/\/www.mobilimariani.com\/?p=2624"},"modified":"2021-05-15T18:23:59","modified_gmt":"2021-05-15T16:23:59","slug":"concessionnaire-saba","status":"publish","type":"post","link":"https:\/\/www.mobilimariani.com\/fr\/concessionnaire-saba\/","title":{"rendered":"CONCESSIONNAIRE SABA"},"content":{"rendered":"<p id=\"tw-target-text\" class=\"tw-data-text vk_txt tw-ta tw-text-medium\" dir=\"ltr\" data-placeholder=\"Traduzione\">CONCESSIONNAIRE SABA<\/p>\n<p id=\"tw-target-text\" class=\"tw-data-text vk_txt tw-ta tw-text-small\" dir=\"ltr\" data-placeholder=\"Traduzione\">Mariani Abitare Oggi est le revendeur Saba en Italie, en Suisse et en France.<\/p>\n<p>Qualit\u00e9 \u00e9thique et passion.<\/p>\n<p>Saba est n\u00e9 en 1988 et depuis lors consacre ses recherches \u00e0 la culture du relax.<\/p>\n<p>La cr\u00e9ation, le choix des mat\u00e9riaux, les processus de production suivent un parcours id\u00e9al gr\u00e2ce au d\u00e9sir d&#8217;exp\u00e9rimenter sans exc\u00e8s et avec une attention constante aux principes de qualit\u00e9 et d&#8217;ergonomie.<\/p>\n<p>Pour Saba, un produit de design devrait non seulement avoir d&#8217;excellentes caract\u00e9ristiques techniques, mais aussi r\u00e9pondre aux besoins r\u00e9els du consommateur et, en m\u00eame temps, \u00e9lever des \u00e9motions esth\u00e9tiques pour susciter l&#8217;enthousiasme du public.<\/p>\n<p class=\"tw-data-text vk_txt tw-ta tw-text-small\" dir=\"ltr\" data-placeholder=\"Traduzione\">D\u00e9couvrez tous les produits dans <a title=\"SABA\" href=\"https:\/\/www.mobilimariani.com\/fr\/?s=SABA\">notre catalogue Saba<\/a><\/p>\n<p>Vous voulez conna\u00eetre notre meilleur prix pour cet article?\u00a0<a href=\"https:\/\/www.mobilimariani.com\/fr\/contacts\/\">Cliquez ici<\/a>\u00a0et envoyez-nous la demande<\/p>\n<p>Signale le lieu de livraison.<\/p>\n<p>Nous livrons en Europe et partout o\u00f9 vous \u00eates.<\/p>\n","protected":false},"excerpt":{"rendered":"CONCESSIONNAIRE SABA Mariani Abitare Oggi est le revendeur Saba en Italie, en Suisse et en France. Qualit\u00e9 \u00e9thique et passion. Saba est n\u00e9 en 1988 et depuis lors consacre ses recherches \u00e0 la culture du relax. La cr\u00e9ation, le choix des mat\u00e9riaux, les processus de production suivent un parcours id\u00e9al gr\u00e2ce au d\u00e9sir d&#8217;exp\u00e9rimenter sans&#8230; <a class=\"view-article\" href=\"https:\/\/www.mobilimariani.com\/fr\/concessionnaire-saba\/\">Voir l&#8217;article<\/a>","protected":false},"author":1,"featured_media":435,"comment_status":"closed","ping_status":"closed","sticky":false,"template":"","format":"standard","meta":[],"categories":[4],"tags":[2153,2154,2155],"yoast_head":"<!-- This site is optimized with the Yoast SEO plugin v16.2 - https:\/\/yoast.com\/wordpress\/plugins\/seo\/ -->\n<meta name=\"description\" content=\"CONCESSIONNAIRE SABA Mariani Abitare Oggi est le revendeur Saba en Italie, en Suisse et en France. Qualit\u00e9 \u00e9thique et passion. Saba est n\u00e9 en 1988 et\" \/>\n<meta name=\"robots\" content=\"index, follow, max-snippet:-1, max-image-preview:large, max-video-preview:-1\" \/>\n<link rel=\"canonical\" href=\"https:\/\/www.mobilimariani.com\/fr\/concessionnaire-saba\/\" \/>\n<meta property=\"og:locale\" content=\"fr_FR\" \/>\n<meta property=\"og:type\" content=\"article\" \/>\n<meta property=\"og:title\" content=\"CONCESSIONNAIRE SABA | Mobili Mariani\" \/>\n<meta property=\"og:description\" content=\"CONCESSIONNAIRE SABA Mariani Abitare Oggi est le revendeur Saba en Italie, en Suisse et en France. Qualit\u00e9 \u00e9thique et passion. Saba est n\u00e9 en 1988 et\" \/>\n<meta property=\"og:url\" content=\"https:\/\/www.mobilimariani.com\/fr\/concessionnaire-saba\/\" \/>\n<meta property=\"og:site_name\" content=\"Mobili Mariani\" \/>\n<meta property=\"article:published_time\" content=\"2017-07-11T16:48:34+00:00\" \/>\n<meta property=\"article:modified_time\" content=\"2021-05-15T16:23:59+00:00\" \/>\n<meta property=\"og:image\" content=\"https:\/\/www.mobilimariani.com\/wp-content\/uploads\/2014\/11\/saba_logo.jpg\" \/>\n\t<meta property=\"og:image:width\" content=\"600\" \/>\n\t<meta property=\"og:image:height\" content=\"600\" \/>\n<meta name=\"twitter:label1\" content=\"Est. reading time\">\n\t<meta name=\"twitter:data1\" content=\"1 minute\">\n<script type=\"application\/ld+json\" class=\"yoast-schema-graph\">{\"@context\":\"https:\/\/schema.org\",\"@graph\":[{\"@type\":\"Organization\",\"@id\":\"https:\/\/www.mobilimariani.com\/#organization\",\"name\":\"Mobili Mariani\",\"url\":\"https:\/\/www.mobilimariani.com\/\",\"sameAs\":[],\"logo\":{\"@type\":\"ImageObject\",\"@id\":\"https:\/\/www.mobilimariani.com\/#logo\",\"inLanguage\":\"fr-CH\",\"url\":\"https:\/\/www.mobilimariani.com\/wp-content\/uploads\/2015\/12\/logo.png\",\"contentUrl\":\"https:\/\/www.mobilimariani.com\/wp-content\/uploads\/2015\/12\/logo.png\",\"width\":160,\"height\":110,\"caption\":\"Mobili Mariani\"},\"image\":{\"@id\":\"https:\/\/www.mobilimariani.com\/#logo\"}},{\"@type\":\"WebSite\",\"@id\":\"https:\/\/www.mobilimariani.com\/#website\",\"url\":\"https:\/\/www.mobilimariani.com\/\",\"name\":\"Mobili Mariani\",\"description\":\"Mobili Italia Svizzera\",\"publisher\":{\"@id\":\"https:\/\/www.mobilimariani.com\/#organization\"},\"potentialAction\":[{\"@type\":\"SearchAction\",\"target\":\"https:\/\/www.mobilimariani.com\/?s={search_term_string}\",\"query-input\":\"required name=search_term_string\"}],\"inLanguage\":\"fr-CH\"},{\"@type\":\"ImageObject\",\"@id\":\"https:\/\/www.mobilimariani.com\/fr\/concessionnaire-saba\/#primaryimage\",\"inLanguage\":\"fr-CH\",\"url\":\"https:\/\/www.mobilimariani.com\/wp-content\/uploads\/2014\/11\/saba_logo.jpg\",\"contentUrl\":\"https:\/\/www.mobilimariani.com\/wp-content\/uploads\/2014\/11\/saba_logo.jpg\",\"width\":600,\"height\":600,\"caption\":\"RIVENDITORE SABA\"},{\"@type\":\"WebPage\",\"@id\":\"https:\/\/www.mobilimariani.com\/fr\/concessionnaire-saba\/#webpage\",\"url\":\"https:\/\/www.mobilimariani.com\/fr\/concessionnaire-saba\/\",\"name\":\"CONCESSIONNAIRE SABA | Mobili Mariani\",\"isPartOf\":{\"@id\":\"https:\/\/www.mobilimariani.com\/#website\"},\"primaryImageOfPage\":{\"@id\":\"https:\/\/www.mobilimariani.com\/fr\/concessionnaire-saba\/#primaryimage\"},\"datePublished\":\"2017-07-11T16:48:34+00:00\",\"dateModified\":\"2021-05-15T16:23:59+00:00\",\"description\":\"CONCESSIONNAIRE SABA Mariani Abitare Oggi est le revendeur Saba en Italie, en Suisse et en France. Qualit\\u00e9 \\u00e9thique et passion. Saba est n\\u00e9 en 1988 et\",\"breadcrumb\":{\"@id\":\"https:\/\/www.mobilimariani.com\/fr\/concessionnaire-saba\/#breadcrumb\"},\"inLanguage\":\"fr-CH\",\"potentialAction\":[{\"@type\":\"ReadAction\",\"target\":[\"https:\/\/www.mobilimariani.com\/fr\/concessionnaire-saba\/\"]}]},{\"@type\":\"BreadcrumbList\",\"@id\":\"https:\/\/www.mobilimariani.com\/fr\/concessionnaire-saba\/#breadcrumb\",\"itemListElement\":[{\"@type\":\"ListItem\",\"position\":1,\"item\":{\"@type\":\"WebPage\",\"@id\":\"https:\/\/www.mobilimariani.com\/\",\"url\":\"https:\/\/www.mobilimariani.com\/\",\"name\":\"Home\"}},{\"@type\":\"ListItem\",\"position\":2,\"item\":{\"@id\":\"https:\/\/www.mobilimariani.com\/fr\/concessionnaire-saba\/#webpage\"}}]},{\"@type\":\"Article\",\"@id\":\"https:\/\/www.mobilimariani.com\/fr\/concessionnaire-saba\/#article\",\"isPartOf\":{\"@id\":\"https:\/\/www.mobilimariani.com\/fr\/concessionnaire-saba\/#webpage\"},\"author\":{\"@id\":\"https:\/\/www.mobilimariani.com\/#\/schema\/person\/4685d9f51269134e53f988c9122315f4\"},\"headline\":\"CONCESSIONNAIRE SABA\",\"datePublished\":\"2017-07-11T16:48:34+00:00\",\"dateModified\":\"2021-05-15T16:23:59+00:00\",\"mainEntityOfPage\":{\"@id\":\"https:\/\/www.mobilimariani.com\/fr\/concessionnaire-saba\/#webpage\"},\"publisher\":{\"@id\":\"https:\/\/www.mobilimariani.com\/#organization\"},\"image\":{\"@id\":\"https:\/\/www.mobilimariani.com\/fr\/concessionnaire-saba\/#primaryimage\"},\"keywords\":[\"canap\\u00e9s angulaires design\",\"canap\\u00e9s design italien\",\"fauteuils design\"],\"articleSection\":[\"Marques\"],\"inLanguage\":\"fr-CH\"},{\"@type\":\"Person\",\"@id\":\"https:\/\/www.mobilimariani.com\/#\/schema\/person\/4685d9f51269134e53f988c9122315f4\",\"name\":\"14m4rC008\",\"image\":{\"@type\":\"ImageObject\",\"@id\":\"https:\/\/www.mobilimariani.com\/#personlogo\",\"inLanguage\":\"fr-CH\",\"url\":\"https:\/\/secure.gravatar.com\/avatar\/dfaa6e536fec7030712cf850e9ddef45?s=96&d=mm&r=g\",\"contentUrl\":\"https:\/\/secure.gravatar.com\/avatar\/dfaa6e536fec7030712cf850e9ddef45?s=96&d=mm&r=g\",\"caption\":\"14m4rC008\"}}]}<\/script>\n<!-- \/ Yoast SEO plugin. -->","_links":{"self":[{"href":"https:\/\/www.mobilimariani.com\/fr\/wp-json\/wp\/v2\/posts\/2624"}],"collection":[{"href":"https:\/\/www.mobilimariani.com\/fr\/wp-json\/wp\/v2\/posts"}],"about":[{"href":"https:\/\/www.mobilimariani.com\/fr\/wp-json\/wp\/v2\/types\/post"}],"author":[{"embeddable":true,"href":"https:\/\/www.mobilimariani.com\/fr\/wp-json\/wp\/v2\/users\/1"}],"replies":[{"embeddable":true,"href":"https:\/\/www.mobilimariani.com\/fr\/wp-json\/wp\/v2\/comments?post=2624"}],"version-history":[{"count":8,"href":"https:\/\/www.mobilimariani.com\/fr\/wp-json\/wp\/v2\/posts\/2624\/revisions"}],"predecessor-version":[{"id":26553,"href":"https:\/\/www.mobilimariani.com\/fr\/wp-json\/wp\/v2\/posts\/2624\/revisions\/26553"}],"wp:featuredmedia":[{"embeddable":true,"href":"https:\/\/www.mobilimariani.com\/fr\/wp-json\/wp\/v2\/media\/435"}],"wp:attachment":[{"href":"https:\/\/www.mobilimariani.com\/fr\/wp-json\/wp\/v2\/media?parent=2624"}],"wp:term":[{"taxonomy":"category","embeddable":true,"href":"https:\/\/www.mobilimariani.com\/fr\/wp-json\/wp\/v2\/categories?post=2624"},{"taxonomy":"post_tag","embeddable":true,"href":"https:\/\/www.mobilimariani.com\/fr\/wp-json\/wp\/v2\/tags?post=2624"}],"curies":[{"name":"wp","href":"https:\/\/api.w.org\/{rel}","templated":true}]}}