{"id":25667,"date":"2020-10-01T19:07:45","date_gmt":"2020-10-01T17:07:45","guid":{"rendered":"https:\/\/www.mobilimariani.com\/?p=25667"},"modified":"2020-10-01T19:07:46","modified_gmt":"2020-10-01T17:07:46","slug":"glamora-glam-fusion-2","status":"publish","type":"post","link":"https:\/\/www.mobilimariani.com\/fr\/glamora-glam-fusion-2\/","title":{"rendered":"GLAMORA GLAM FUSION&#x2122;"},"content":{"rendered":"\n<p>GLAMORA GLAM FUSION&#x2122; THE WATERPROOF  WALLCOVERING<\/p>\n\n\n\n<p>LE REV\u00caTEMENT MURAL \u00c9TANCHE<\/p>\n\n\n\n<p>La derni\u00e8re collection GlamFusionTM XI est <a href=\"https:\/\/www.glamora.it\/en\/product\/anacapri\">en ligne<\/a><\/p>\n\n\n\n<p>La nouvelle collection de rev\u00eatements muraux \u00e9tanches brevet\u00e9s Glamora se penche sur Capri, ses fonds marins et sa nature m\u00e9diterran\u00e9enne, en s&#8217;immergeant dans une atmosph\u00e8re inoubliable des ann\u00e9es 50 et 60.<\/p>\n\n\n\n<p>Isola Azzurra est interpr\u00e9t\u00e9e par des sujets allant des \u00e9l\u00e9ments naturels aux r\u00e9f\u00e9rences architecturales-artistiques rendus avec des textures de mat\u00e9riaux, des effets tridimensionnels et des combinaisons de couleurs sp\u00e9ciales.<\/p>\n\n\n\n<p>Vous voulez conna\u00eetre notre meilleur prix pour cet article?&nbsp;<a href=\"https:\/\/www.mobilimariani.com\/fr\/contacts\/\">Cliquez ici<\/a>&nbsp;et envoyez-nous la demande<\/p>\n\n\n\n<p>Signale le lieu de&nbsp;exp\u00e9dition.<\/p>\n\n\n\n<p>Nous livrons dans toute l\u2019Europe et o\u00f9 que tu sois.<\/p>\n\n\n\n<p>Pour d\u00e9couvrir la marque Glamora&nbsp;<a href=\"https:\/\/www.mobilimariani.com\/fr\/concessionaire-glamora-tapisseries\/\">cliquez ici<\/a><\/p>\n\n\n\n<p><\/p>\n","protected":false},"excerpt":{"rendered":"GLAMORA GLAM FUSION&#x2122; THE WATERPROOF WALLCOVERING LE REV\u00caTEMENT MURAL \u00c9TANCHE La derni\u00e8re collection GlamFusionTM XI est en ligne La nouvelle collection de rev\u00eatements muraux \u00e9tanches brevet\u00e9s Glamora se penche sur Capri, ses fonds marins et sa nature m\u00e9diterran\u00e9enne, en s&#8217;immergeant dans une atmosph\u00e8re inoubliable des ann\u00e9es 50 et 60. Isola Azzurra est interpr\u00e9t\u00e9e par des&#8230; <a class=\"view-article\" href=\"https:\/\/www.mobilimariani.com\/fr\/glamora-glam-fusion-2\/\">Voir l&#8217;article<\/a>","protected":false},"author":1,"featured_media":25653,"comment_status":"closed","ping_status":"closed","sticky":false,"template":"","format":"standard","meta":[],"categories":[17,1,37,16,8,6,2],"tags":[],"yoast_head":"<!-- This site is optimized with the Yoast SEO plugin v16.2 - https:\/\/yoast.com\/wordpress\/plugins\/seo\/ -->\n<meta name=\"description\" content=\"GLAMORA GLAM FUSION&#x2122; THE WATERPROOF WALLCOVERING LE REV\u00caTEMENT MURAL \u00c9TANCHE La derni\u00e8re collection GlamFusionTM XI est en ligne La nouvelle\" \/>\n<meta name=\"robots\" content=\"index, follow, max-snippet:-1, max-image-preview:large, max-video-preview:-1\" \/>\n<link rel=\"canonical\" href=\"https:\/\/www.mobilimariani.com\/fr\/glamora-glam-fusion-2\/\" \/>\n<meta property=\"og:locale\" content=\"fr_FR\" \/>\n<meta property=\"og:type\" content=\"article\" \/>\n<meta property=\"og:title\" content=\"GLAMORA GLAM FUSION&#x2122; | Mobili Mariani\" \/>\n<meta property=\"og:description\" content=\"GLAMORA GLAM FUSION&#x2122; THE WATERPROOF WALLCOVERING LE REV\u00caTEMENT MURAL \u00c9TANCHE La derni\u00e8re collection GlamFusionTM XI est en ligne La nouvelle\" \/>\n<meta property=\"og:url\" content=\"https:\/\/www.mobilimariani.com\/fr\/glamora-glam-fusion-2\/\" \/>\n<meta property=\"og:site_name\" content=\"Mobili Mariani\" \/>\n<meta property=\"article:published_time\" content=\"2020-10-01T17:07:45+00:00\" \/>\n<meta property=\"article:modified_time\" content=\"2020-10-01T17:07:46+00:00\" \/>\n<meta property=\"og:image\" content=\"https:\/\/www.mobilimariani.com\/wp-content\/uploads\/2020\/10\/10.jpg\" \/>\n\t<meta property=\"og:image:width\" content=\"740\" \/>\n\t<meta property=\"og:image:height\" content=\"548\" \/>\n<meta name=\"twitter:label1\" content=\"Est. reading time\">\n\t<meta name=\"twitter:data1\" content=\"1 minute\">\n<script type=\"application\/ld+json\" class=\"yoast-schema-graph\">{\"@context\":\"https:\/\/schema.org\",\"@graph\":[{\"@type\":\"Organization\",\"@id\":\"https:\/\/www.mobilimariani.com\/#organization\",\"name\":\"Mobili Mariani\",\"url\":\"https:\/\/www.mobilimariani.com\/\",\"sameAs\":[],\"logo\":{\"@type\":\"ImageObject\",\"@id\":\"https:\/\/www.mobilimariani.com\/#logo\",\"inLanguage\":\"fr-CH\",\"url\":\"https:\/\/www.mobilimariani.com\/wp-content\/uploads\/2015\/12\/logo.png\",\"contentUrl\":\"https:\/\/www.mobilimariani.com\/wp-content\/uploads\/2015\/12\/logo.png\",\"width\":160,\"height\":110,\"caption\":\"Mobili Mariani\"},\"image\":{\"@id\":\"https:\/\/www.mobilimariani.com\/#logo\"}},{\"@type\":\"WebSite\",\"@id\":\"https:\/\/www.mobilimariani.com\/#website\",\"url\":\"https:\/\/www.mobilimariani.com\/\",\"name\":\"Mobili Mariani\",\"description\":\"Mobili Italia Svizzera\",\"publisher\":{\"@id\":\"https:\/\/www.mobilimariani.com\/#organization\"},\"potentialAction\":[{\"@type\":\"SearchAction\",\"target\":\"https:\/\/www.mobilimariani.com\/?s={search_term_string}\",\"query-input\":\"required name=search_term_string\"}],\"inLanguage\":\"fr-CH\"},{\"@type\":\"ImageObject\",\"@id\":\"https:\/\/www.mobilimariani.com\/fr\/glamora-glam-fusion-2\/#primaryimage\",\"inLanguage\":\"fr-CH\",\"url\":\"https:\/\/www.mobilimariani.com\/wp-content\/uploads\/2020\/10\/10.jpg\",\"contentUrl\":\"https:\/\/www.mobilimariani.com\/wp-content\/uploads\/2020\/10\/10.jpg\",\"width\":740,\"height\":548,\"caption\":\"mobili mariani ivrea\"},{\"@type\":\"WebPage\",\"@id\":\"https:\/\/www.mobilimariani.com\/fr\/glamora-glam-fusion-2\/#webpage\",\"url\":\"https:\/\/www.mobilimariani.com\/fr\/glamora-glam-fusion-2\/\",\"name\":\"GLAMORA GLAM FUSION&#x2122; | Mobili Mariani\",\"isPartOf\":{\"@id\":\"https:\/\/www.mobilimariani.com\/#website\"},\"primaryImageOfPage\":{\"@id\":\"https:\/\/www.mobilimariani.com\/fr\/glamora-glam-fusion-2\/#primaryimage\"},\"datePublished\":\"2020-10-01T17:07:45+00:00\",\"dateModified\":\"2020-10-01T17:07:46+00:00\",\"description\":\"GLAMORA GLAM FUSION&#x2122; THE WATERPROOF WALLCOVERING LE REV\\u00caTEMENT MURAL \\u00c9TANCHE La derni\\u00e8re collection GlamFusionTM XI est en ligne La nouvelle\",\"breadcrumb\":{\"@id\":\"https:\/\/www.mobilimariani.com\/fr\/glamora-glam-fusion-2\/#breadcrumb\"},\"inLanguage\":\"fr-CH\",\"potentialAction\":[{\"@type\":\"ReadAction\",\"target\":[\"https:\/\/www.mobilimariani.com\/fr\/glamora-glam-fusion-2\/\"]}]},{\"@type\":\"BreadcrumbList\",\"@id\":\"https:\/\/www.mobilimariani.com\/fr\/glamora-glam-fusion-2\/#breadcrumb\",\"itemListElement\":[{\"@type\":\"ListItem\",\"position\":1,\"item\":{\"@type\":\"WebPage\",\"@id\":\"https:\/\/www.mobilimariani.com\/\",\"url\":\"https:\/\/www.mobilimariani.com\/\",\"name\":\"Home\"}},{\"@type\":\"ListItem\",\"position\":2,\"item\":{\"@id\":\"https:\/\/www.mobilimariani.com\/fr\/glamora-glam-fusion-2\/#webpage\"}}]},{\"@type\":\"Article\",\"@id\":\"https:\/\/www.mobilimariani.com\/fr\/glamora-glam-fusion-2\/#article\",\"isPartOf\":{\"@id\":\"https:\/\/www.mobilimariani.com\/fr\/glamora-glam-fusion-2\/#webpage\"},\"author\":{\"@id\":\"https:\/\/www.mobilimariani.com\/#\/schema\/person\/4685d9f51269134e53f988c9122315f4\"},\"headline\":\"GLAMORA GLAM FUSION&#x2122;\",\"datePublished\":\"2020-10-01T17:07:45+00:00\",\"dateModified\":\"2020-10-01T17:07:46+00:00\",\"mainEntityOfPage\":{\"@id\":\"https:\/\/www.mobilimariani.com\/fr\/glamora-glam-fusion-2\/#webpage\"},\"publisher\":{\"@id\":\"https:\/\/www.mobilimariani.com\/#organization\"},\"image\":{\"@id\":\"https:\/\/www.mobilimariani.com\/fr\/glamora-glam-fusion-2\/#primaryimage\"},\"articleSection\":[\"Bain\",\"Catalogue\",\"Contract\",\"Cuisines\",\"News\",\"Salle jour\",\"Zone nuit\"],\"inLanguage\":\"fr-CH\"},{\"@type\":\"Person\",\"@id\":\"https:\/\/www.mobilimariani.com\/#\/schema\/person\/4685d9f51269134e53f988c9122315f4\",\"name\":\"14m4rC008\",\"image\":{\"@type\":\"ImageObject\",\"@id\":\"https:\/\/www.mobilimariani.com\/#personlogo\",\"inLanguage\":\"fr-CH\",\"url\":\"https:\/\/secure.gravatar.com\/avatar\/dfaa6e536fec7030712cf850e9ddef45?s=96&d=mm&r=g\",\"contentUrl\":\"https:\/\/secure.gravatar.com\/avatar\/dfaa6e536fec7030712cf850e9ddef45?s=96&d=mm&r=g\",\"caption\":\"14m4rC008\"}}]}<\/script>\n<!-- \/ Yoast SEO plugin. -->","_links":{"self":[{"href":"https:\/\/www.mobilimariani.com\/fr\/wp-json\/wp\/v2\/posts\/25667"}],"collection":[{"href":"https:\/\/www.mobilimariani.com\/fr\/wp-json\/wp\/v2\/posts"}],"about":[{"href":"https:\/\/www.mobilimariani.com\/fr\/wp-json\/wp\/v2\/types\/post"}],"author":[{"embeddable":true,"href":"https:\/\/www.mobilimariani.com\/fr\/wp-json\/wp\/v2\/users\/1"}],"replies":[{"embeddable":true,"href":"https:\/\/www.mobilimariani.com\/fr\/wp-json\/wp\/v2\/comments?post=25667"}],"version-history":[{"count":1,"href":"https:\/\/www.mobilimariani.com\/fr\/wp-json\/wp\/v2\/posts\/25667\/revisions"}],"predecessor-version":[{"id":25668,"href":"https:\/\/www.mobilimariani.com\/fr\/wp-json\/wp\/v2\/posts\/25667\/revisions\/25668"}],"wp:featuredmedia":[{"embeddable":true,"href":"https:\/\/www.mobilimariani.com\/fr\/wp-json\/wp\/v2\/media\/25653"}],"wp:attachment":[{"href":"https:\/\/www.mobilimariani.com\/fr\/wp-json\/wp\/v2\/media?parent=25667"}],"wp:term":[{"taxonomy":"category","embeddable":true,"href":"https:\/\/www.mobilimariani.com\/fr\/wp-json\/wp\/v2\/categories?post=25667"},{"taxonomy":"post_tag","embeddable":true,"href":"https:\/\/www.mobilimariani.com\/fr\/wp-json\/wp\/v2\/tags?post=25667"}],"curies":[{"name":"wp","href":"https:\/\/api.w.org\/{rel}","templated":true}]}}