{"id":25579,"date":"2020-09-24T19:42:16","date_gmt":"2020-09-24T17:42:16","guid":{"rendered":"https:\/\/www.mobilimariani.com\/?p=25579"},"modified":"2020-09-25T11:56:59","modified_gmt":"2020-09-25T09:56:59","slug":"ozzio-table-emisfero-extensible","status":"publish","type":"post","link":"https:\/\/www.mobilimariani.com\/fr\/ozzio-table-emisfero-extensible\/","title":{"rendered":"OZZIO TABLE EMISFERO EXTENSIBLE"},"content":{"rendered":"\n<p>OZZIO TABLE EMISFERO EXTENSIBLE<\/p>\n\n\n\n<p>Table \u00e0 manger extensible avec base en m\u00e9tal, plateau et rallonge centrale en bois \u00e9galement disponible dans les versions avec plateau en verre, marble glass ou verre lamin\u00e9 c\u00e9ramique.<\/p>\n\n\n\n<p>Plateau en verre disponible dans toutes les couleurs RAL.<\/p>\n\n\n\n<p>Structure peinte en graphite mat ou en gris colombe.<\/p>\n\n\n\n<p>Pour d\u00e9couvrir la marque Ozzio\u00a0<a href=\"https:\/\/www.mobilimariani.com\/fr\/concessionnaire-ozzio-design-2\/\">cliquez ici<\/a><\/p>\n\n\n\n<p>Pour d\u00e9couvrir le catalogue de toutes nos Tables,&nbsp;<a href=\"https:\/\/www.mobilimariani.com\/fr\/search\/table\">cliquez ici<\/a><\/p>\n\n\n\n<p>Vous voulez conna\u00eetre notre meilleur prix pour cet article?&nbsp;<a href=\"https:\/\/www.mobilimariani.com\/fr\/contacts\/\">Cliquez ici<\/a>&nbsp;et envoyez-nous la demande<\/p>\n\n\n\n<p>Signale le lieu de livraison et si le montage est n\u00e9c\u00e9ssaire.<\/p>\n\n\n\n<p>Nous livrons dans toute l\u2019Europe et o\u00f9 que tu sois.<\/p>\n\n\n\n<p>Pour nos clients suisses, il sera d\u00e9duit l\u2019I.V.A. italienne<\/p>\n","protected":false},"excerpt":{"rendered":"OZZIO TABLE EMISFERO EXTENSIBLE Table \u00e0 manger extensible avec base en m\u00e9tal, plateau et rallonge centrale en bois \u00e9galement disponible dans les versions avec plateau en verre, marble glass ou verre lamin\u00e9 c\u00e9ramique. Plateau en verre disponible dans toutes les couleurs RAL. Structure peinte en graphite mat ou en gris colombe. Pour d\u00e9couvrir la marque&#8230; <a class=\"view-article\" href=\"https:\/\/www.mobilimariani.com\/fr\/ozzio-table-emisfero-extensible\/\">Voir l&#8217;article<\/a>","protected":false},"author":1,"featured_media":25554,"comment_status":"closed","ping_status":"closed","sticky":false,"template":"","format":"standard","meta":[],"categories":[1,16,6],"tags":[],"yoast_head":"<!-- This site is optimized with the Yoast SEO plugin v16.2 - https:\/\/yoast.com\/wordpress\/plugins\/seo\/ -->\n<meta name=\"description\" content=\"OZZIO TABLE EMISFERO EXTENSIBLE Table \u00e0 manger extensible avec base en m\u00e9tal, plateau et rallonge centrale en bois \u00e9galement disponible dans les versions\" \/>\n<meta name=\"robots\" content=\"index, follow, max-snippet:-1, max-image-preview:large, max-video-preview:-1\" \/>\n<link rel=\"canonical\" href=\"https:\/\/www.mobilimariani.com\/fr\/ozzio-table-emisfero-extensible\/\" \/>\n<meta property=\"og:locale\" content=\"fr_FR\" \/>\n<meta property=\"og:type\" content=\"article\" \/>\n<meta property=\"og:title\" content=\"OZZIO TABLE EMISFERO EXTENSIBLE | Mobili Mariani\" \/>\n<meta property=\"og:description\" content=\"OZZIO TABLE EMISFERO EXTENSIBLE Table \u00e0 manger extensible avec base en m\u00e9tal, plateau et rallonge centrale en bois \u00e9galement disponible dans les versions\" \/>\n<meta property=\"og:url\" content=\"https:\/\/www.mobilimariani.com\/fr\/ozzio-table-emisfero-extensible\/\" \/>\n<meta property=\"og:site_name\" content=\"Mobili Mariani\" \/>\n<meta property=\"article:published_time\" content=\"2020-09-24T17:42:16+00:00\" \/>\n<meta property=\"article:modified_time\" content=\"2020-09-25T09:56:59+00:00\" \/>\n<meta property=\"og:image\" content=\"https:\/\/www.mobilimariani.com\/wp-content\/uploads\/2020\/09\/1-emisfero.jpg\" \/>\n\t<meta property=\"og:image:width\" content=\"795\" \/>\n\t<meta property=\"og:image:height\" content=\"595\" \/>\n<meta name=\"twitter:label1\" content=\"Est. reading time\">\n\t<meta name=\"twitter:data1\" content=\"1 minute\">\n<script type=\"application\/ld+json\" class=\"yoast-schema-graph\">{\"@context\":\"https:\/\/schema.org\",\"@graph\":[{\"@type\":\"Organization\",\"@id\":\"https:\/\/www.mobilimariani.com\/#organization\",\"name\":\"Mobili Mariani\",\"url\":\"https:\/\/www.mobilimariani.com\/\",\"sameAs\":[],\"logo\":{\"@type\":\"ImageObject\",\"@id\":\"https:\/\/www.mobilimariani.com\/#logo\",\"inLanguage\":\"fr-CH\",\"url\":\"https:\/\/www.mobilimariani.com\/wp-content\/uploads\/2015\/12\/logo.png\",\"contentUrl\":\"https:\/\/www.mobilimariani.com\/wp-content\/uploads\/2015\/12\/logo.png\",\"width\":160,\"height\":110,\"caption\":\"Mobili Mariani\"},\"image\":{\"@id\":\"https:\/\/www.mobilimariani.com\/#logo\"}},{\"@type\":\"WebSite\",\"@id\":\"https:\/\/www.mobilimariani.com\/#website\",\"url\":\"https:\/\/www.mobilimariani.com\/\",\"name\":\"Mobili Mariani\",\"description\":\"Mobili Italia Svizzera\",\"publisher\":{\"@id\":\"https:\/\/www.mobilimariani.com\/#organization\"},\"potentialAction\":[{\"@type\":\"SearchAction\",\"target\":\"https:\/\/www.mobilimariani.com\/?s={search_term_string}\",\"query-input\":\"required name=search_term_string\"}],\"inLanguage\":\"fr-CH\"},{\"@type\":\"ImageObject\",\"@id\":\"https:\/\/www.mobilimariani.com\/fr\/ozzio-table-emisfero-extensible\/#primaryimage\",\"inLanguage\":\"fr-CH\",\"url\":\"https:\/\/www.mobilimariani.com\/wp-content\/uploads\/2020\/09\/1-emisfero.jpg\",\"contentUrl\":\"https:\/\/www.mobilimariani.com\/wp-content\/uploads\/2020\/09\/1-emisfero.jpg\",\"width\":795,\"height\":595,\"caption\":\"OZZIO TAVOLO ALLUNGABILE EMISFERO\"},{\"@type\":\"WebPage\",\"@id\":\"https:\/\/www.mobilimariani.com\/fr\/ozzio-table-emisfero-extensible\/#webpage\",\"url\":\"https:\/\/www.mobilimariani.com\/fr\/ozzio-table-emisfero-extensible\/\",\"name\":\"OZZIO TABLE EMISFERO EXTENSIBLE | Mobili Mariani\",\"isPartOf\":{\"@id\":\"https:\/\/www.mobilimariani.com\/#website\"},\"primaryImageOfPage\":{\"@id\":\"https:\/\/www.mobilimariani.com\/fr\/ozzio-table-emisfero-extensible\/#primaryimage\"},\"datePublished\":\"2020-09-24T17:42:16+00:00\",\"dateModified\":\"2020-09-25T09:56:59+00:00\",\"description\":\"OZZIO TABLE EMISFERO EXTENSIBLE Table \\u00e0 manger extensible avec base en m\\u00e9tal, plateau et rallonge centrale en bois \\u00e9galement disponible dans les versions\",\"breadcrumb\":{\"@id\":\"https:\/\/www.mobilimariani.com\/fr\/ozzio-table-emisfero-extensible\/#breadcrumb\"},\"inLanguage\":\"fr-CH\",\"potentialAction\":[{\"@type\":\"ReadAction\",\"target\":[\"https:\/\/www.mobilimariani.com\/fr\/ozzio-table-emisfero-extensible\/\"]}]},{\"@type\":\"BreadcrumbList\",\"@id\":\"https:\/\/www.mobilimariani.com\/fr\/ozzio-table-emisfero-extensible\/#breadcrumb\",\"itemListElement\":[{\"@type\":\"ListItem\",\"position\":1,\"item\":{\"@type\":\"WebPage\",\"@id\":\"https:\/\/www.mobilimariani.com\/\",\"url\":\"https:\/\/www.mobilimariani.com\/\",\"name\":\"Home\"}},{\"@type\":\"ListItem\",\"position\":2,\"item\":{\"@id\":\"https:\/\/www.mobilimariani.com\/fr\/ozzio-table-emisfero-extensible\/#webpage\"}}]},{\"@type\":\"Article\",\"@id\":\"https:\/\/www.mobilimariani.com\/fr\/ozzio-table-emisfero-extensible\/#article\",\"isPartOf\":{\"@id\":\"https:\/\/www.mobilimariani.com\/fr\/ozzio-table-emisfero-extensible\/#webpage\"},\"author\":{\"@id\":\"https:\/\/www.mobilimariani.com\/#\/schema\/person\/4685d9f51269134e53f988c9122315f4\"},\"headline\":\"OZZIO TABLE EMISFERO EXTENSIBLE\",\"datePublished\":\"2020-09-24T17:42:16+00:00\",\"dateModified\":\"2020-09-25T09:56:59+00:00\",\"mainEntityOfPage\":{\"@id\":\"https:\/\/www.mobilimariani.com\/fr\/ozzio-table-emisfero-extensible\/#webpage\"},\"publisher\":{\"@id\":\"https:\/\/www.mobilimariani.com\/#organization\"},\"image\":{\"@id\":\"https:\/\/www.mobilimariani.com\/fr\/ozzio-table-emisfero-extensible\/#primaryimage\"},\"articleSection\":[\"Catalogue\",\"Cuisines\",\"Salle jour\"],\"inLanguage\":\"fr-CH\"},{\"@type\":\"Person\",\"@id\":\"https:\/\/www.mobilimariani.com\/#\/schema\/person\/4685d9f51269134e53f988c9122315f4\",\"name\":\"14m4rC008\",\"image\":{\"@type\":\"ImageObject\",\"@id\":\"https:\/\/www.mobilimariani.com\/#personlogo\",\"inLanguage\":\"fr-CH\",\"url\":\"https:\/\/secure.gravatar.com\/avatar\/dfaa6e536fec7030712cf850e9ddef45?s=96&d=mm&r=g\",\"contentUrl\":\"https:\/\/secure.gravatar.com\/avatar\/dfaa6e536fec7030712cf850e9ddef45?s=96&d=mm&r=g\",\"caption\":\"14m4rC008\"}}]}<\/script>\n<!-- \/ Yoast SEO plugin. -->","_links":{"self":[{"href":"https:\/\/www.mobilimariani.com\/fr\/wp-json\/wp\/v2\/posts\/25579"}],"collection":[{"href":"https:\/\/www.mobilimariani.com\/fr\/wp-json\/wp\/v2\/posts"}],"about":[{"href":"https:\/\/www.mobilimariani.com\/fr\/wp-json\/wp\/v2\/types\/post"}],"author":[{"embeddable":true,"href":"https:\/\/www.mobilimariani.com\/fr\/wp-json\/wp\/v2\/users\/1"}],"replies":[{"embeddable":true,"href":"https:\/\/www.mobilimariani.com\/fr\/wp-json\/wp\/v2\/comments?post=25579"}],"version-history":[{"count":2,"href":"https:\/\/www.mobilimariani.com\/fr\/wp-json\/wp\/v2\/posts\/25579\/revisions"}],"predecessor-version":[{"id":25590,"href":"https:\/\/www.mobilimariani.com\/fr\/wp-json\/wp\/v2\/posts\/25579\/revisions\/25590"}],"wp:featuredmedia":[{"embeddable":true,"href":"https:\/\/www.mobilimariani.com\/fr\/wp-json\/wp\/v2\/media\/25554"}],"wp:attachment":[{"href":"https:\/\/www.mobilimariani.com\/fr\/wp-json\/wp\/v2\/media?parent=25579"}],"wp:term":[{"taxonomy":"category","embeddable":true,"href":"https:\/\/www.mobilimariani.com\/fr\/wp-json\/wp\/v2\/categories?post=25579"},{"taxonomy":"post_tag","embeddable":true,"href":"https:\/\/www.mobilimariani.com\/fr\/wp-json\/wp\/v2\/tags?post=25579"}],"curies":[{"name":"wp","href":"https:\/\/api.w.org\/{rel}","templated":true}]}}