{"id":25420,"date":"2020-09-05T11:22:26","date_gmt":"2020-09-05T09:22:26","guid":{"rendered":"https:\/\/www.mobilimariani.com\/?p=25420"},"modified":"2020-09-05T11:22:26","modified_gmt":"2020-09-05T09:22:26","slug":"elli-flli-lit-double-retractable","status":"publish","type":"post","link":"https:\/\/www.mobilimariani.com\/fr\/elli-flli-lit-double-retractable\/","title":{"rendered":"ELLI FLLI LIT DOUBLE R\u00c9TRACTABLE"},"content":{"rendered":"<p>ELLI FLLI LIT DOUBLE R\u00c9TRACTABLE<\/p>\n<p>Surf vous permet de meubler de petites maisons ou de personnaliser une pi\u00e8ce multifonctionnelle. Les solutions intelligentes r\u00e9solvent tous les probl\u00e8mes d\u2019espace et s\u2019adaptent \u00e0 toutes les situations: jour et nuit, salon, bureau, salle \u00e0 manger.<\/p>\n<p>Lit transformable Linea Surf vertical avec \u00e9tag\u00e8re, canap\u00e9 escamotable avec rev\u00eatement d\u00e9houssable, pouf, t\u00eate de lit rembourr\u00e9e amovible, lumi\u00e8res dimmables. Ajout de la composition de la garde-robe ou de la biblioth\u00e8que. Sommier orthop\u00e9dique \u00abErgoAir\u00bb de haute qualit\u00e9 qui peut \u00eatre ouvert avec un mouvement ultra-rembourr\u00e9 doux. Lit convertible \u00e9galement disponible sans \u00e9tag\u00e8re et sans canap\u00e9. Disponible dans les finitions Delo Design list\u00e9es dans la liste de prix (Noyer, Live Ash, laqu\u00e9 \u00e0 pores lisses ou ouverts &#8230;). Rembourrage en cuir Delo Design et tissus en \u00e9co-cuir fournis. Possibilit\u00e9 de lit simple et autres mesures.<\/p>\n<p>Pour d\u00e9couvrir la marque Elli Fratelli\u00a0<a href=\"https:\/\/www.mobilimariani.com\/rivenditore-elli-fratelli\/?lang=fr\">cliquez ici<\/a><\/p>\n<p>Vous voulez conna\u00eetre notre meilleur prix pour cet article?\u00a0<a href=\"https:\/\/www.mobilimariani.com\/fr\/contacts\/\">Cliquez ici<\/a>\u00a0et envoyez-nous la demande.<\/p>\n<p>Signale le lieu de livraison et si le montage est n\u00e9c\u00e9ssaire.<\/p>\n<p>Nous livrons dans toute l\u2019Europe et o\u00f9 que vous soyez<\/p>\n","protected":false},"excerpt":{"rendered":"ELLI FLLI LIT DOUBLE R\u00c9TRACTABLE Surf vous permet de meubler de petites maisons ou de personnaliser une pi\u00e8ce multifonctionnelle. Les solutions intelligentes r\u00e9solvent tous les probl\u00e8mes d\u2019espace et s\u2019adaptent \u00e0 toutes les situations: jour et nuit, salon, bureau, salle \u00e0 manger. Lit transformable Linea Surf vertical avec \u00e9tag\u00e8re, canap\u00e9 escamotable avec rev\u00eatement d\u00e9houssable, pouf, t\u00eate&#8230; <a class=\"view-article\" href=\"https:\/\/www.mobilimariani.com\/fr\/elli-flli-lit-double-retractable\/\">Voir l&#8217;article<\/a>","protected":false},"author":1,"featured_media":0,"comment_status":"closed","ping_status":"closed","sticky":false,"template":"","format":"standard","meta":[],"categories":[36,1,5,6,2],"tags":[],"yoast_head":"<!-- This site is optimized with the Yoast SEO plugin v16.2 - https:\/\/yoast.com\/wordpress\/plugins\/seo\/ -->\n<meta name=\"description\" content=\"ELLI FLLI LIT DOUBLE R\u00c9TRACTABLE Surf vous permet de meubler de petites maisons ou de personnaliser une pi\u00e8ce multifonctionnelle. Les solutions\" \/>\n<meta name=\"robots\" content=\"index, follow, max-snippet:-1, max-image-preview:large, max-video-preview:-1\" \/>\n<link rel=\"canonical\" href=\"https:\/\/www.mobilimariani.com\/elli-flli-lit-double-retractable\/\" \/>\n<meta property=\"og:locale\" content=\"fr_FR\" \/>\n<meta property=\"og:type\" content=\"article\" \/>\n<meta property=\"og:title\" content=\"ELLI FLLI LIT DOUBLE R\u00c9TRACTABLE | Mobili Mariani\" \/>\n<meta property=\"og:description\" content=\"ELLI FLLI LIT DOUBLE R\u00c9TRACTABLE Surf vous permet de meubler de petites maisons ou de personnaliser une pi\u00e8ce multifonctionnelle. Les solutions\" \/>\n<meta property=\"og:url\" content=\"https:\/\/www.mobilimariani.com\/elli-flli-lit-double-retractable\/\" \/>\n<meta property=\"og:site_name\" content=\"Mobili Mariani\" \/>\n<meta property=\"article:published_time\" content=\"2020-09-05T09:22:26+00:00\" \/>\n<meta name=\"twitter:label1\" content=\"Est. reading time\">\n\t<meta name=\"twitter:data1\" content=\"1 minute\">\n<script type=\"application\/ld+json\" class=\"yoast-schema-graph\">{\"@context\":\"https:\/\/schema.org\",\"@graph\":[{\"@type\":\"Organization\",\"@id\":\"https:\/\/www.mobilimariani.com\/#organization\",\"name\":\"Mobili Mariani\",\"url\":\"https:\/\/www.mobilimariani.com\/\",\"sameAs\":[],\"logo\":{\"@type\":\"ImageObject\",\"@id\":\"https:\/\/www.mobilimariani.com\/#logo\",\"inLanguage\":\"fr-CH\",\"url\":\"https:\/\/www.mobilimariani.com\/wp-content\/uploads\/2015\/12\/logo.png\",\"contentUrl\":\"https:\/\/www.mobilimariani.com\/wp-content\/uploads\/2015\/12\/logo.png\",\"width\":160,\"height\":110,\"caption\":\"Mobili Mariani\"},\"image\":{\"@id\":\"https:\/\/www.mobilimariani.com\/#logo\"}},{\"@type\":\"WebSite\",\"@id\":\"https:\/\/www.mobilimariani.com\/#website\",\"url\":\"https:\/\/www.mobilimariani.com\/\",\"name\":\"Mobili Mariani\",\"description\":\"Mobili Italia Svizzera\",\"publisher\":{\"@id\":\"https:\/\/www.mobilimariani.com\/#organization\"},\"potentialAction\":[{\"@type\":\"SearchAction\",\"target\":\"https:\/\/www.mobilimariani.com\/?s={search_term_string}\",\"query-input\":\"required name=search_term_string\"}],\"inLanguage\":\"fr-CH\"},{\"@type\":\"WebPage\",\"@id\":\"https:\/\/www.mobilimariani.com\/elli-flli-lit-double-retractable\/#webpage\",\"url\":\"https:\/\/www.mobilimariani.com\/elli-flli-lit-double-retractable\/\",\"name\":\"ELLI FLLI LIT DOUBLE R\\u00c9TRACTABLE | Mobili Mariani\",\"isPartOf\":{\"@id\":\"https:\/\/www.mobilimariani.com\/#website\"},\"datePublished\":\"2020-09-05T09:22:26+00:00\",\"dateModified\":\"2020-09-05T09:22:26+00:00\",\"description\":\"ELLI FLLI LIT DOUBLE R\\u00c9TRACTABLE Surf vous permet de meubler de petites maisons ou de personnaliser une pi\\u00e8ce multifonctionnelle. Les solutions\",\"breadcrumb\":{\"@id\":\"https:\/\/www.mobilimariani.com\/elli-flli-lit-double-retractable\/#breadcrumb\"},\"inLanguage\":\"fr-CH\",\"potentialAction\":[{\"@type\":\"ReadAction\",\"target\":[\"https:\/\/www.mobilimariani.com\/elli-flli-lit-double-retractable\/\"]}]},{\"@type\":\"BreadcrumbList\",\"@id\":\"https:\/\/www.mobilimariani.com\/elli-flli-lit-double-retractable\/#breadcrumb\",\"itemListElement\":[{\"@type\":\"ListItem\",\"position\":1,\"item\":{\"@type\":\"WebPage\",\"@id\":\"https:\/\/www.mobilimariani.com\/\",\"url\":\"https:\/\/www.mobilimariani.com\/\",\"name\":\"Home\"}},{\"@type\":\"ListItem\",\"position\":2,\"item\":{\"@id\":\"https:\/\/www.mobilimariani.com\/elli-flli-lit-double-retractable\/#webpage\"}}]},{\"@type\":\"Article\",\"@id\":\"https:\/\/www.mobilimariani.com\/elli-flli-lit-double-retractable\/#article\",\"isPartOf\":{\"@id\":\"https:\/\/www.mobilimariani.com\/elli-flli-lit-double-retractable\/#webpage\"},\"author\":{\"@id\":\"https:\/\/www.mobilimariani.com\/#\/schema\/person\/4685d9f51269134e53f988c9122315f4\"},\"headline\":\"ELLI FLLI LIT DOUBLE R\\u00c9TRACTABLE\",\"datePublished\":\"2020-09-05T09:22:26+00:00\",\"dateModified\":\"2020-09-05T09:22:26+00:00\",\"mainEntityOfPage\":{\"@id\":\"https:\/\/www.mobilimariani.com\/elli-flli-lit-double-retractable\/#webpage\"},\"publisher\":{\"@id\":\"https:\/\/www.mobilimariani.com\/#organization\"},\"articleSection\":[\"Chambres d&rsquo;enfants\",\"Catalogue\",\"Lits\",\"Salle jour\",\"Zone nuit\"],\"inLanguage\":\"fr-CH\"},{\"@type\":\"Person\",\"@id\":\"https:\/\/www.mobilimariani.com\/#\/schema\/person\/4685d9f51269134e53f988c9122315f4\",\"name\":\"14m4rC008\",\"image\":{\"@type\":\"ImageObject\",\"@id\":\"https:\/\/www.mobilimariani.com\/#personlogo\",\"inLanguage\":\"fr-CH\",\"url\":\"https:\/\/secure.gravatar.com\/avatar\/dfaa6e536fec7030712cf850e9ddef45?s=96&d=mm&r=g\",\"contentUrl\":\"https:\/\/secure.gravatar.com\/avatar\/dfaa6e536fec7030712cf850e9ddef45?s=96&d=mm&r=g\",\"caption\":\"14m4rC008\"}}]}<\/script>\n<!-- \/ Yoast SEO plugin. -->","_links":{"self":[{"href":"https:\/\/www.mobilimariani.com\/fr\/wp-json\/wp\/v2\/posts\/25420"}],"collection":[{"href":"https:\/\/www.mobilimariani.com\/fr\/wp-json\/wp\/v2\/posts"}],"about":[{"href":"https:\/\/www.mobilimariani.com\/fr\/wp-json\/wp\/v2\/types\/post"}],"author":[{"embeddable":true,"href":"https:\/\/www.mobilimariani.com\/fr\/wp-json\/wp\/v2\/users\/1"}],"replies":[{"embeddable":true,"href":"https:\/\/www.mobilimariani.com\/fr\/wp-json\/wp\/v2\/comments?post=25420"}],"version-history":[{"count":2,"href":"https:\/\/www.mobilimariani.com\/fr\/wp-json\/wp\/v2\/posts\/25420\/revisions"}],"predecessor-version":[{"id":25422,"href":"https:\/\/www.mobilimariani.com\/fr\/wp-json\/wp\/v2\/posts\/25420\/revisions\/25422"}],"wp:attachment":[{"href":"https:\/\/www.mobilimariani.com\/fr\/wp-json\/wp\/v2\/media?parent=25420"}],"wp:term":[{"taxonomy":"category","embeddable":true,"href":"https:\/\/www.mobilimariani.com\/fr\/wp-json\/wp\/v2\/categories?post=25420"},{"taxonomy":"post_tag","embeddable":true,"href":"https:\/\/www.mobilimariani.com\/fr\/wp-json\/wp\/v2\/tags?post=25420"}],"curies":[{"name":"wp","href":"https:\/\/api.w.org\/{rel}","templated":true}]}}