{"id":25370,"date":"2020-09-05T10:29:16","date_gmt":"2020-09-05T08:29:16","guid":{"rendered":"https:\/\/www.mobilimariani.com\/?p=25370"},"modified":"2020-09-05T11:50:48","modified_gmt":"2020-09-05T09:50:48","slug":"elli-flli-lit-simple-retractable","status":"publish","type":"post","link":"https:\/\/www.mobilimariani.com\/fr\/elli-flli-lit-simple-retractable\/","title":{"rendered":"ELLI FLLI LIT SIMPLE R\u00c9TRACTABLE"},"content":{"rendered":"<p>ELLI FLLI LIT SIMPLE R\u00c9TRACTABLE<\/p>\n<p>Surf vous permet de meubler de petites maisons ou de personnaliser une pi\u00e8ce multifonctionnelle. Les solutions intelligentes r\u00e9solvent tous les probl\u00e8mes d&#8217;espace et s&#8217;adaptent \u00e0 toutes les situations: jour et nuit, salon, bureau, salle \u00e0 manger.<\/p>\n<p>Lits superpos\u00e9s transformables Surf Line avec \u00e9chelle et protections. Contenu dans la composition du mur (cm. H 223-190,5 minimum, p.38.4, l.205). Insertion possible dans une armoire pont, une biblioth\u00e8que ou une composition plus grande. Lumi\u00e8res LED et sacs en tissu en option pour la protection des lits superpos\u00e9s. Possibilit\u00e9 de canap\u00e9 avant rabattable et de rembourrage de lit arri\u00e8re, lumi\u00e8res ou \u00e9tag\u00e8res dimmables. Disponible dans les finitions Delo Design list\u00e9es dans la liste de prix (Noyer, Live Ash, laqu\u00e9 \u00e0 pores lisses ou ouverts &#8230;). Rembourrage en cuir Delo Design et tissus en \u00e9co-cuir fournis.<\/p>\n<p>Pour d\u00e9couvrir la marque Elli Fratelli\u00a0<a href=\"https:\/\/www.mobilimariani.com\/rivenditore-elli-fratelli\/?lang=fr\">cliquez ici<\/a><\/p>\n<p>Vous voulez conna\u00eetre notre meilleur prix pour cet article?\u00a0<a href=\"https:\/\/www.mobilimariani.com\/fr\/contacts\/\">Cliquez ici<\/a>\u00a0et envoyez-nous la demande.<\/p>\n<p>Signale le lieu de livraison et si le montage est n\u00e9c\u00e9ssaire.<\/p>\n<p>Nous livrons dans toute l\u2019Europe et o\u00f9 que vous soyez<\/p>\n","protected":false},"excerpt":{"rendered":"ELLI FLLI LIT SIMPLE R\u00c9TRACTABLE Surf vous permet de meubler de petites maisons ou de personnaliser une pi\u00e8ce multifonctionnelle. Les solutions intelligentes r\u00e9solvent tous les probl\u00e8mes d&#8217;espace et s&#8217;adaptent \u00e0 toutes les situations: jour et nuit, salon, bureau, salle \u00e0 manger. Lits superpos\u00e9s transformables Surf Line avec \u00e9chelle et protections. Contenu dans la composition du&#8230; <a class=\"view-article\" href=\"https:\/\/www.mobilimariani.com\/fr\/elli-flli-lit-simple-retractable\/\">Voir l&#8217;article<\/a>","protected":false},"author":1,"featured_media":0,"comment_status":"closed","ping_status":"closed","sticky":false,"template":"","format":"standard","meta":[],"categories":[36,1],"tags":[],"yoast_head":"<!-- This site is optimized with the Yoast SEO plugin v16.2 - https:\/\/yoast.com\/wordpress\/plugins\/seo\/ -->\n<meta name=\"description\" content=\"ELLI FLLI LIT SIMPLE R\u00c9TRACTABLE Surf vous permet de meubler de petites maisons ou de personnaliser une pi\u00e8ce multifonctionnelle. Les solutions\" \/>\n<meta name=\"robots\" content=\"index, follow, max-snippet:-1, max-image-preview:large, max-video-preview:-1\" \/>\n<link rel=\"canonical\" href=\"https:\/\/www.mobilimariani.com\/elli-flli-lit-simple-retractable\/\" \/>\n<meta property=\"og:locale\" content=\"fr_FR\" \/>\n<meta property=\"og:type\" content=\"article\" \/>\n<meta property=\"og:title\" content=\"ELLI FLLI LIT SIMPLE R\u00c9TRACTABLE | Mobili Mariani\" \/>\n<meta property=\"og:description\" content=\"ELLI FLLI LIT SIMPLE R\u00c9TRACTABLE Surf vous permet de meubler de petites maisons ou de personnaliser une pi\u00e8ce multifonctionnelle. Les solutions\" \/>\n<meta property=\"og:url\" content=\"https:\/\/www.mobilimariani.com\/elli-flli-lit-simple-retractable\/\" \/>\n<meta property=\"og:site_name\" content=\"Mobili Mariani\" \/>\n<meta property=\"article:published_time\" content=\"2020-09-05T08:29:16+00:00\" \/>\n<meta property=\"article:modified_time\" content=\"2020-09-05T09:50:48+00:00\" \/>\n<meta name=\"twitter:label1\" content=\"Est. reading time\">\n\t<meta name=\"twitter:data1\" content=\"1 minute\">\n<script type=\"application\/ld+json\" class=\"yoast-schema-graph\">{\"@context\":\"https:\/\/schema.org\",\"@graph\":[{\"@type\":\"Organization\",\"@id\":\"https:\/\/www.mobilimariani.com\/#organization\",\"name\":\"Mobili Mariani\",\"url\":\"https:\/\/www.mobilimariani.com\/\",\"sameAs\":[],\"logo\":{\"@type\":\"ImageObject\",\"@id\":\"https:\/\/www.mobilimariani.com\/#logo\",\"inLanguage\":\"fr-CH\",\"url\":\"https:\/\/www.mobilimariani.com\/wp-content\/uploads\/2015\/12\/logo.png\",\"contentUrl\":\"https:\/\/www.mobilimariani.com\/wp-content\/uploads\/2015\/12\/logo.png\",\"width\":160,\"height\":110,\"caption\":\"Mobili Mariani\"},\"image\":{\"@id\":\"https:\/\/www.mobilimariani.com\/#logo\"}},{\"@type\":\"WebSite\",\"@id\":\"https:\/\/www.mobilimariani.com\/#website\",\"url\":\"https:\/\/www.mobilimariani.com\/\",\"name\":\"Mobili Mariani\",\"description\":\"Mobili Italia Svizzera\",\"publisher\":{\"@id\":\"https:\/\/www.mobilimariani.com\/#organization\"},\"potentialAction\":[{\"@type\":\"SearchAction\",\"target\":\"https:\/\/www.mobilimariani.com\/?s={search_term_string}\",\"query-input\":\"required name=search_term_string\"}],\"inLanguage\":\"fr-CH\"},{\"@type\":\"WebPage\",\"@id\":\"https:\/\/www.mobilimariani.com\/elli-flli-lit-simple-retractable\/#webpage\",\"url\":\"https:\/\/www.mobilimariani.com\/elli-flli-lit-simple-retractable\/\",\"name\":\"ELLI FLLI LIT SIMPLE R\\u00c9TRACTABLE | Mobili Mariani\",\"isPartOf\":{\"@id\":\"https:\/\/www.mobilimariani.com\/#website\"},\"datePublished\":\"2020-09-05T08:29:16+00:00\",\"dateModified\":\"2020-09-05T09:50:48+00:00\",\"description\":\"ELLI FLLI LIT SIMPLE R\\u00c9TRACTABLE Surf vous permet de meubler de petites maisons ou de personnaliser une pi\\u00e8ce multifonctionnelle. Les solutions\",\"breadcrumb\":{\"@id\":\"https:\/\/www.mobilimariani.com\/elli-flli-lit-simple-retractable\/#breadcrumb\"},\"inLanguage\":\"fr-CH\",\"potentialAction\":[{\"@type\":\"ReadAction\",\"target\":[\"https:\/\/www.mobilimariani.com\/elli-flli-lit-simple-retractable\/\"]}]},{\"@type\":\"BreadcrumbList\",\"@id\":\"https:\/\/www.mobilimariani.com\/elli-flli-lit-simple-retractable\/#breadcrumb\",\"itemListElement\":[{\"@type\":\"ListItem\",\"position\":1,\"item\":{\"@type\":\"WebPage\",\"@id\":\"https:\/\/www.mobilimariani.com\/\",\"url\":\"https:\/\/www.mobilimariani.com\/\",\"name\":\"Home\"}},{\"@type\":\"ListItem\",\"position\":2,\"item\":{\"@id\":\"https:\/\/www.mobilimariani.com\/elli-flli-lit-simple-retractable\/#webpage\"}}]},{\"@type\":\"Article\",\"@id\":\"https:\/\/www.mobilimariani.com\/elli-flli-lit-simple-retractable\/#article\",\"isPartOf\":{\"@id\":\"https:\/\/www.mobilimariani.com\/elli-flli-lit-simple-retractable\/#webpage\"},\"author\":{\"@id\":\"https:\/\/www.mobilimariani.com\/#\/schema\/person\/4685d9f51269134e53f988c9122315f4\"},\"headline\":\"ELLI FLLI LIT SIMPLE R\\u00c9TRACTABLE\",\"datePublished\":\"2020-09-05T08:29:16+00:00\",\"dateModified\":\"2020-09-05T09:50:48+00:00\",\"mainEntityOfPage\":{\"@id\":\"https:\/\/www.mobilimariani.com\/elli-flli-lit-simple-retractable\/#webpage\"},\"publisher\":{\"@id\":\"https:\/\/www.mobilimariani.com\/#organization\"},\"articleSection\":[\"Chambres d&rsquo;enfants\",\"Catalogue\"],\"inLanguage\":\"fr-CH\"},{\"@type\":\"Person\",\"@id\":\"https:\/\/www.mobilimariani.com\/#\/schema\/person\/4685d9f51269134e53f988c9122315f4\",\"name\":\"14m4rC008\",\"image\":{\"@type\":\"ImageObject\",\"@id\":\"https:\/\/www.mobilimariani.com\/#personlogo\",\"inLanguage\":\"fr-CH\",\"url\":\"https:\/\/secure.gravatar.com\/avatar\/dfaa6e536fec7030712cf850e9ddef45?s=96&d=mm&r=g\",\"contentUrl\":\"https:\/\/secure.gravatar.com\/avatar\/dfaa6e536fec7030712cf850e9ddef45?s=96&d=mm&r=g\",\"caption\":\"14m4rC008\"}}]}<\/script>\n<!-- \/ Yoast SEO plugin. -->","_links":{"self":[{"href":"https:\/\/www.mobilimariani.com\/fr\/wp-json\/wp\/v2\/posts\/25370"}],"collection":[{"href":"https:\/\/www.mobilimariani.com\/fr\/wp-json\/wp\/v2\/posts"}],"about":[{"href":"https:\/\/www.mobilimariani.com\/fr\/wp-json\/wp\/v2\/types\/post"}],"author":[{"embeddable":true,"href":"https:\/\/www.mobilimariani.com\/fr\/wp-json\/wp\/v2\/users\/1"}],"replies":[{"embeddable":true,"href":"https:\/\/www.mobilimariani.com\/fr\/wp-json\/wp\/v2\/comments?post=25370"}],"version-history":[{"count":1,"href":"https:\/\/www.mobilimariani.com\/fr\/wp-json\/wp\/v2\/posts\/25370\/revisions"}],"predecessor-version":[{"id":25371,"href":"https:\/\/www.mobilimariani.com\/fr\/wp-json\/wp\/v2\/posts\/25370\/revisions\/25371"}],"wp:attachment":[{"href":"https:\/\/www.mobilimariani.com\/fr\/wp-json\/wp\/v2\/media?parent=25370"}],"wp:term":[{"taxonomy":"category","embeddable":true,"href":"https:\/\/www.mobilimariani.com\/fr\/wp-json\/wp\/v2\/categories?post=25370"},{"taxonomy":"post_tag","embeddable":true,"href":"https:\/\/www.mobilimariani.com\/fr\/wp-json\/wp\/v2\/tags?post=25370"}],"curies":[{"name":"wp","href":"https:\/\/api.w.org\/{rel}","templated":true}]}}