{"id":24612,"date":"2020-05-30T18:02:40","date_gmt":"2020-05-30T16:02:40","guid":{"rendered":"https:\/\/www.mobilimariani.com\/?p=24612"},"modified":"2020-06-06T17:06:46","modified_gmt":"2020-06-06T15:06:46","slug":"cerasa-bagni-des-2","status":"publish","type":"post","link":"https:\/\/www.mobilimariani.com\/fr\/cerasa-bagni-des\/","title":{"rendered":"CERASA BAGNI DES"},"content":{"rendered":"<p>CERASA BAGNI DES<\/p>\n<p>Les nombreux mat\u00e9riaux, disponibles en plusieurs finitions, peuvent \u00eatre combin\u00e9s entre eux pour cr\u00e9er des solutions toujours nouvelles.<\/p>\n<p>Il est int\u00e9ressant de pouvoir coordonner les fa\u00e7ades au plateau, en utilisant le m\u00eame mat\u00e9riau. La tige noire est un signe distinctif de Des coordonne divers produits de la collection : pieds, lampes, robinet, structures d&#8217;\u00e9tag\u00e8res, tables basses&#8230;<\/p>\n<p>Pour d\u00e9couvrir la marque Cerasa Bain\u00a0<a href=\"https:\/\/www.mobilimariani.com\/fr\/cerasa-bagni\/\">cliquez ici<\/a><\/p>\n<p>Pour d\u00e9couvrir notre catalogue salle de bain\u00a0<a href=\"https:\/\/www.mobilimariani.com\/fr\/search\/bains\">cliquez ici<\/a><\/p>\n<p>Vous voulez conna\u00eetre notre meilleur prix pour cet article?\u00a0<a href=\"https:\/\/www.mobilimariani.com\/fr\/contacts\/\">Cliquez ici<\/a>\u00a0et envoyez-nous la demande<\/p>\n<p>Pour nos clients suisses, il sera d\u00e9duit l\u2019I.V.A. italienne.<\/p>\n<p>Signale le lieu de livraison et si le montage est n\u00e9c\u00e9ssaire.<\/p>\n<p>Nous livrons dans toute l\u2019Europe et o\u00f9 que tu sois<\/p>\n","protected":false},"excerpt":{"rendered":"CERASA BAGNI DES Les nombreux mat\u00e9riaux, disponibles en plusieurs finitions, peuvent \u00eatre combin\u00e9s entre eux pour cr\u00e9er des solutions toujours nouvelles. Il est int\u00e9ressant de pouvoir coordonner les fa\u00e7ades au plateau, en utilisant le m\u00eame mat\u00e9riau. La tige noire est un signe distinctif de Des coordonne divers produits de la collection : pieds, lampes, robinet,&#8230; <a class=\"view-article\" href=\"https:\/\/www.mobilimariani.com\/fr\/cerasa-bagni-des\/\">Voir l&#8217;article<\/a>","protected":false},"author":1,"featured_media":0,"comment_status":"closed","ping_status":"closed","sticky":false,"template":"","format":"standard","meta":[],"categories":[17,1],"tags":[],"yoast_head":"<!-- This site is optimized with the Yoast SEO plugin v16.2 - https:\/\/yoast.com\/wordpress\/plugins\/seo\/ -->\n<meta name=\"description\" content=\"CERASA BAGNI DES Les nombreux mat\u00e9riaux, disponibles en plusieurs finitions, peuvent \u00eatre combin\u00e9s entre eux pour cr\u00e9er des solutions toujours nouvelles.\" \/>\n<meta name=\"robots\" content=\"index, follow, max-snippet:-1, max-image-preview:large, max-video-preview:-1\" \/>\n<link rel=\"canonical\" href=\"https:\/\/www.mobilimariani.com\/fr\/cerasa-bagni-des\/\" \/>\n<meta property=\"og:locale\" content=\"fr_FR\" \/>\n<meta property=\"og:type\" content=\"article\" \/>\n<meta property=\"og:title\" content=\"CERASA BAGNI DES | Mobili Mariani\" \/>\n<meta property=\"og:description\" content=\"CERASA BAGNI DES Les nombreux mat\u00e9riaux, disponibles en plusieurs finitions, peuvent \u00eatre combin\u00e9s entre eux pour cr\u00e9er des solutions toujours nouvelles.\" \/>\n<meta property=\"og:url\" content=\"https:\/\/www.mobilimariani.com\/fr\/cerasa-bagni-des\/\" \/>\n<meta property=\"og:site_name\" content=\"Mobili Mariani\" \/>\n<meta property=\"article:published_time\" content=\"2020-05-30T16:02:40+00:00\" \/>\n<meta property=\"article:modified_time\" content=\"2020-06-06T15:06:46+00:00\" \/>\n<meta name=\"twitter:label1\" content=\"Est. reading time\">\n\t<meta name=\"twitter:data1\" content=\"1 minute\">\n<script type=\"application\/ld+json\" class=\"yoast-schema-graph\">{\"@context\":\"https:\/\/schema.org\",\"@graph\":[{\"@type\":\"Organization\",\"@id\":\"https:\/\/www.mobilimariani.com\/#organization\",\"name\":\"Mobili Mariani\",\"url\":\"https:\/\/www.mobilimariani.com\/\",\"sameAs\":[],\"logo\":{\"@type\":\"ImageObject\",\"@id\":\"https:\/\/www.mobilimariani.com\/#logo\",\"inLanguage\":\"fr-CH\",\"url\":\"https:\/\/www.mobilimariani.com\/wp-content\/uploads\/2015\/12\/logo.png\",\"contentUrl\":\"https:\/\/www.mobilimariani.com\/wp-content\/uploads\/2015\/12\/logo.png\",\"width\":160,\"height\":110,\"caption\":\"Mobili Mariani\"},\"image\":{\"@id\":\"https:\/\/www.mobilimariani.com\/#logo\"}},{\"@type\":\"WebSite\",\"@id\":\"https:\/\/www.mobilimariani.com\/#website\",\"url\":\"https:\/\/www.mobilimariani.com\/\",\"name\":\"Mobili Mariani\",\"description\":\"Mobili Italia Svizzera\",\"publisher\":{\"@id\":\"https:\/\/www.mobilimariani.com\/#organization\"},\"potentialAction\":[{\"@type\":\"SearchAction\",\"target\":\"https:\/\/www.mobilimariani.com\/?s={search_term_string}\",\"query-input\":\"required name=search_term_string\"}],\"inLanguage\":\"fr-CH\"},{\"@type\":\"WebPage\",\"@id\":\"https:\/\/www.mobilimariani.com\/fr\/cerasa-bagni-des\/#webpage\",\"url\":\"https:\/\/www.mobilimariani.com\/fr\/cerasa-bagni-des\/\",\"name\":\"CERASA BAGNI DES | Mobili Mariani\",\"isPartOf\":{\"@id\":\"https:\/\/www.mobilimariani.com\/#website\"},\"datePublished\":\"2020-05-30T16:02:40+00:00\",\"dateModified\":\"2020-06-06T15:06:46+00:00\",\"description\":\"CERASA BAGNI DES Les nombreux mat\\u00e9riaux, disponibles en plusieurs finitions, peuvent \\u00eatre combin\\u00e9s entre eux pour cr\\u00e9er des solutions toujours nouvelles.\",\"breadcrumb\":{\"@id\":\"https:\/\/www.mobilimariani.com\/fr\/cerasa-bagni-des\/#breadcrumb\"},\"inLanguage\":\"fr-CH\",\"potentialAction\":[{\"@type\":\"ReadAction\",\"target\":[\"https:\/\/www.mobilimariani.com\/fr\/cerasa-bagni-des\/\"]}]},{\"@type\":\"BreadcrumbList\",\"@id\":\"https:\/\/www.mobilimariani.com\/fr\/cerasa-bagni-des\/#breadcrumb\",\"itemListElement\":[{\"@type\":\"ListItem\",\"position\":1,\"item\":{\"@type\":\"WebPage\",\"@id\":\"https:\/\/www.mobilimariani.com\/\",\"url\":\"https:\/\/www.mobilimariani.com\/\",\"name\":\"Home\"}},{\"@type\":\"ListItem\",\"position\":2,\"item\":{\"@id\":\"https:\/\/www.mobilimariani.com\/fr\/cerasa-bagni-des\/#webpage\"}}]},{\"@type\":\"Article\",\"@id\":\"https:\/\/www.mobilimariani.com\/fr\/cerasa-bagni-des\/#article\",\"isPartOf\":{\"@id\":\"https:\/\/www.mobilimariani.com\/fr\/cerasa-bagni-des\/#webpage\"},\"author\":{\"@id\":\"https:\/\/www.mobilimariani.com\/#\/schema\/person\/4685d9f51269134e53f988c9122315f4\"},\"headline\":\"CERASA BAGNI DES\",\"datePublished\":\"2020-05-30T16:02:40+00:00\",\"dateModified\":\"2020-06-06T15:06:46+00:00\",\"mainEntityOfPage\":{\"@id\":\"https:\/\/www.mobilimariani.com\/fr\/cerasa-bagni-des\/#webpage\"},\"publisher\":{\"@id\":\"https:\/\/www.mobilimariani.com\/#organization\"},\"articleSection\":[\"Bain\",\"Catalogue\"],\"inLanguage\":\"fr-CH\"},{\"@type\":\"Person\",\"@id\":\"https:\/\/www.mobilimariani.com\/#\/schema\/person\/4685d9f51269134e53f988c9122315f4\",\"name\":\"14m4rC008\",\"image\":{\"@type\":\"ImageObject\",\"@id\":\"https:\/\/www.mobilimariani.com\/#personlogo\",\"inLanguage\":\"fr-CH\",\"url\":\"https:\/\/secure.gravatar.com\/avatar\/dfaa6e536fec7030712cf850e9ddef45?s=96&d=mm&r=g\",\"contentUrl\":\"https:\/\/secure.gravatar.com\/avatar\/dfaa6e536fec7030712cf850e9ddef45?s=96&d=mm&r=g\",\"caption\":\"14m4rC008\"}}]}<\/script>\n<!-- \/ Yoast SEO plugin. -->","_links":{"self":[{"href":"https:\/\/www.mobilimariani.com\/fr\/wp-json\/wp\/v2\/posts\/24612"}],"collection":[{"href":"https:\/\/www.mobilimariani.com\/fr\/wp-json\/wp\/v2\/posts"}],"about":[{"href":"https:\/\/www.mobilimariani.com\/fr\/wp-json\/wp\/v2\/types\/post"}],"author":[{"embeddable":true,"href":"https:\/\/www.mobilimariani.com\/fr\/wp-json\/wp\/v2\/users\/1"}],"replies":[{"embeddable":true,"href":"https:\/\/www.mobilimariani.com\/fr\/wp-json\/wp\/v2\/comments?post=24612"}],"version-history":[{"count":1,"href":"https:\/\/www.mobilimariani.com\/fr\/wp-json\/wp\/v2\/posts\/24612\/revisions"}],"predecessor-version":[{"id":24613,"href":"https:\/\/www.mobilimariani.com\/fr\/wp-json\/wp\/v2\/posts\/24612\/revisions\/24613"}],"wp:attachment":[{"href":"https:\/\/www.mobilimariani.com\/fr\/wp-json\/wp\/v2\/media?parent=24612"}],"wp:term":[{"taxonomy":"category","embeddable":true,"href":"https:\/\/www.mobilimariani.com\/fr\/wp-json\/wp\/v2\/categories?post=24612"},{"taxonomy":"post_tag","embeddable":true,"href":"https:\/\/www.mobilimariani.com\/fr\/wp-json\/wp\/v2\/tags?post=24612"}],"curies":[{"name":"wp","href":"https:\/\/api.w.org\/{rel}","templated":true}]}}