{"id":24106,"date":"2020-03-20T11:26:43","date_gmt":"2020-03-20T10:26:43","guid":{"rendered":"https:\/\/www.mobilimariani.com\/?p=24106"},"modified":"2020-03-20T11:26:43","modified_gmt":"2020-03-20T10:26:43","slug":"vous-etes-un-professionnel-collaborez-avec-nous","status":"publish","type":"post","link":"https:\/\/www.mobilimariani.com\/fr\/vous-etes-un-professionnel-collaborez-avec-nous\/","title":{"rendered":"VOUS \u00caTES UN PROFESSIONNEL? COLLABOREZ AVEC NOUS !!"},"content":{"rendered":"<p>VOUS \u00caTES UN PROFESSIONNEL? COLLABOREZ AVEC NOUS !!<\/p>\n<p>Nous sommes toujours \u00e0 la recherche de nouvelles r\u00e9alit\u00e9s avec lesquelles partager les initiatives et les succ\u00e8s.<br \/>\nSi vous \u00eates un professionnel et travaillez en Italie, en France et en Suisse, contactez-nous en saisissant vos donn\u00e9es sur:<\/p>\n<p><a href=\"mailto:richieste@mobilimariani.it\">richieste@mobilimariani.it<\/a>\u00a0ou en \u00e9crivant \u00e0\u00a0<a href=\"mailto:mariani@mobilimariani.it\">mariani@mobilimariani.it<\/a>\u00a0et vous serez contact\u00e9.<\/p>\n","protected":false},"excerpt":{"rendered":"VOUS \u00caTES UN PROFESSIONNEL? COLLABOREZ AVEC NOUS !! Nous sommes toujours \u00e0 la recherche de nouvelles r\u00e9alit\u00e9s avec lesquelles partager les initiatives et les succ\u00e8s. Si vous \u00eates un professionnel et travaillez en Italie, en France et en Suisse, contactez-nous en saisissant vos donn\u00e9es sur: richieste@mobilimariani.it\u00a0ou en \u00e9crivant \u00e0\u00a0mariani@mobilimariani.it\u00a0et vous serez contact\u00e9.","protected":false},"author":1,"featured_media":0,"comment_status":"closed","ping_status":"closed","sticky":false,"template":"","format":"standard","meta":[],"categories":[8],"tags":[],"yoast_head":"<!-- This site is optimized with the Yoast SEO plugin v16.2 - https:\/\/yoast.com\/wordpress\/plugins\/seo\/ -->\n<meta name=\"description\" content=\"VOUS \u00caTES UN PROFESSIONNEL? COLLABOREZ AVEC NOUS !! Nous sommes toujours \u00e0 la recherche de nouvelles r\u00e9alit\u00e9s avec lesquelles partager les initiatives et\" \/>\n<meta name=\"robots\" content=\"index, follow, max-snippet:-1, max-image-preview:large, max-video-preview:-1\" \/>\n<link rel=\"canonical\" href=\"https:\/\/www.mobilimariani.com\/fr\/vous-etes-un-professionnel-collaborez-avec-nous\/\" \/>\n<meta property=\"og:locale\" content=\"fr_FR\" \/>\n<meta property=\"og:type\" content=\"article\" \/>\n<meta property=\"og:title\" content=\"VOUS \u00caTES UN PROFESSIONNEL? COLLABOREZ AVEC NOUS !! | Mobili Mariani\" \/>\n<meta property=\"og:description\" content=\"VOUS \u00caTES UN PROFESSIONNEL? COLLABOREZ AVEC NOUS !! Nous sommes toujours \u00e0 la recherche de nouvelles r\u00e9alit\u00e9s avec lesquelles partager les initiatives et\" \/>\n<meta property=\"og:url\" content=\"https:\/\/www.mobilimariani.com\/fr\/vous-etes-un-professionnel-collaborez-avec-nous\/\" \/>\n<meta property=\"og:site_name\" content=\"Mobili Mariani\" \/>\n<meta property=\"article:published_time\" content=\"2020-03-20T10:26:43+00:00\" \/>\n<script type=\"application\/ld+json\" class=\"yoast-schema-graph\">{\"@context\":\"https:\/\/schema.org\",\"@graph\":[{\"@type\":\"Organization\",\"@id\":\"https:\/\/www.mobilimariani.com\/#organization\",\"name\":\"Mobili Mariani\",\"url\":\"https:\/\/www.mobilimariani.com\/\",\"sameAs\":[],\"logo\":{\"@type\":\"ImageObject\",\"@id\":\"https:\/\/www.mobilimariani.com\/#logo\",\"inLanguage\":\"fr-CH\",\"url\":\"https:\/\/www.mobilimariani.com\/wp-content\/uploads\/2015\/12\/logo.png\",\"contentUrl\":\"https:\/\/www.mobilimariani.com\/wp-content\/uploads\/2015\/12\/logo.png\",\"width\":160,\"height\":110,\"caption\":\"Mobili Mariani\"},\"image\":{\"@id\":\"https:\/\/www.mobilimariani.com\/#logo\"}},{\"@type\":\"WebSite\",\"@id\":\"https:\/\/www.mobilimariani.com\/#website\",\"url\":\"https:\/\/www.mobilimariani.com\/\",\"name\":\"Mobili Mariani\",\"description\":\"Mobili Italia Svizzera\",\"publisher\":{\"@id\":\"https:\/\/www.mobilimariani.com\/#organization\"},\"potentialAction\":[{\"@type\":\"SearchAction\",\"target\":\"https:\/\/www.mobilimariani.com\/?s={search_term_string}\",\"query-input\":\"required name=search_term_string\"}],\"inLanguage\":\"fr-CH\"},{\"@type\":\"WebPage\",\"@id\":\"https:\/\/www.mobilimariani.com\/fr\/vous-etes-un-professionnel-collaborez-avec-nous\/#webpage\",\"url\":\"https:\/\/www.mobilimariani.com\/fr\/vous-etes-un-professionnel-collaborez-avec-nous\/\",\"name\":\"VOUS \\u00caTES UN PROFESSIONNEL? COLLABOREZ AVEC NOUS !! | Mobili Mariani\",\"isPartOf\":{\"@id\":\"https:\/\/www.mobilimariani.com\/#website\"},\"datePublished\":\"2020-03-20T10:26:43+00:00\",\"dateModified\":\"2020-03-20T10:26:43+00:00\",\"description\":\"VOUS \\u00caTES UN PROFESSIONNEL? COLLABOREZ AVEC NOUS !! Nous sommes toujours \\u00e0 la recherche de nouvelles r\\u00e9alit\\u00e9s avec lesquelles partager les initiatives et\",\"breadcrumb\":{\"@id\":\"https:\/\/www.mobilimariani.com\/fr\/vous-etes-un-professionnel-collaborez-avec-nous\/#breadcrumb\"},\"inLanguage\":\"fr-CH\",\"potentialAction\":[{\"@type\":\"ReadAction\",\"target\":[\"https:\/\/www.mobilimariani.com\/fr\/vous-etes-un-professionnel-collaborez-avec-nous\/\"]}]},{\"@type\":\"BreadcrumbList\",\"@id\":\"https:\/\/www.mobilimariani.com\/fr\/vous-etes-un-professionnel-collaborez-avec-nous\/#breadcrumb\",\"itemListElement\":[{\"@type\":\"ListItem\",\"position\":1,\"item\":{\"@type\":\"WebPage\",\"@id\":\"https:\/\/www.mobilimariani.com\/\",\"url\":\"https:\/\/www.mobilimariani.com\/\",\"name\":\"Home\"}},{\"@type\":\"ListItem\",\"position\":2,\"item\":{\"@id\":\"https:\/\/www.mobilimariani.com\/fr\/vous-etes-un-professionnel-collaborez-avec-nous\/#webpage\"}}]},{\"@type\":\"Article\",\"@id\":\"https:\/\/www.mobilimariani.com\/fr\/vous-etes-un-professionnel-collaborez-avec-nous\/#article\",\"isPartOf\":{\"@id\":\"https:\/\/www.mobilimariani.com\/fr\/vous-etes-un-professionnel-collaborez-avec-nous\/#webpage\"},\"author\":{\"@id\":\"https:\/\/www.mobilimariani.com\/#\/schema\/person\/4685d9f51269134e53f988c9122315f4\"},\"headline\":\"VOUS \\u00caTES UN PROFESSIONNEL? COLLABOREZ AVEC NOUS !!\",\"datePublished\":\"2020-03-20T10:26:43+00:00\",\"dateModified\":\"2020-03-20T10:26:43+00:00\",\"mainEntityOfPage\":{\"@id\":\"https:\/\/www.mobilimariani.com\/fr\/vous-etes-un-professionnel-collaborez-avec-nous\/#webpage\"},\"publisher\":{\"@id\":\"https:\/\/www.mobilimariani.com\/#organization\"},\"articleSection\":[\"News\"],\"inLanguage\":\"fr-CH\"},{\"@type\":\"Person\",\"@id\":\"https:\/\/www.mobilimariani.com\/#\/schema\/person\/4685d9f51269134e53f988c9122315f4\",\"name\":\"14m4rC008\",\"image\":{\"@type\":\"ImageObject\",\"@id\":\"https:\/\/www.mobilimariani.com\/#personlogo\",\"inLanguage\":\"fr-CH\",\"url\":\"https:\/\/secure.gravatar.com\/avatar\/dfaa6e536fec7030712cf850e9ddef45?s=96&d=mm&r=g\",\"contentUrl\":\"https:\/\/secure.gravatar.com\/avatar\/dfaa6e536fec7030712cf850e9ddef45?s=96&d=mm&r=g\",\"caption\":\"14m4rC008\"}}]}<\/script>\n<!-- \/ Yoast SEO plugin. -->","_links":{"self":[{"href":"https:\/\/www.mobilimariani.com\/fr\/wp-json\/wp\/v2\/posts\/24106"}],"collection":[{"href":"https:\/\/www.mobilimariani.com\/fr\/wp-json\/wp\/v2\/posts"}],"about":[{"href":"https:\/\/www.mobilimariani.com\/fr\/wp-json\/wp\/v2\/types\/post"}],"author":[{"embeddable":true,"href":"https:\/\/www.mobilimariani.com\/fr\/wp-json\/wp\/v2\/users\/1"}],"replies":[{"embeddable":true,"href":"https:\/\/www.mobilimariani.com\/fr\/wp-json\/wp\/v2\/comments?post=24106"}],"version-history":[{"count":1,"href":"https:\/\/www.mobilimariani.com\/fr\/wp-json\/wp\/v2\/posts\/24106\/revisions"}],"predecessor-version":[{"id":24107,"href":"https:\/\/www.mobilimariani.com\/fr\/wp-json\/wp\/v2\/posts\/24106\/revisions\/24107"}],"wp:attachment":[{"href":"https:\/\/www.mobilimariani.com\/fr\/wp-json\/wp\/v2\/media?parent=24106"}],"wp:term":[{"taxonomy":"category","embeddable":true,"href":"https:\/\/www.mobilimariani.com\/fr\/wp-json\/wp\/v2\/categories?post=24106"},{"taxonomy":"post_tag","embeddable":true,"href":"https:\/\/www.mobilimariani.com\/fr\/wp-json\/wp\/v2\/tags?post=24106"}],"curies":[{"name":"wp","href":"https:\/\/api.w.org\/{rel}","templated":true}]}}