{"id":23910,"date":"2020-02-22T17:43:32","date_gmt":"2020-02-22T16:43:32","guid":{"rendered":"https:\/\/www.mobilimariani.com\/?p=23910"},"modified":"2020-02-22T17:43:32","modified_gmt":"2020-02-22T16:43:32","slug":"studio-avec-bibliotheque-lema-bifacial","status":"publish","type":"post","link":"https:\/\/www.mobilimariani.com\/fr\/studio-avec-bibliotheque-lema-bifacial\/","title":{"rendered":"STUDIO AVEC BIBLIOTH\u00c8QUE LEMA BIFACIAL"},"content":{"rendered":"<p>STUDIO AVEC BIBLIOTH\u00c8QUE <a href=\"https:\/\/www.mobilimariani.com\/fr\/concessionaire-lema\/\">LEMA<\/a> BIFACIAL<\/p>\n<p>Compte tenu de la hauteur importante du salon de nos clients, il a \u00e9t\u00e9 possible de cr\u00e9er une mezzanine o\u00f9 placer l&#8217;espace bureau \/ chambre d&#8217;amis.<\/p>\n<p>Afin d&#8217;atteindre ces objectifs, sans sacrifier la luminosit\u00e9 de l&#8217;environnement, nous avons ins\u00e9r\u00e9 la biblioth\u00e8que de Lema <a href=\"https:\/\/www.mobilimariani.com\/fr\/bibliotheque-lema-selecta\/\">Selecta<\/a>, en la rendant double face en la composant avec des compartiments ouverts pour laisser passer la lumi\u00e8re et des compartiments ferm\u00e9s pour assurer le confinement et en m\u00eame temps prot\u00e9ger l&#8217;invit\u00e9 de la vue, en lui donnant la juste intimit\u00e9.<\/p>\n<p>Nous avons donc ins\u00e9r\u00e9 le canap\u00e9-lit <a href=\"https:\/\/www.mobilimariani.com\/fr\/meta-morfosi-morfeo-canape-lit\/\">Morfeo<\/a> di Meta choisi pour sa taille de matelas confortable et sa base de lit orthop\u00e9dique.<\/p>\n<p>La chambre d&#8217;amis est compl\u00e9t\u00e9e par <a href=\"https:\/\/www.mobilimariani.com\/fr\/lema-armoire-au-centimetre-2\/\">l&#8217;armoire<\/a> \u00e0 quatre portes de Lema, dont la finition en laque est identique \u00e0 celle de la biblioth\u00e8que.<\/p>\n<p>Pour le studio, le bureau Rock de <a href=\"https:\/\/www.mobilimariani.com\/fr\/concessionnaire-de-rosso\/\">De Rosso<\/a> en impression num\u00e9rique et la chaise longue <a href=\"https:\/\/www.mobilimariani.com\/fr\/saba-canape-avant-apres\/\">Avant-Apres<\/a> de <a href=\"https:\/\/www.mobilimariani.com\/fr\/concessionnaire-saba\/\">Saba <\/a>ont \u00e9t\u00e9 choisis, deux meubles dont les finitions de haute qualit\u00e9 rendent la vue depuis le salon \u00e9l\u00e9gante et pr\u00e9cieuse.<\/p>\n<p><a href=\"https:\/\/www.mobilimariani.com\/fr\/contacts\/\">Cliquez ici\u00a0<\/a>pour d\u00e9couvrir notre conception et nos conseil dans toute l\u2019Europe. Le prix de la conception vous seraz compl\u00e8tement \u00e9cart\u00e9e si vous achetez nos produits.<\/p>\n","protected":false},"excerpt":{"rendered":"STUDIO AVEC BIBLIOTH\u00c8QUE LEMA BIFACIAL Compte tenu de la hauteur importante du salon de nos clients, il a \u00e9t\u00e9 possible de cr\u00e9er une mezzanine o\u00f9 placer l&#8217;espace bureau \/ chambre d&#8217;amis. Afin d&#8217;atteindre ces objectifs, sans sacrifier la luminosit\u00e9 de l&#8217;environnement, nous avons ins\u00e9r\u00e9 la biblioth\u00e8que de Lema Selecta, en la rendant double face en&#8230; <a class=\"view-article\" href=\"https:\/\/www.mobilimariani.com\/fr\/studio-avec-bibliotheque-lema-bifacial\/\">Voir l&#8217;article<\/a>","protected":false},"author":1,"featured_media":0,"comment_status":"closed","ping_status":"closed","sticky":false,"template":"","format":"standard","meta":[],"categories":[1,15,6,19],"tags":[],"yoast_head":"<!-- This site is optimized with the Yoast SEO plugin v16.2 - https:\/\/yoast.com\/wordpress\/plugins\/seo\/ -->\n<meta name=\"description\" content=\"STUDIO AVEC BIBLIOTH\u00c8QUE LEMA BIFACIAL Compte tenu de la hauteur importante du salon de nos clients, il a \u00e9t\u00e9 possible de cr\u00e9er une mezzanine o\u00f9 placer\" \/>\n<meta name=\"robots\" content=\"index, follow, max-snippet:-1, max-image-preview:large, max-video-preview:-1\" \/>\n<link rel=\"canonical\" href=\"https:\/\/www.mobilimariani.com\/fr\/studio-avec-bibliotheque-lema-bifacial\/\" \/>\n<meta property=\"og:locale\" content=\"fr_FR\" \/>\n<meta property=\"og:type\" content=\"article\" \/>\n<meta property=\"og:title\" content=\"STUDIO AVEC BIBLIOTH\u00c8QUE LEMA BIFACIAL | Mobili Mariani\" \/>\n<meta property=\"og:description\" content=\"STUDIO AVEC BIBLIOTH\u00c8QUE LEMA BIFACIAL Compte tenu de la hauteur importante du salon de nos clients, il a \u00e9t\u00e9 possible de cr\u00e9er une mezzanine o\u00f9 placer\" \/>\n<meta property=\"og:url\" content=\"https:\/\/www.mobilimariani.com\/fr\/studio-avec-bibliotheque-lema-bifacial\/\" \/>\n<meta property=\"og:site_name\" content=\"Mobili Mariani\" \/>\n<meta property=\"article:published_time\" content=\"2020-02-22T16:43:32+00:00\" \/>\n<meta name=\"twitter:label1\" content=\"Est. reading time\">\n\t<meta name=\"twitter:data1\" content=\"1 minute\">\n<script type=\"application\/ld+json\" class=\"yoast-schema-graph\">{\"@context\":\"https:\/\/schema.org\",\"@graph\":[{\"@type\":\"Organization\",\"@id\":\"https:\/\/www.mobilimariani.com\/#organization\",\"name\":\"Mobili Mariani\",\"url\":\"https:\/\/www.mobilimariani.com\/\",\"sameAs\":[],\"logo\":{\"@type\":\"ImageObject\",\"@id\":\"https:\/\/www.mobilimariani.com\/#logo\",\"inLanguage\":\"fr-CH\",\"url\":\"https:\/\/www.mobilimariani.com\/wp-content\/uploads\/2015\/12\/logo.png\",\"contentUrl\":\"https:\/\/www.mobilimariani.com\/wp-content\/uploads\/2015\/12\/logo.png\",\"width\":160,\"height\":110,\"caption\":\"Mobili Mariani\"},\"image\":{\"@id\":\"https:\/\/www.mobilimariani.com\/#logo\"}},{\"@type\":\"WebSite\",\"@id\":\"https:\/\/www.mobilimariani.com\/#website\",\"url\":\"https:\/\/www.mobilimariani.com\/\",\"name\":\"Mobili Mariani\",\"description\":\"Mobili Italia Svizzera\",\"publisher\":{\"@id\":\"https:\/\/www.mobilimariani.com\/#organization\"},\"potentialAction\":[{\"@type\":\"SearchAction\",\"target\":\"https:\/\/www.mobilimariani.com\/?s={search_term_string}\",\"query-input\":\"required name=search_term_string\"}],\"inLanguage\":\"fr-CH\"},{\"@type\":\"WebPage\",\"@id\":\"https:\/\/www.mobilimariani.com\/fr\/studio-avec-bibliotheque-lema-bifacial\/#webpage\",\"url\":\"https:\/\/www.mobilimariani.com\/fr\/studio-avec-bibliotheque-lema-bifacial\/\",\"name\":\"STUDIO AVEC BIBLIOTH\\u00c8QUE LEMA BIFACIAL | Mobili Mariani\",\"isPartOf\":{\"@id\":\"https:\/\/www.mobilimariani.com\/#website\"},\"datePublished\":\"2020-02-22T16:43:32+00:00\",\"dateModified\":\"2020-02-22T16:43:32+00:00\",\"description\":\"STUDIO AVEC BIBLIOTH\\u00c8QUE LEMA BIFACIAL Compte tenu de la hauteur importante du salon de nos clients, il a \\u00e9t\\u00e9 possible de cr\\u00e9er une mezzanine o\\u00f9 placer\",\"breadcrumb\":{\"@id\":\"https:\/\/www.mobilimariani.com\/fr\/studio-avec-bibliotheque-lema-bifacial\/#breadcrumb\"},\"inLanguage\":\"fr-CH\",\"potentialAction\":[{\"@type\":\"ReadAction\",\"target\":[\"https:\/\/www.mobilimariani.com\/fr\/studio-avec-bibliotheque-lema-bifacial\/\"]}]},{\"@type\":\"BreadcrumbList\",\"@id\":\"https:\/\/www.mobilimariani.com\/fr\/studio-avec-bibliotheque-lema-bifacial\/#breadcrumb\",\"itemListElement\":[{\"@type\":\"ListItem\",\"position\":1,\"item\":{\"@type\":\"WebPage\",\"@id\":\"https:\/\/www.mobilimariani.com\/\",\"url\":\"https:\/\/www.mobilimariani.com\/\",\"name\":\"Home\"}},{\"@type\":\"ListItem\",\"position\":2,\"item\":{\"@id\":\"https:\/\/www.mobilimariani.com\/fr\/studio-avec-bibliotheque-lema-bifacial\/#webpage\"}}]},{\"@type\":\"Article\",\"@id\":\"https:\/\/www.mobilimariani.com\/fr\/studio-avec-bibliotheque-lema-bifacial\/#article\",\"isPartOf\":{\"@id\":\"https:\/\/www.mobilimariani.com\/fr\/studio-avec-bibliotheque-lema-bifacial\/#webpage\"},\"author\":{\"@id\":\"https:\/\/www.mobilimariani.com\/#\/schema\/person\/4685d9f51269134e53f988c9122315f4\"},\"headline\":\"STUDIO AVEC BIBLIOTH\\u00c8QUE LEMA BIFACIAL\",\"datePublished\":\"2020-02-22T16:43:32+00:00\",\"dateModified\":\"2020-02-22T16:43:32+00:00\",\"mainEntityOfPage\":{\"@id\":\"https:\/\/www.mobilimariani.com\/fr\/studio-avec-bibliotheque-lema-bifacial\/#webpage\"},\"publisher\":{\"@id\":\"https:\/\/www.mobilimariani.com\/#organization\"},\"articleSection\":[\"Catalogue\",\"Conception\",\"Salle jour\",\"Zone jour\"],\"inLanguage\":\"fr-CH\"},{\"@type\":\"Person\",\"@id\":\"https:\/\/www.mobilimariani.com\/#\/schema\/person\/4685d9f51269134e53f988c9122315f4\",\"name\":\"14m4rC008\",\"image\":{\"@type\":\"ImageObject\",\"@id\":\"https:\/\/www.mobilimariani.com\/#personlogo\",\"inLanguage\":\"fr-CH\",\"url\":\"https:\/\/secure.gravatar.com\/avatar\/dfaa6e536fec7030712cf850e9ddef45?s=96&d=mm&r=g\",\"contentUrl\":\"https:\/\/secure.gravatar.com\/avatar\/dfaa6e536fec7030712cf850e9ddef45?s=96&d=mm&r=g\",\"caption\":\"14m4rC008\"}}]}<\/script>\n<!-- \/ Yoast SEO plugin. -->","_links":{"self":[{"href":"https:\/\/www.mobilimariani.com\/fr\/wp-json\/wp\/v2\/posts\/23910"}],"collection":[{"href":"https:\/\/www.mobilimariani.com\/fr\/wp-json\/wp\/v2\/posts"}],"about":[{"href":"https:\/\/www.mobilimariani.com\/fr\/wp-json\/wp\/v2\/types\/post"}],"author":[{"embeddable":true,"href":"https:\/\/www.mobilimariani.com\/fr\/wp-json\/wp\/v2\/users\/1"}],"replies":[{"embeddable":true,"href":"https:\/\/www.mobilimariani.com\/fr\/wp-json\/wp\/v2\/comments?post=23910"}],"version-history":[{"count":1,"href":"https:\/\/www.mobilimariani.com\/fr\/wp-json\/wp\/v2\/posts\/23910\/revisions"}],"predecessor-version":[{"id":23911,"href":"https:\/\/www.mobilimariani.com\/fr\/wp-json\/wp\/v2\/posts\/23910\/revisions\/23911"}],"wp:attachment":[{"href":"https:\/\/www.mobilimariani.com\/fr\/wp-json\/wp\/v2\/media?parent=23910"}],"wp:term":[{"taxonomy":"category","embeddable":true,"href":"https:\/\/www.mobilimariani.com\/fr\/wp-json\/wp\/v2\/categories?post=23910"},{"taxonomy":"post_tag","embeddable":true,"href":"https:\/\/www.mobilimariani.com\/fr\/wp-json\/wp\/v2\/tags?post=23910"}],"curies":[{"name":"wp","href":"https:\/\/api.w.org\/{rel}","templated":true}]}}