{"id":23905,"date":"2020-02-22T17:14:22","date_gmt":"2020-02-22T16:14:22","guid":{"rendered":"https:\/\/www.mobilimariani.com\/?p=23905"},"modified":"2020-02-24T18:42:38","modified_gmt":"2020-02-24T17:42:38","slug":"alf-dafre-my-space-2","status":"publish","type":"post","link":"https:\/\/www.mobilimariani.com\/fr\/alf-dafre-my-space\/","title":{"rendered":"ALF DaFR\u00c9 MY SPACE"},"content":{"rendered":"<p>ALF DaFR\u00c9 MY SPACE<\/p>\n<p>Programme qui r\u00e9pond de mani\u00e8re importante aux nouvelles exigences d&#8217;habitation en utilisant deux directrices primaires : fonctionnalit\u00e9 et esth\u00e9tique.\u00a0My space, la nouvelle d\u00e9finition de la zone living. Syst\u00e8me qui con\u00e7oit la biblioth\u00e8que comme centre fonctionnel de la vie quotidienne, avec le maximum de versatilit\u00e9 de composition et de style.<br \/>\nBiblioth\u00e8ques avec montant portant d&#8217;une exceptionnelle versatilit\u00e9 dans les \u00e9paisseurs. Le syst\u00e8me est caract\u00e9ris\u00e9 par des c\u00f4t\u00e9s et des \u00e9tag\u00e8res de 35 mm d&#8217;\u00e9paisseur qui en soulignent les qualit\u00e9s et la robustesse.<\/p>\n<p><em>MARIANI CASUAL: meilleur rapport qualit\u00e9 \/ prix en version m\u00e9lamin\u00e9 ou laqu\u00e9 mat.<\/em><\/p>\n<p>Pour voir les finitions\u00a0<a href=\"https:\/\/www.mobilimariani.com\/fr\/alf-fre-finitions\/\">cliquez ici<\/a><\/p>\n<p>Pour d\u00e9couvrir la marque\u00a0ALF DAFR\u00c9\u00a0<a href=\"https:\/\/www.mobilimariani.com\/fr\/23666-2\/\">cliquez ici<\/a><\/p>\n<p>Vous voulez conna\u00eetre notre meilleur prix pour cet article?\u00a0<a href=\"https:\/\/www.mobilimariani.com\/fr\/contacts\/\">Cliquez ici<\/a>\u00a0et envoyez-nous la demande<\/p>\n<p><strong>Pour nos clients suisses, il sera d\u00e9duit l\u2019I.V.A. italienne de la valeur\u00a0de 22%.<\/strong><\/p>\n","protected":false},"excerpt":{"rendered":"ALF DaFR\u00c9 MY SPACE Programme qui r\u00e9pond de mani\u00e8re importante aux nouvelles exigences d&#8217;habitation en utilisant deux directrices primaires : fonctionnalit\u00e9 et esth\u00e9tique.\u00a0My space, la nouvelle d\u00e9finition de la zone living. Syst\u00e8me qui con\u00e7oit la biblioth\u00e8que comme centre fonctionnel de la vie quotidienne, avec le maximum de versatilit\u00e9 de composition et de style. Biblioth\u00e8ques avec&#8230; <a class=\"view-article\" href=\"https:\/\/www.mobilimariani.com\/fr\/alf-dafre-my-space\/\">Voir l&#8217;article<\/a>","protected":false},"author":1,"featured_media":0,"comment_status":"closed","ping_status":"closed","sticky":false,"template":"","format":"standard","meta":[],"categories":[1,39,6],"tags":[],"yoast_head":"<!-- This site is optimized with the Yoast SEO plugin v16.2 - https:\/\/yoast.com\/wordpress\/plugins\/seo\/ -->\n<meta name=\"description\" content=\"ALF DaFR\u00c9 MY SPACE Programme qui r\u00e9pond de mani\u00e8re importante aux nouvelles exigences d&#039;habitation en utilisant deux directrices primaires :\" \/>\n<meta name=\"robots\" content=\"index, follow, max-snippet:-1, max-image-preview:large, max-video-preview:-1\" \/>\n<link rel=\"canonical\" href=\"https:\/\/www.mobilimariani.com\/fr\/alf-dafre-my-space\/\" \/>\n<meta property=\"og:locale\" content=\"fr_FR\" \/>\n<meta property=\"og:type\" content=\"article\" \/>\n<meta property=\"og:title\" content=\"ALF DaFR\u00c9 MY SPACE | Mobili Mariani\" \/>\n<meta property=\"og:description\" content=\"ALF DaFR\u00c9 MY SPACE Programme qui r\u00e9pond de mani\u00e8re importante aux nouvelles exigences d&#039;habitation en utilisant deux directrices primaires :\" \/>\n<meta property=\"og:url\" content=\"https:\/\/www.mobilimariani.com\/fr\/alf-dafre-my-space\/\" \/>\n<meta property=\"og:site_name\" content=\"Mobili Mariani\" \/>\n<meta property=\"article:published_time\" content=\"2020-02-22T16:14:22+00:00\" \/>\n<meta property=\"article:modified_time\" content=\"2020-02-24T17:42:38+00:00\" \/>\n<meta name=\"twitter:label1\" content=\"Est. reading time\">\n\t<meta name=\"twitter:data1\" content=\"1 minute\">\n<script type=\"application\/ld+json\" class=\"yoast-schema-graph\">{\"@context\":\"https:\/\/schema.org\",\"@graph\":[{\"@type\":\"Organization\",\"@id\":\"https:\/\/www.mobilimariani.com\/#organization\",\"name\":\"Mobili Mariani\",\"url\":\"https:\/\/www.mobilimariani.com\/\",\"sameAs\":[],\"logo\":{\"@type\":\"ImageObject\",\"@id\":\"https:\/\/www.mobilimariani.com\/#logo\",\"inLanguage\":\"fr-CH\",\"url\":\"https:\/\/www.mobilimariani.com\/wp-content\/uploads\/2015\/12\/logo.png\",\"contentUrl\":\"https:\/\/www.mobilimariani.com\/wp-content\/uploads\/2015\/12\/logo.png\",\"width\":160,\"height\":110,\"caption\":\"Mobili Mariani\"},\"image\":{\"@id\":\"https:\/\/www.mobilimariani.com\/#logo\"}},{\"@type\":\"WebSite\",\"@id\":\"https:\/\/www.mobilimariani.com\/#website\",\"url\":\"https:\/\/www.mobilimariani.com\/\",\"name\":\"Mobili Mariani\",\"description\":\"Mobili Italia Svizzera\",\"publisher\":{\"@id\":\"https:\/\/www.mobilimariani.com\/#organization\"},\"potentialAction\":[{\"@type\":\"SearchAction\",\"target\":\"https:\/\/www.mobilimariani.com\/?s={search_term_string}\",\"query-input\":\"required name=search_term_string\"}],\"inLanguage\":\"fr-CH\"},{\"@type\":\"WebPage\",\"@id\":\"https:\/\/www.mobilimariani.com\/fr\/alf-dafre-my-space\/#webpage\",\"url\":\"https:\/\/www.mobilimariani.com\/fr\/alf-dafre-my-space\/\",\"name\":\"ALF DaFR\\u00c9 MY SPACE | Mobili Mariani\",\"isPartOf\":{\"@id\":\"https:\/\/www.mobilimariani.com\/#website\"},\"datePublished\":\"2020-02-22T16:14:22+00:00\",\"dateModified\":\"2020-02-24T17:42:38+00:00\",\"description\":\"ALF DaFR\\u00c9 MY SPACE Programme qui r\\u00e9pond de mani\\u00e8re importante aux nouvelles exigences d'habitation en utilisant deux directrices primaires :\",\"breadcrumb\":{\"@id\":\"https:\/\/www.mobilimariani.com\/fr\/alf-dafre-my-space\/#breadcrumb\"},\"inLanguage\":\"fr-CH\",\"potentialAction\":[{\"@type\":\"ReadAction\",\"target\":[\"https:\/\/www.mobilimariani.com\/fr\/alf-dafre-my-space\/\"]}]},{\"@type\":\"BreadcrumbList\",\"@id\":\"https:\/\/www.mobilimariani.com\/fr\/alf-dafre-my-space\/#breadcrumb\",\"itemListElement\":[{\"@type\":\"ListItem\",\"position\":1,\"item\":{\"@type\":\"WebPage\",\"@id\":\"https:\/\/www.mobilimariani.com\/\",\"url\":\"https:\/\/www.mobilimariani.com\/\",\"name\":\"Home\"}},{\"@type\":\"ListItem\",\"position\":2,\"item\":{\"@id\":\"https:\/\/www.mobilimariani.com\/fr\/alf-dafre-my-space\/#webpage\"}}]},{\"@type\":\"Article\",\"@id\":\"https:\/\/www.mobilimariani.com\/fr\/alf-dafre-my-space\/#article\",\"isPartOf\":{\"@id\":\"https:\/\/www.mobilimariani.com\/fr\/alf-dafre-my-space\/#webpage\"},\"author\":{\"@id\":\"https:\/\/www.mobilimariani.com\/#\/schema\/person\/4685d9f51269134e53f988c9122315f4\"},\"headline\":\"ALF DaFR\\u00c9 MY SPACE\",\"datePublished\":\"2020-02-22T16:14:22+00:00\",\"dateModified\":\"2020-02-24T17:42:38+00:00\",\"mainEntityOfPage\":{\"@id\":\"https:\/\/www.mobilimariani.com\/fr\/alf-dafre-my-space\/#webpage\"},\"publisher\":{\"@id\":\"https:\/\/www.mobilimariani.com\/#organization\"},\"articleSection\":[\"Catalogue\",\"Mariani casual\",\"Salle jour\"],\"inLanguage\":\"fr-CH\"},{\"@type\":\"Person\",\"@id\":\"https:\/\/www.mobilimariani.com\/#\/schema\/person\/4685d9f51269134e53f988c9122315f4\",\"name\":\"14m4rC008\",\"image\":{\"@type\":\"ImageObject\",\"@id\":\"https:\/\/www.mobilimariani.com\/#personlogo\",\"inLanguage\":\"fr-CH\",\"url\":\"https:\/\/secure.gravatar.com\/avatar\/dfaa6e536fec7030712cf850e9ddef45?s=96&d=mm&r=g\",\"contentUrl\":\"https:\/\/secure.gravatar.com\/avatar\/dfaa6e536fec7030712cf850e9ddef45?s=96&d=mm&r=g\",\"caption\":\"14m4rC008\"}}]}<\/script>\n<!-- \/ Yoast SEO plugin. -->","_links":{"self":[{"href":"https:\/\/www.mobilimariani.com\/fr\/wp-json\/wp\/v2\/posts\/23905"}],"collection":[{"href":"https:\/\/www.mobilimariani.com\/fr\/wp-json\/wp\/v2\/posts"}],"about":[{"href":"https:\/\/www.mobilimariani.com\/fr\/wp-json\/wp\/v2\/types\/post"}],"author":[{"embeddable":true,"href":"https:\/\/www.mobilimariani.com\/fr\/wp-json\/wp\/v2\/users\/1"}],"replies":[{"embeddable":true,"href":"https:\/\/www.mobilimariani.com\/fr\/wp-json\/wp\/v2\/comments?post=23905"}],"version-history":[{"count":2,"href":"https:\/\/www.mobilimariani.com\/fr\/wp-json\/wp\/v2\/posts\/23905\/revisions"}],"predecessor-version":[{"id":23934,"href":"https:\/\/www.mobilimariani.com\/fr\/wp-json\/wp\/v2\/posts\/23905\/revisions\/23934"}],"wp:attachment":[{"href":"https:\/\/www.mobilimariani.com\/fr\/wp-json\/wp\/v2\/media?parent=23905"}],"wp:term":[{"taxonomy":"category","embeddable":true,"href":"https:\/\/www.mobilimariani.com\/fr\/wp-json\/wp\/v2\/categories?post=23905"},{"taxonomy":"post_tag","embeddable":true,"href":"https:\/\/www.mobilimariani.com\/fr\/wp-json\/wp\/v2\/tags?post=23905"}],"curies":[{"name":"wp","href":"https:\/\/api.w.org\/{rel}","templated":true}]}}