{"id":23670,"date":"2020-02-15T18:21:34","date_gmt":"2020-02-15T17:21:34","guid":{"rendered":"https:\/\/www.mobilimariani.com\/?p=23670"},"modified":"2020-02-24T18:44:51","modified_gmt":"2020-02-24T17:44:51","slug":"23670-2","status":"publish","type":"post","link":"https:\/\/www.mobilimariani.com\/fr\/23670-2\/","title":{"rendered":""},"content":{"rendered":"<p>ALF DAFR\u00c9 DAY COLLECTION<\/p>\n<p>Day collection<strong>\u00a0<\/strong>est un syst\u00e8me versatile pour toutes les pi\u00e8ces de la maison. Elle offre la plus totale libert\u00e9 de composition. Modules, \u00e9tag\u00e8res, panneaux muraux, bancs et blocs tiroirs pour cr\u00e9er des modules traditionnels ou bien de nouvelles compositions qui jouent avec les pleins et les vides. Les multiples finitions s&#8217;adaptent \u00e9galement aux diff\u00e9rents go\u00fbts et exigences.<\/p>\n<p><em>MARIANI CASUAL: meilleur rapport qualit\u00e9 \/ prix en version m\u00e9lamin\u00e9 ou laqu\u00e9 mat.<\/em><\/p>\n<p>Pour voir les finitions <a href=\"https:\/\/www.mobilimariani.com\/fr\/alf-fre-finitions\/\">cliquez ici<\/a><\/p>\n<p>Pour d\u00e9couvrir la marque\u00a0ALF DAFR\u00c9 <a href=\"https:\/\/www.mobilimariani.com\/fr\/23666-2\/\">cliquez ici<\/a><\/p>\n<p>Vous voulez conna\u00eetre notre meilleur prix pour cet article?\u00a0<a href=\"https:\/\/www.mobilimariani.com\/fr\/contacts\/\">Cliquez ici<\/a>\u00a0et envoyez-nous la demande<\/p>\n<p><strong>Pour nos clients suisses, il sera d\u00e9duit l\u2019I.V.A. italienne de la valeur\u00a0de 22%.<\/strong><\/p>\n","protected":false},"excerpt":{"rendered":"ALF DAFR\u00c9 DAY COLLECTION Day collection\u00a0est un syst\u00e8me versatile pour toutes les pi\u00e8ces de la maison. Elle offre la plus totale libert\u00e9 de composition. Modules, \u00e9tag\u00e8res, panneaux muraux, bancs et blocs tiroirs pour cr\u00e9er des modules traditionnels ou bien de nouvelles compositions qui jouent avec les pleins et les vides. Les multiples finitions s&#8217;adaptent \u00e9galement&#8230; <a class=\"view-article\" href=\"https:\/\/www.mobilimariani.com\/fr\/23670-2\/\">Voir l&#8217;article<\/a>","protected":false},"author":1,"featured_media":0,"comment_status":"closed","ping_status":"closed","sticky":false,"template":"","format":"standard","meta":[],"categories":[1,39,6],"tags":[],"yoast_head":"<!-- This site is optimized with the Yoast SEO plugin v16.2 - https:\/\/yoast.com\/wordpress\/plugins\/seo\/ -->\n<meta name=\"description\" content=\"ALF DAFR\u00c9 DAY COLLECTION Day collection\u00a0est un syst\u00e8me versatile pour toutes les pi\u00e8ces de la maison. Elle offre la plus totale libert\u00e9 de composition.\" \/>\n<meta name=\"robots\" content=\"index, follow, max-snippet:-1, max-image-preview:large, max-video-preview:-1\" \/>\n<link rel=\"canonical\" href=\"https:\/\/www.mobilimariani.com\/fr\/23670-2\/\" \/>\n<meta property=\"og:locale\" content=\"fr_FR\" \/>\n<meta property=\"og:type\" content=\"article\" \/>\n<meta property=\"og:title\" content=\"| Mobili Mariani\" \/>\n<meta property=\"og:description\" content=\"ALF DAFR\u00c9 DAY COLLECTION Day collection\u00a0est un syst\u00e8me versatile pour toutes les pi\u00e8ces de la maison. Elle offre la plus totale libert\u00e9 de composition.\" \/>\n<meta property=\"og:url\" content=\"https:\/\/www.mobilimariani.com\/fr\/23670-2\/\" \/>\n<meta property=\"og:site_name\" content=\"Mobili Mariani\" \/>\n<meta property=\"article:published_time\" content=\"2020-02-15T17:21:34+00:00\" \/>\n<meta property=\"article:modified_time\" content=\"2020-02-24T17:44:51+00:00\" \/>\n<meta name=\"twitter:label1\" content=\"Est. reading time\">\n\t<meta name=\"twitter:data1\" content=\"1 minute\">\n<script type=\"application\/ld+json\" class=\"yoast-schema-graph\">{\"@context\":\"https:\/\/schema.org\",\"@graph\":[{\"@type\":\"Organization\",\"@id\":\"https:\/\/www.mobilimariani.com\/#organization\",\"name\":\"Mobili Mariani\",\"url\":\"https:\/\/www.mobilimariani.com\/\",\"sameAs\":[],\"logo\":{\"@type\":\"ImageObject\",\"@id\":\"https:\/\/www.mobilimariani.com\/#logo\",\"inLanguage\":\"fr-CH\",\"url\":\"https:\/\/www.mobilimariani.com\/wp-content\/uploads\/2015\/12\/logo.png\",\"contentUrl\":\"https:\/\/www.mobilimariani.com\/wp-content\/uploads\/2015\/12\/logo.png\",\"width\":160,\"height\":110,\"caption\":\"Mobili Mariani\"},\"image\":{\"@id\":\"https:\/\/www.mobilimariani.com\/#logo\"}},{\"@type\":\"WebSite\",\"@id\":\"https:\/\/www.mobilimariani.com\/#website\",\"url\":\"https:\/\/www.mobilimariani.com\/\",\"name\":\"Mobili Mariani\",\"description\":\"Mobili Italia Svizzera\",\"publisher\":{\"@id\":\"https:\/\/www.mobilimariani.com\/#organization\"},\"potentialAction\":[{\"@type\":\"SearchAction\",\"target\":\"https:\/\/www.mobilimariani.com\/?s={search_term_string}\",\"query-input\":\"required name=search_term_string\"}],\"inLanguage\":\"fr-CH\"},{\"@type\":\"WebPage\",\"@id\":\"https:\/\/www.mobilimariani.com\/fr\/23670-2\/#webpage\",\"url\":\"https:\/\/www.mobilimariani.com\/fr\/23670-2\/\",\"name\":\"| Mobili Mariani\",\"isPartOf\":{\"@id\":\"https:\/\/www.mobilimariani.com\/#website\"},\"datePublished\":\"2020-02-15T17:21:34+00:00\",\"dateModified\":\"2020-02-24T17:44:51+00:00\",\"description\":\"ALF DAFR\\u00c9 DAY COLLECTION Day collection\\u00a0est un syst\\u00e8me versatile pour toutes les pi\\u00e8ces de la maison. Elle offre la plus totale libert\\u00e9 de composition.\",\"breadcrumb\":{\"@id\":\"https:\/\/www.mobilimariani.com\/fr\/23670-2\/#breadcrumb\"},\"inLanguage\":\"fr-CH\",\"potentialAction\":[{\"@type\":\"ReadAction\",\"target\":[\"https:\/\/www.mobilimariani.com\/fr\/23670-2\/\"]}]},{\"@type\":\"BreadcrumbList\",\"@id\":\"https:\/\/www.mobilimariani.com\/fr\/23670-2\/#breadcrumb\",\"itemListElement\":[{\"@type\":\"ListItem\",\"position\":1,\"item\":{\"@type\":\"WebPage\",\"@id\":\"https:\/\/www.mobilimariani.com\/\",\"url\":\"https:\/\/www.mobilimariani.com\/\",\"name\":\"Home\"}},{\"@type\":\"ListItem\",\"position\":2,\"item\":{\"@id\":\"https:\/\/www.mobilimariani.com\/fr\/23670-2\/#webpage\"}}]},{\"@type\":\"Article\",\"@id\":\"https:\/\/www.mobilimariani.com\/fr\/23670-2\/#article\",\"isPartOf\":{\"@id\":\"https:\/\/www.mobilimariani.com\/fr\/23670-2\/#webpage\"},\"author\":{\"@id\":\"https:\/\/www.mobilimariani.com\/#\/schema\/person\/4685d9f51269134e53f988c9122315f4\"},\"headline\":\"No title\",\"datePublished\":\"2020-02-15T17:21:34+00:00\",\"dateModified\":\"2020-02-24T17:44:51+00:00\",\"mainEntityOfPage\":{\"@id\":\"https:\/\/www.mobilimariani.com\/fr\/23670-2\/#webpage\"},\"publisher\":{\"@id\":\"https:\/\/www.mobilimariani.com\/#organization\"},\"articleSection\":[\"Catalogue\",\"Mariani casual\",\"Salle jour\"],\"inLanguage\":\"fr-CH\"},{\"@type\":\"Person\",\"@id\":\"https:\/\/www.mobilimariani.com\/#\/schema\/person\/4685d9f51269134e53f988c9122315f4\",\"name\":\"14m4rC008\",\"image\":{\"@type\":\"ImageObject\",\"@id\":\"https:\/\/www.mobilimariani.com\/#personlogo\",\"inLanguage\":\"fr-CH\",\"url\":\"https:\/\/secure.gravatar.com\/avatar\/dfaa6e536fec7030712cf850e9ddef45?s=96&d=mm&r=g\",\"contentUrl\":\"https:\/\/secure.gravatar.com\/avatar\/dfaa6e536fec7030712cf850e9ddef45?s=96&d=mm&r=g\",\"caption\":\"14m4rC008\"}}]}<\/script>\n<!-- \/ Yoast SEO plugin. -->","_links":{"self":[{"href":"https:\/\/www.mobilimariani.com\/fr\/wp-json\/wp\/v2\/posts\/23670"}],"collection":[{"href":"https:\/\/www.mobilimariani.com\/fr\/wp-json\/wp\/v2\/posts"}],"about":[{"href":"https:\/\/www.mobilimariani.com\/fr\/wp-json\/wp\/v2\/types\/post"}],"author":[{"embeddable":true,"href":"https:\/\/www.mobilimariani.com\/fr\/wp-json\/wp\/v2\/users\/1"}],"replies":[{"embeddable":true,"href":"https:\/\/www.mobilimariani.com\/fr\/wp-json\/wp\/v2\/comments?post=23670"}],"version-history":[{"count":4,"href":"https:\/\/www.mobilimariani.com\/fr\/wp-json\/wp\/v2\/posts\/23670\/revisions"}],"predecessor-version":[{"id":23935,"href":"https:\/\/www.mobilimariani.com\/fr\/wp-json\/wp\/v2\/posts\/23670\/revisions\/23935"}],"wp:attachment":[{"href":"https:\/\/www.mobilimariani.com\/fr\/wp-json\/wp\/v2\/media?parent=23670"}],"wp:term":[{"taxonomy":"category","embeddable":true,"href":"https:\/\/www.mobilimariani.com\/fr\/wp-json\/wp\/v2\/categories?post=23670"},{"taxonomy":"post_tag","embeddable":true,"href":"https:\/\/www.mobilimariani.com\/fr\/wp-json\/wp\/v2\/tags?post=23670"}],"curies":[{"name":"wp","href":"https:\/\/api.w.org\/{rel}","templated":true}]}}