{"id":23408,"date":"2020-09-29T11:33:18","date_gmt":"2020-09-29T09:33:18","guid":{"rendered":"https:\/\/www.mobilimariani.com\/?p=23408"},"modified":"2020-10-10T11:31:07","modified_gmt":"2020-10-10T09:31:07","slug":"lema-shade-table","status":"publish","type":"post","link":"https:\/\/www.mobilimariani.com\/fr\/lema-shade-table\/","title":{"rendered":"LEMA SHADE TABLE"},"content":{"rendered":"<p>LEMA SHADE TABLE\u00a0design Francesco Rota<\/p>\n<p>Francesco Rota con\u00e7oit la table Shade, une combinaison harmonieuse du m\u00e9tal bronz\u00e9 de la base et du plateau subtilement contrast\u00e9. Les dimensions g\u00e9n\u00e9reuses de cette importante table \u00e0 manger (350 cm de long) en font une pi\u00e8ce ma\u00eetresse parfaite: le pi\u00e9destal sculptural est compos\u00e9 de d\u00e9licates plaques de m\u00e9tal trait\u00e9es dispos\u00e9es en croix asym\u00e9trique; le nom d\u00e9rive du jeu de la lumi\u00e8re et de l&#8217;ombre sur la grille m\u00e9tallique. Le plateau, disponible en diff\u00e9rents mat\u00e9riaux et finitions, compl\u00e8te l&#8217;esth\u00e9tique de cet important meuble.<\/p>\n<p>Structure:<br \/>\n-Metal<\/p>\n<p>Plateau:<br \/>\n-Argilla<br \/>\n-Bois<br \/>\n\u2013Marbre reconstruit<\/p>\n<p>Pour d\u00e9couvrir la marque Lema,<a href=\"https:\/\/www.mobilimariani.com\/fr\/concessionaire-lema\/\">\u00a0cliquez ici<\/a><\/p>\n<p>Pour d\u00e9couvrir le catalogue de toutes nos Tables,\u00a0<a href=\"https:\/\/www.mobilimariani.com\/fr\/search\/table\">cliquez ici<\/a><\/p>\n<p>Vous voulez conna\u00eetre notre meilleur prix pour cet article?\u00a0<a href=\"https:\/\/www.mobilimariani.com\/fr\/contacts\/\">Cliquez ici<\/a>\u00a0et envoyez-nous la demande<\/p>\n<p>Signale le lieu de livraison et si le montage est n\u00e9c\u00e9ssaire.<\/p>\n<p>Nous livrons dans toute l\u2019Europe et o\u00f9 que tu sois.<\/p>\n<p>Pour nos clients suisses, il sera d\u00e9duit l\u2019I.V.A. italienne<\/p>\n","protected":false},"excerpt":{"rendered":"LEMA SHADE TABLE\u00a0design Francesco Rota Francesco Rota con\u00e7oit la table Shade, une combinaison harmonieuse du m\u00e9tal bronz\u00e9 de la base et du plateau subtilement contrast\u00e9. Les dimensions g\u00e9n\u00e9reuses de cette importante table \u00e0 manger (350 cm de long) en font une pi\u00e8ce ma\u00eetresse parfaite: le pi\u00e9destal sculptural est compos\u00e9 de d\u00e9licates plaques de m\u00e9tal trait\u00e9es&#8230; <a class=\"view-article\" href=\"https:\/\/www.mobilimariani.com\/fr\/lema-shade-table\/\">Voir l&#8217;article<\/a>","protected":false},"author":1,"featured_media":0,"comment_status":"closed","ping_status":"closed","sticky":false,"template":"","format":"standard","meta":[],"categories":[1,6],"tags":[],"yoast_head":"<!-- This site is optimized with the Yoast SEO plugin v16.2 - https:\/\/yoast.com\/wordpress\/plugins\/seo\/ -->\n<meta name=\"description\" content=\"LEMA SHADE TABLE\u00a0design Francesco Rota Francesco Rota con\u00e7oit la table Shade, une combinaison harmonieuse du m\u00e9tal bronz\u00e9 de la base et du plateau\" \/>\n<meta name=\"robots\" content=\"index, follow, max-snippet:-1, max-image-preview:large, max-video-preview:-1\" \/>\n<link rel=\"canonical\" href=\"https:\/\/www.mobilimariani.com\/fr\/lema-shade-table\/\" \/>\n<meta property=\"og:locale\" content=\"fr_FR\" \/>\n<meta property=\"og:type\" content=\"article\" \/>\n<meta property=\"og:title\" content=\"LEMA SHADE TABLE | Mobili Mariani\" \/>\n<meta property=\"og:description\" content=\"LEMA SHADE TABLE\u00a0design Francesco Rota Francesco Rota con\u00e7oit la table Shade, une combinaison harmonieuse du m\u00e9tal bronz\u00e9 de la base et du plateau\" \/>\n<meta property=\"og:url\" content=\"https:\/\/www.mobilimariani.com\/fr\/lema-shade-table\/\" \/>\n<meta property=\"og:site_name\" content=\"Mobili Mariani\" \/>\n<meta property=\"article:published_time\" content=\"2020-09-29T09:33:18+00:00\" \/>\n<meta property=\"article:modified_time\" content=\"2020-10-10T09:31:07+00:00\" \/>\n<meta name=\"twitter:label1\" content=\"Est. reading time\">\n\t<meta name=\"twitter:data1\" content=\"1 minute\">\n<script type=\"application\/ld+json\" class=\"yoast-schema-graph\">{\"@context\":\"https:\/\/schema.org\",\"@graph\":[{\"@type\":\"Organization\",\"@id\":\"https:\/\/www.mobilimariani.com\/#organization\",\"name\":\"Mobili Mariani\",\"url\":\"https:\/\/www.mobilimariani.com\/\",\"sameAs\":[],\"logo\":{\"@type\":\"ImageObject\",\"@id\":\"https:\/\/www.mobilimariani.com\/#logo\",\"inLanguage\":\"fr-CH\",\"url\":\"https:\/\/www.mobilimariani.com\/wp-content\/uploads\/2015\/12\/logo.png\",\"contentUrl\":\"https:\/\/www.mobilimariani.com\/wp-content\/uploads\/2015\/12\/logo.png\",\"width\":160,\"height\":110,\"caption\":\"Mobili Mariani\"},\"image\":{\"@id\":\"https:\/\/www.mobilimariani.com\/#logo\"}},{\"@type\":\"WebSite\",\"@id\":\"https:\/\/www.mobilimariani.com\/#website\",\"url\":\"https:\/\/www.mobilimariani.com\/\",\"name\":\"Mobili Mariani\",\"description\":\"Mobili Italia Svizzera\",\"publisher\":{\"@id\":\"https:\/\/www.mobilimariani.com\/#organization\"},\"potentialAction\":[{\"@type\":\"SearchAction\",\"target\":\"https:\/\/www.mobilimariani.com\/?s={search_term_string}\",\"query-input\":\"required name=search_term_string\"}],\"inLanguage\":\"fr-CH\"},{\"@type\":\"WebPage\",\"@id\":\"https:\/\/www.mobilimariani.com\/fr\/lema-shade-table\/#webpage\",\"url\":\"https:\/\/www.mobilimariani.com\/fr\/lema-shade-table\/\",\"name\":\"LEMA SHADE TABLE | Mobili Mariani\",\"isPartOf\":{\"@id\":\"https:\/\/www.mobilimariani.com\/#website\"},\"datePublished\":\"2020-09-29T09:33:18+00:00\",\"dateModified\":\"2020-10-10T09:31:07+00:00\",\"description\":\"LEMA SHADE TABLE\\u00a0design Francesco Rota Francesco Rota con\\u00e7oit la table Shade, une combinaison harmonieuse du m\\u00e9tal bronz\\u00e9 de la base et du plateau\",\"breadcrumb\":{\"@id\":\"https:\/\/www.mobilimariani.com\/fr\/lema-shade-table\/#breadcrumb\"},\"inLanguage\":\"fr-CH\",\"potentialAction\":[{\"@type\":\"ReadAction\",\"target\":[\"https:\/\/www.mobilimariani.com\/fr\/lema-shade-table\/\"]}]},{\"@type\":\"BreadcrumbList\",\"@id\":\"https:\/\/www.mobilimariani.com\/fr\/lema-shade-table\/#breadcrumb\",\"itemListElement\":[{\"@type\":\"ListItem\",\"position\":1,\"item\":{\"@type\":\"WebPage\",\"@id\":\"https:\/\/www.mobilimariani.com\/\",\"url\":\"https:\/\/www.mobilimariani.com\/\",\"name\":\"Home\"}},{\"@type\":\"ListItem\",\"position\":2,\"item\":{\"@id\":\"https:\/\/www.mobilimariani.com\/fr\/lema-shade-table\/#webpage\"}}]},{\"@type\":\"Article\",\"@id\":\"https:\/\/www.mobilimariani.com\/fr\/lema-shade-table\/#article\",\"isPartOf\":{\"@id\":\"https:\/\/www.mobilimariani.com\/fr\/lema-shade-table\/#webpage\"},\"author\":{\"@id\":\"https:\/\/www.mobilimariani.com\/#\/schema\/person\/4685d9f51269134e53f988c9122315f4\"},\"headline\":\"LEMA SHADE TABLE\",\"datePublished\":\"2020-09-29T09:33:18+00:00\",\"dateModified\":\"2020-10-10T09:31:07+00:00\",\"mainEntityOfPage\":{\"@id\":\"https:\/\/www.mobilimariani.com\/fr\/lema-shade-table\/#webpage\"},\"publisher\":{\"@id\":\"https:\/\/www.mobilimariani.com\/#organization\"},\"articleSection\":[\"Catalogue\",\"Salle jour\"],\"inLanguage\":\"fr-CH\"},{\"@type\":\"Person\",\"@id\":\"https:\/\/www.mobilimariani.com\/#\/schema\/person\/4685d9f51269134e53f988c9122315f4\",\"name\":\"14m4rC008\",\"image\":{\"@type\":\"ImageObject\",\"@id\":\"https:\/\/www.mobilimariani.com\/#personlogo\",\"inLanguage\":\"fr-CH\",\"url\":\"https:\/\/secure.gravatar.com\/avatar\/dfaa6e536fec7030712cf850e9ddef45?s=96&d=mm&r=g\",\"contentUrl\":\"https:\/\/secure.gravatar.com\/avatar\/dfaa6e536fec7030712cf850e9ddef45?s=96&d=mm&r=g\",\"caption\":\"14m4rC008\"}}]}<\/script>\n<!-- \/ Yoast SEO plugin. -->","_links":{"self":[{"href":"https:\/\/www.mobilimariani.com\/fr\/wp-json\/wp\/v2\/posts\/23408"}],"collection":[{"href":"https:\/\/www.mobilimariani.com\/fr\/wp-json\/wp\/v2\/posts"}],"about":[{"href":"https:\/\/www.mobilimariani.com\/fr\/wp-json\/wp\/v2\/types\/post"}],"author":[{"embeddable":true,"href":"https:\/\/www.mobilimariani.com\/fr\/wp-json\/wp\/v2\/users\/1"}],"replies":[{"embeddable":true,"href":"https:\/\/www.mobilimariani.com\/fr\/wp-json\/wp\/v2\/comments?post=23408"}],"version-history":[{"count":3,"href":"https:\/\/www.mobilimariani.com\/fr\/wp-json\/wp\/v2\/posts\/23408\/revisions"}],"predecessor-version":[{"id":25927,"href":"https:\/\/www.mobilimariani.com\/fr\/wp-json\/wp\/v2\/posts\/23408\/revisions\/25927"}],"wp:attachment":[{"href":"https:\/\/www.mobilimariani.com\/fr\/wp-json\/wp\/v2\/media?parent=23408"}],"wp:term":[{"taxonomy":"category","embeddable":true,"href":"https:\/\/www.mobilimariani.com\/fr\/wp-json\/wp\/v2\/categories?post=23408"},{"taxonomy":"post_tag","embeddable":true,"href":"https:\/\/www.mobilimariani.com\/fr\/wp-json\/wp\/v2\/tags?post=23408"}],"curies":[{"name":"wp","href":"https:\/\/api.w.org\/{rel}","templated":true}]}}