{"id":23388,"date":"2019-12-28T10:04:27","date_gmt":"2019-12-28T09:04:27","guid":{"rendered":"https:\/\/www.mobilimariani.com\/?p=23388"},"modified":"2019-12-28T10:13:29","modified_gmt":"2019-12-28T09:13:29","slug":"le-rendez-vous-de-saba-remporte-les-archiproducts-design-awards","status":"publish","type":"post","link":"https:\/\/www.mobilimariani.com\/fr\/le-rendez-vous-de-saba-remporte-les-archiproducts-design-awards\/","title":{"rendered":"LE RENDEZ-VOUS DE SABA REMPORTE LES ARCHIPRODUCTS DESIGN AWARDS"},"content":{"rendered":"<p>LE<a href=\"https:\/\/www.mobilimariani.com\/fr\/saba-canape-rendez-vous\/\"> RENDEZ-VOUS<\/a> DE SABA REMPORTE LES ARCHIPRODUCTS DESIGN AWARDS<\/p>\n<p>Saba est heureuse d&#8217;annoncer que le nouveau syst\u00e8me de si\u00e8ges <a href=\"https:\/\/www.mobilimariani.com\/fr\/saba-canape-rendez-vous\/\">Rendez-vous<\/a> de Sergio Bicego a gagn\u00e9 dans la cat\u00e9gorie &#8220;Furniture&#8221;\u00a0aux Archiproducts Design Awards 2019!<\/p>\n<p><a href=\"https:\/\/www.mobilimariani.com\/fr\/saba-canape-rendez-vous\/\">Rendez-vous<\/a> est le nouveau syst\u00e8me d&#8217;assise con\u00e7u non seulement pour la maison mais aussi pour les espaces collectifs. Le but du projet est de permettre une extr\u00eame flexibilit\u00e9 de composition avec quelques \u00e9l\u00e9ments de base. Le point de d\u00e9part est une structure m\u00e9tallique peinte en noir sur laquelle les modules sont fix\u00e9s en les orientant \u00e0 votre choix. Le r\u00e9sultat est un rendez-vous avec plaisir esth\u00e9tique: des coins courbes \u00e0 ponctuer de lignes pures pour concevoir des environnements \u00e0 forte personnalit\u00e9. Les tables de soutien, en deux tailles et deux finitions diff\u00e9rentes, soulignent la fonction d&#8217;utilisation dans les lieux de r\u00e9union. Le rembourrage r\u00e9pond d\u00e9j\u00e0 aux exigences sp\u00e9cifiques du monde du contrat et une partie de la collection textile a \u00e9t\u00e9 choisie \u00e0 cet effet.<\/p>\n<p>Merci Archiproducts!<\/p>\n<p>Pour d\u00e9couvrir la marque Saba\u00a0<a href=\"https:\/\/www.mobilimariani.com\/fr\/concessionnaire-saba\/\">cliquez ici<\/a><\/p>\n<p>vous voulez conna\u00eetre notre meilleur prix pour cet article?\u00a0<a href=\"https:\/\/www.mobilimariani.com\/fr\/contacts\/\">Cliquez ici<\/a>\u00a0et envoyez-nous la demande<\/p>\n<p>Pour nos clients suisses, il sera d\u00e9duit l\u2019I.V.A. italienne de la valeur\u00a0de\u00a0<strong>22%.<\/strong><\/p>\n<p>signale le lieu de livraison et si le montage est n\u00e9c\u00e9ssaire.<\/p>\n<p>Nous livrons dans toute l\u2019Europe et o\u00f9 que tu sois<\/p>\n","protected":false},"excerpt":{"rendered":"LE RENDEZ-VOUS DE SABA REMPORTE LES ARCHIPRODUCTS DESIGN AWARDS Saba est heureuse d&#8217;annoncer que le nouveau syst\u00e8me de si\u00e8ges Rendez-vous de Sergio Bicego a gagn\u00e9 dans la cat\u00e9gorie &#8220;Furniture&#8221;\u00a0aux Archiproducts Design Awards 2019! Rendez-vous est le nouveau syst\u00e8me d&#8217;assise con\u00e7u non seulement pour la maison mais aussi pour les espaces collectifs. Le but du projet&#8230; <a class=\"view-article\" href=\"https:\/\/www.mobilimariani.com\/fr\/le-rendez-vous-de-saba-remporte-les-archiproducts-design-awards\/\">Voir l&#8217;article<\/a>","protected":false},"author":1,"featured_media":0,"comment_status":"closed","ping_status":"closed","sticky":false,"template":"","format":"standard","meta":[],"categories":[8],"tags":[],"yoast_head":"<!-- This site is optimized with the Yoast SEO plugin v16.2 - https:\/\/yoast.com\/wordpress\/plugins\/seo\/ -->\n<meta name=\"description\" content=\"LE RENDEZ-VOUS DE SABA REMPORTE LES ARCHIPRODUCTS DESIGN AWARDS Saba est heureuse d&#039;annoncer que le nouveau syst\u00e8me de si\u00e8ges Rendez-vous de Sergio Bicego\" \/>\n<meta name=\"robots\" content=\"index, follow, max-snippet:-1, max-image-preview:large, max-video-preview:-1\" \/>\n<link rel=\"canonical\" href=\"https:\/\/www.mobilimariani.com\/fr\/le-rendez-vous-de-saba-remporte-les-archiproducts-design-awards\/\" \/>\n<meta property=\"og:locale\" content=\"fr_FR\" \/>\n<meta property=\"og:type\" content=\"article\" \/>\n<meta property=\"og:title\" content=\"LE RENDEZ-VOUS DE SABA REMPORTE LES ARCHIPRODUCTS DESIGN AWARDS | Mobili Mariani\" \/>\n<meta property=\"og:description\" content=\"LE RENDEZ-VOUS DE SABA REMPORTE LES ARCHIPRODUCTS DESIGN AWARDS Saba est heureuse d&#039;annoncer que le nouveau syst\u00e8me de si\u00e8ges Rendez-vous de Sergio Bicego\" \/>\n<meta property=\"og:url\" content=\"https:\/\/www.mobilimariani.com\/fr\/le-rendez-vous-de-saba-remporte-les-archiproducts-design-awards\/\" \/>\n<meta property=\"og:site_name\" content=\"Mobili Mariani\" \/>\n<meta property=\"article:published_time\" content=\"2019-12-28T09:04:27+00:00\" \/>\n<meta property=\"article:modified_time\" content=\"2019-12-28T09:13:29+00:00\" \/>\n<meta name=\"twitter:label1\" content=\"Est. reading time\">\n\t<meta name=\"twitter:data1\" content=\"1 minute\">\n<script type=\"application\/ld+json\" class=\"yoast-schema-graph\">{\"@context\":\"https:\/\/schema.org\",\"@graph\":[{\"@type\":\"Organization\",\"@id\":\"https:\/\/www.mobilimariani.com\/#organization\",\"name\":\"Mobili Mariani\",\"url\":\"https:\/\/www.mobilimariani.com\/\",\"sameAs\":[],\"logo\":{\"@type\":\"ImageObject\",\"@id\":\"https:\/\/www.mobilimariani.com\/#logo\",\"inLanguage\":\"fr-CH\",\"url\":\"https:\/\/www.mobilimariani.com\/wp-content\/uploads\/2015\/12\/logo.png\",\"contentUrl\":\"https:\/\/www.mobilimariani.com\/wp-content\/uploads\/2015\/12\/logo.png\",\"width\":160,\"height\":110,\"caption\":\"Mobili Mariani\"},\"image\":{\"@id\":\"https:\/\/www.mobilimariani.com\/#logo\"}},{\"@type\":\"WebSite\",\"@id\":\"https:\/\/www.mobilimariani.com\/#website\",\"url\":\"https:\/\/www.mobilimariani.com\/\",\"name\":\"Mobili Mariani\",\"description\":\"Mobili Italia Svizzera\",\"publisher\":{\"@id\":\"https:\/\/www.mobilimariani.com\/#organization\"},\"potentialAction\":[{\"@type\":\"SearchAction\",\"target\":\"https:\/\/www.mobilimariani.com\/?s={search_term_string}\",\"query-input\":\"required name=search_term_string\"}],\"inLanguage\":\"fr-CH\"},{\"@type\":\"WebPage\",\"@id\":\"https:\/\/www.mobilimariani.com\/fr\/le-rendez-vous-de-saba-remporte-les-archiproducts-design-awards\/#webpage\",\"url\":\"https:\/\/www.mobilimariani.com\/fr\/le-rendez-vous-de-saba-remporte-les-archiproducts-design-awards\/\",\"name\":\"LE RENDEZ-VOUS DE SABA REMPORTE LES ARCHIPRODUCTS DESIGN AWARDS | Mobili Mariani\",\"isPartOf\":{\"@id\":\"https:\/\/www.mobilimariani.com\/#website\"},\"datePublished\":\"2019-12-28T09:04:27+00:00\",\"dateModified\":\"2019-12-28T09:13:29+00:00\",\"description\":\"LE RENDEZ-VOUS DE SABA REMPORTE LES ARCHIPRODUCTS DESIGN AWARDS Saba est heureuse d'annoncer que le nouveau syst\\u00e8me de si\\u00e8ges Rendez-vous de Sergio Bicego\",\"breadcrumb\":{\"@id\":\"https:\/\/www.mobilimariani.com\/fr\/le-rendez-vous-de-saba-remporte-les-archiproducts-design-awards\/#breadcrumb\"},\"inLanguage\":\"fr-CH\",\"potentialAction\":[{\"@type\":\"ReadAction\",\"target\":[\"https:\/\/www.mobilimariani.com\/fr\/le-rendez-vous-de-saba-remporte-les-archiproducts-design-awards\/\"]}]},{\"@type\":\"BreadcrumbList\",\"@id\":\"https:\/\/www.mobilimariani.com\/fr\/le-rendez-vous-de-saba-remporte-les-archiproducts-design-awards\/#breadcrumb\",\"itemListElement\":[{\"@type\":\"ListItem\",\"position\":1,\"item\":{\"@type\":\"WebPage\",\"@id\":\"https:\/\/www.mobilimariani.com\/\",\"url\":\"https:\/\/www.mobilimariani.com\/\",\"name\":\"Home\"}},{\"@type\":\"ListItem\",\"position\":2,\"item\":{\"@id\":\"https:\/\/www.mobilimariani.com\/fr\/le-rendez-vous-de-saba-remporte-les-archiproducts-design-awards\/#webpage\"}}]},{\"@type\":\"Article\",\"@id\":\"https:\/\/www.mobilimariani.com\/fr\/le-rendez-vous-de-saba-remporte-les-archiproducts-design-awards\/#article\",\"isPartOf\":{\"@id\":\"https:\/\/www.mobilimariani.com\/fr\/le-rendez-vous-de-saba-remporte-les-archiproducts-design-awards\/#webpage\"},\"author\":{\"@id\":\"https:\/\/www.mobilimariani.com\/#\/schema\/person\/4685d9f51269134e53f988c9122315f4\"},\"headline\":\"LE RENDEZ-VOUS DE SABA REMPORTE LES ARCHIPRODUCTS DESIGN AWARDS\",\"datePublished\":\"2019-12-28T09:04:27+00:00\",\"dateModified\":\"2019-12-28T09:13:29+00:00\",\"mainEntityOfPage\":{\"@id\":\"https:\/\/www.mobilimariani.com\/fr\/le-rendez-vous-de-saba-remporte-les-archiproducts-design-awards\/#webpage\"},\"publisher\":{\"@id\":\"https:\/\/www.mobilimariani.com\/#organization\"},\"articleSection\":[\"News\"],\"inLanguage\":\"fr-CH\"},{\"@type\":\"Person\",\"@id\":\"https:\/\/www.mobilimariani.com\/#\/schema\/person\/4685d9f51269134e53f988c9122315f4\",\"name\":\"14m4rC008\",\"image\":{\"@type\":\"ImageObject\",\"@id\":\"https:\/\/www.mobilimariani.com\/#personlogo\",\"inLanguage\":\"fr-CH\",\"url\":\"https:\/\/secure.gravatar.com\/avatar\/dfaa6e536fec7030712cf850e9ddef45?s=96&d=mm&r=g\",\"contentUrl\":\"https:\/\/secure.gravatar.com\/avatar\/dfaa6e536fec7030712cf850e9ddef45?s=96&d=mm&r=g\",\"caption\":\"14m4rC008\"}}]}<\/script>\n<!-- \/ Yoast SEO plugin. -->","_links":{"self":[{"href":"https:\/\/www.mobilimariani.com\/fr\/wp-json\/wp\/v2\/posts\/23388"}],"collection":[{"href":"https:\/\/www.mobilimariani.com\/fr\/wp-json\/wp\/v2\/posts"}],"about":[{"href":"https:\/\/www.mobilimariani.com\/fr\/wp-json\/wp\/v2\/types\/post"}],"author":[{"embeddable":true,"href":"https:\/\/www.mobilimariani.com\/fr\/wp-json\/wp\/v2\/users\/1"}],"replies":[{"embeddable":true,"href":"https:\/\/www.mobilimariani.com\/fr\/wp-json\/wp\/v2\/comments?post=23388"}],"version-history":[{"count":3,"href":"https:\/\/www.mobilimariani.com\/fr\/wp-json\/wp\/v2\/posts\/23388\/revisions"}],"predecessor-version":[{"id":23393,"href":"https:\/\/www.mobilimariani.com\/fr\/wp-json\/wp\/v2\/posts\/23388\/revisions\/23393"}],"wp:attachment":[{"href":"https:\/\/www.mobilimariani.com\/fr\/wp-json\/wp\/v2\/media?parent=23388"}],"wp:term":[{"taxonomy":"category","embeddable":true,"href":"https:\/\/www.mobilimariani.com\/fr\/wp-json\/wp\/v2\/categories?post=23388"},{"taxonomy":"post_tag","embeddable":true,"href":"https:\/\/www.mobilimariani.com\/fr\/wp-json\/wp\/v2\/tags?post=23388"}],"curies":[{"name":"wp","href":"https:\/\/api.w.org\/{rel}","templated":true}]}}