{"id":22892,"date":"2020-10-03T16:42:50","date_gmt":"2020-10-03T14:42:50","guid":{"rendered":"https:\/\/www.mobilimariani.com\/?p=22892"},"modified":"2020-10-03T16:42:51","modified_gmt":"2020-10-03T14:42:51","slug":"tonelli-table-metropolis","status":"publish","type":"post","link":"https:\/\/www.mobilimariani.com\/fr\/tonelli-table-metropolis\/","title":{"rendered":"TONELLI TABLE METROPOLIS"},"content":{"rendered":"<p>TONELLI TABLE METROPOLIS design G. Maurizio Scutell\u00e0<\/p>\n<p><span id=\"s2_1\">Collection d\u2019ameublement caract\u00e9ris\u00e9e par une base en verre extraclair ou fum\u00e9.<\/span><br \/>\n<span id=\"s2_2\">Les plateaux situ\u00e9s au-dessus des bases, par contre, sont dans les 3 nouvelles finitions brillantes c\u00e9ramiques + verre \u00e0 effet marbre.<\/span><br \/>\n<span id=\"s2_3\">Noir desir, calacatta arabescato, Gris Orobico.<\/span>&nbsp;<span id=\"s2_4\">Et \u00e9galement disponible la version avec plateau en verre en diff\u00e9rentes tailles<\/span><\/p>\n<p><iframe loading=\"lazy\" width=\"900\" height=\"506\" src=\"https:\/\/www.youtube.com\/embed\/q8fS2KQtrZ8?feature=oembed\" frameborder=\"0\" allow=\"accelerometer; autoplay; encrypted-media; gyroscope; picture-in-picture\" allowfullscreen><\/iframe><\/p>\n<p>Mesures<\/p>\n<p>180 x 90 cm<br \/>\n200 x 100 cm<br \/>\n225 x 90 cm<br \/>\n245 x 90 cm<br \/>\n245 x 120 cm<br \/>\n260 x 100 cm<br \/>\n280 x 100 cm<br \/>\n300 x 100 cm<br \/>\n220 x 100 cm<br \/>\n240 x 115 cm<br \/>\n280 x 115 cm<br \/>\n320 x 115 cm<br \/>\n\u00d8 160 cm<br \/>\n160 x 160 cm<\/p>\n<p>\u00c9paisseur<\/p>\n<p>12 \/ 15 \/ 10+5 mm<\/p>\n<p>Port\u00e9e<\/p>\n<p>kg 150<\/p>\n<p>Pour d\u00e9couvrir la marque Tonelli&nbsp;<a href=\"https:\/\/www.mobilimariani.com\/fr\/concessionnaire-tonelli\/\" target=\"_blank\" rel=\"noopener noreferrer\" data-saferedirecturl=\"https:\/\/www.google.com\/url?hl=it&amp;q=https:\/\/www.mobilimariani.com\/fr\/concessionnaire-tonelli\/&amp;source=gmail&amp;ust=1502377335396000&amp;usg=AFQjCNEohokMRMUZO-3affQLmuuCLK2-uQ\">cliquez ici<\/a><\/p>\n<p>Pour d\u00e9couvrir le catalogue de toutes nos Tables,&nbsp;<a href=\"https:\/\/www.mobilimariani.com\/fr\/search\/table\">cliquez ici<\/a><\/p>\n<p>Vous voulez conna\u00eetre notre meilleur prix pour cet article?&nbsp;<a href=\"https:\/\/www.mobilimariani.com\/fr\/contacts\/\">Cliquez ici<\/a>&nbsp;et envoyez-nous la demande<\/p>\n<p>Signale le lieu de livraison et si le montage est n\u00e9c\u00e9ssaire.<\/p>\n<p>Nous livrons dans toute l\u2019Europe et o\u00f9 que tu sois.<\/p>\n<p>Pour nos clients suisses, il sera d\u00e9duit l\u2019I.V.A. italienne<\/p>\n","protected":false},"excerpt":{"rendered":"TONELLI TABLE METROPOLIS design G. Maurizio Scutell\u00e0 Collection d\u2019ameublement caract\u00e9ris\u00e9e par une base en verre extraclair ou fum\u00e9. Les plateaux situ\u00e9s au-dessus des bases, par contre, sont dans les 3 nouvelles finitions brillantes c\u00e9ramiques + verre \u00e0 effet marbre. Noir desir, calacatta arabescato, Gris Orobico.&nbsp;Et \u00e9galement disponible la version avec plateau en verre en diff\u00e9rentes&#8230; <a class=\"view-article\" href=\"https:\/\/www.mobilimariani.com\/fr\/tonelli-table-metropolis\/\">Voir l&#8217;article<\/a>","protected":false},"author":1,"featured_media":0,"comment_status":"closed","ping_status":"closed","sticky":false,"template":"","format":"standard","meta":[],"categories":[1,16,6],"tags":[],"yoast_head":"<!-- This site is optimized with the Yoast SEO plugin v16.2 - https:\/\/yoast.com\/wordpress\/plugins\/seo\/ -->\n<meta name=\"description\" content=\"TONELLI TABLE METROPOLIS design G. Maurizio Scutell\u00e0 Collection d\u2019ameublement caract\u00e9ris\u00e9e par une base en verre extraclair ou fum\u00e9. Les plateaux situ\u00e9s\" \/>\n<meta name=\"robots\" content=\"index, follow, max-snippet:-1, max-image-preview:large, max-video-preview:-1\" \/>\n<link rel=\"canonical\" href=\"https:\/\/www.mobilimariani.com\/fr\/tonelli-table-metropolis\/\" \/>\n<meta property=\"og:locale\" content=\"fr_FR\" \/>\n<meta property=\"og:type\" content=\"article\" \/>\n<meta property=\"og:title\" content=\"TONELLI TABLE METROPOLIS | Mobili Mariani\" \/>\n<meta property=\"og:description\" content=\"TONELLI TABLE METROPOLIS design G. Maurizio Scutell\u00e0 Collection d\u2019ameublement caract\u00e9ris\u00e9e par une base en verre extraclair ou fum\u00e9. Les plateaux situ\u00e9s\" \/>\n<meta property=\"og:url\" content=\"https:\/\/www.mobilimariani.com\/fr\/tonelli-table-metropolis\/\" \/>\n<meta property=\"og:site_name\" content=\"Mobili Mariani\" \/>\n<meta property=\"article:published_time\" content=\"2020-10-03T14:42:50+00:00\" \/>\n<meta property=\"article:modified_time\" content=\"2020-10-03T14:42:51+00:00\" \/>\n<meta name=\"twitter:label1\" content=\"Est. reading time\">\n\t<meta name=\"twitter:data1\" content=\"1 minute\">\n<script type=\"application\/ld+json\" class=\"yoast-schema-graph\">{\"@context\":\"https:\/\/schema.org\",\"@graph\":[{\"@type\":\"Organization\",\"@id\":\"https:\/\/www.mobilimariani.com\/#organization\",\"name\":\"Mobili Mariani\",\"url\":\"https:\/\/www.mobilimariani.com\/\",\"sameAs\":[],\"logo\":{\"@type\":\"ImageObject\",\"@id\":\"https:\/\/www.mobilimariani.com\/#logo\",\"inLanguage\":\"fr-CH\",\"url\":\"https:\/\/www.mobilimariani.com\/wp-content\/uploads\/2015\/12\/logo.png\",\"contentUrl\":\"https:\/\/www.mobilimariani.com\/wp-content\/uploads\/2015\/12\/logo.png\",\"width\":160,\"height\":110,\"caption\":\"Mobili Mariani\"},\"image\":{\"@id\":\"https:\/\/www.mobilimariani.com\/#logo\"}},{\"@type\":\"WebSite\",\"@id\":\"https:\/\/www.mobilimariani.com\/#website\",\"url\":\"https:\/\/www.mobilimariani.com\/\",\"name\":\"Mobili Mariani\",\"description\":\"Mobili Italia Svizzera\",\"publisher\":{\"@id\":\"https:\/\/www.mobilimariani.com\/#organization\"},\"potentialAction\":[{\"@type\":\"SearchAction\",\"target\":\"https:\/\/www.mobilimariani.com\/?s={search_term_string}\",\"query-input\":\"required name=search_term_string\"}],\"inLanguage\":\"fr-CH\"},{\"@type\":\"WebPage\",\"@id\":\"https:\/\/www.mobilimariani.com\/fr\/tonelli-table-metropolis\/#webpage\",\"url\":\"https:\/\/www.mobilimariani.com\/fr\/tonelli-table-metropolis\/\",\"name\":\"TONELLI TABLE METROPOLIS | Mobili Mariani\",\"isPartOf\":{\"@id\":\"https:\/\/www.mobilimariani.com\/#website\"},\"datePublished\":\"2020-10-03T14:42:50+00:00\",\"dateModified\":\"2020-10-03T14:42:51+00:00\",\"description\":\"TONELLI TABLE METROPOLIS design G. Maurizio Scutell\\u00e0 Collection d\\u2019ameublement caract\\u00e9ris\\u00e9e par une base en verre extraclair ou fum\\u00e9. Les plateaux situ\\u00e9s\",\"breadcrumb\":{\"@id\":\"https:\/\/www.mobilimariani.com\/fr\/tonelli-table-metropolis\/#breadcrumb\"},\"inLanguage\":\"fr-CH\",\"potentialAction\":[{\"@type\":\"ReadAction\",\"target\":[\"https:\/\/www.mobilimariani.com\/fr\/tonelli-table-metropolis\/\"]}]},{\"@type\":\"BreadcrumbList\",\"@id\":\"https:\/\/www.mobilimariani.com\/fr\/tonelli-table-metropolis\/#breadcrumb\",\"itemListElement\":[{\"@type\":\"ListItem\",\"position\":1,\"item\":{\"@type\":\"WebPage\",\"@id\":\"https:\/\/www.mobilimariani.com\/\",\"url\":\"https:\/\/www.mobilimariani.com\/\",\"name\":\"Home\"}},{\"@type\":\"ListItem\",\"position\":2,\"item\":{\"@id\":\"https:\/\/www.mobilimariani.com\/fr\/tonelli-table-metropolis\/#webpage\"}}]},{\"@type\":\"Article\",\"@id\":\"https:\/\/www.mobilimariani.com\/fr\/tonelli-table-metropolis\/#article\",\"isPartOf\":{\"@id\":\"https:\/\/www.mobilimariani.com\/fr\/tonelli-table-metropolis\/#webpage\"},\"author\":{\"@id\":\"https:\/\/www.mobilimariani.com\/#\/schema\/person\/4685d9f51269134e53f988c9122315f4\"},\"headline\":\"TONELLI TABLE METROPOLIS\",\"datePublished\":\"2020-10-03T14:42:50+00:00\",\"dateModified\":\"2020-10-03T14:42:51+00:00\",\"mainEntityOfPage\":{\"@id\":\"https:\/\/www.mobilimariani.com\/fr\/tonelli-table-metropolis\/#webpage\"},\"publisher\":{\"@id\":\"https:\/\/www.mobilimariani.com\/#organization\"},\"articleSection\":[\"Catalogue\",\"Cuisines\",\"Salle jour\"],\"inLanguage\":\"fr-CH\"},{\"@type\":\"Person\",\"@id\":\"https:\/\/www.mobilimariani.com\/#\/schema\/person\/4685d9f51269134e53f988c9122315f4\",\"name\":\"14m4rC008\",\"image\":{\"@type\":\"ImageObject\",\"@id\":\"https:\/\/www.mobilimariani.com\/#personlogo\",\"inLanguage\":\"fr-CH\",\"url\":\"https:\/\/secure.gravatar.com\/avatar\/dfaa6e536fec7030712cf850e9ddef45?s=96&d=mm&r=g\",\"contentUrl\":\"https:\/\/secure.gravatar.com\/avatar\/dfaa6e536fec7030712cf850e9ddef45?s=96&d=mm&r=g\",\"caption\":\"14m4rC008\"}}]}<\/script>\n<!-- \/ Yoast SEO plugin. -->","_links":{"self":[{"href":"https:\/\/www.mobilimariani.com\/fr\/wp-json\/wp\/v2\/posts\/22892"}],"collection":[{"href":"https:\/\/www.mobilimariani.com\/fr\/wp-json\/wp\/v2\/posts"}],"about":[{"href":"https:\/\/www.mobilimariani.com\/fr\/wp-json\/wp\/v2\/types\/post"}],"author":[{"embeddable":true,"href":"https:\/\/www.mobilimariani.com\/fr\/wp-json\/wp\/v2\/users\/1"}],"replies":[{"embeddable":true,"href":"https:\/\/www.mobilimariani.com\/fr\/wp-json\/wp\/v2\/comments?post=22892"}],"version-history":[{"count":3,"href":"https:\/\/www.mobilimariani.com\/fr\/wp-json\/wp\/v2\/posts\/22892\/revisions"}],"predecessor-version":[{"id":25708,"href":"https:\/\/www.mobilimariani.com\/fr\/wp-json\/wp\/v2\/posts\/22892\/revisions\/25708"}],"wp:attachment":[{"href":"https:\/\/www.mobilimariani.com\/fr\/wp-json\/wp\/v2\/media?parent=22892"}],"wp:term":[{"taxonomy":"category","embeddable":true,"href":"https:\/\/www.mobilimariani.com\/fr\/wp-json\/wp\/v2\/categories?post=22892"},{"taxonomy":"post_tag","embeddable":true,"href":"https:\/\/www.mobilimariani.com\/fr\/wp-json\/wp\/v2\/tags?post=22892"}],"curies":[{"name":"wp","href":"https:\/\/api.w.org\/{rel}","templated":true}]}}