{"id":22627,"date":"2019-05-04T17:10:41","date_gmt":"2019-05-04T15:10:41","guid":{"rendered":"https:\/\/www.mobilimariani.com\/?p=22627"},"modified":"2019-05-04T18:09:00","modified_gmt":"2019-05-04T16:09:00","slug":"concessionaire-an-trax-it","status":"publish","type":"post","link":"https:\/\/www.mobilimariani.com\/fr\/concessionaire-an-trax-it\/","title":{"rendered":"CONCESSIONAIRE AN-TRAX IT"},"content":{"rendered":"<p>CONCESSIONNAIRE AN-TRAX IT\u00a0 RADIATEURS ET CHAUFFE-SERVIETTES<\/p>\n<p id=\"tw-target-text\" class=\"tw-data-text vk_txt tw-ta tw-text-small\" dir=\"ltr\" data-placeholder=\"Traduzione\">Mariani Abitare Oggi est le revendeur de An-trax It\u00a0en Italie , en Suisse et en France .<\/p>\n<p>An-trax IT est une soci\u00e9t\u00e9 sp\u00e9cialis\u00e9e dans la production et la commercialisation de radiateurs et chemin\u00e9es design \u00e0 haute valeur esth\u00e9tique. An-trax It n\u00e9e en 1997 comme entreprise familiale, a commenc\u00e9 \u00e0 appara\u00eetre sur le march\u00e9 avec la production de chemin\u00e9es pour ensuite \u00e9largir sa gamme de produits avec la cr\u00e9ation de radiateurs et de chauffe-serviettes. Les principaux atouts d\u2019An-trax sont, depuis le d\u00e9but, l\u2019utilisation de mat\u00e9riaux innovants et le raffinement de la forme.<\/p>\n<p>Chaque radiateur est fonctionnel mais aussi esth\u00e9tique. Il devient ainsi un v\u00e9ritable produit d\u2019am\u00e9nagement capable de se fondre parfaitement dans l\u2019environnement dans lequel il est plac\u00e9.\u00a0 Au fil des ans An-trax a collabor\u00e9 avec de nombreux architectes et designers de renomm\u00e9e internationale pour cr\u00e9er des produits uniques et de plus en plus recherch\u00e9s. Les diff\u00e9rentes collaborations ont \u00e9galement permis la cr\u00e9ation de radiateurs de plus en plus personnalisables, \u00e0 la fois en taille (radiateurs sur mesure au cm) et des finitions (la gamme de couleurs An-trax comprend plus de 200 variantes de couleurs, y compris les finitions sp\u00e9ciales et galvaniques), pour \u00a0r\u00e9pondre aux demandes les plus exigeantes du march\u00e9.<\/p>\n<p>An-trax IT a toujours essay\u00e9 d&#8217;atteindre ses objectifs tout en maintenant l&#8217;\u00e9thique et le respect des valeurs sociales, morales et environnementales. En fait, les meilleures technologies ont \u00e9t\u00e9 utilis\u00e9es pour cr\u00e9er des radiateurs capables de fournir les meilleures performances dans le respect des ressources et de l&#8217;environnement.<\/p>\n<p>D\u00e9couvrez tous les produits dans <a href=\"https:\/\/www.mobilimariani.com\/fr\/search\/ANTRAX\">notre catalogue<\/a> An-trax It<\/p>\n<p>Vous voulez conna\u00eetre notre meilleur prix pour cet article?\u00a0<a href=\"https:\/\/www.mobilimariani.com\/fr\/contacts\/\">Cliquez ici<\/a>\u00a0et envoyez-nous la demande<\/p>\n<p>Signale le lieu de livraison.<\/p>\n<p>Nous livrons en Europe et partout o\u00f9 vous \u00eates<\/p>\n<p><strong>Pour nos clients suisses, il sera d\u00e9duit l\u2019I.V.A. italienne \u00e0 hauteur de 22%.<\/strong><\/p>\n","protected":false},"excerpt":{"rendered":"CONCESSIONNAIRE AN-TRAX IT\u00a0 RADIATEURS ET CHAUFFE-SERVIETTES Mariani Abitare Oggi est le revendeur de An-trax It\u00a0en Italie , en Suisse et en France . An-trax IT est une soci\u00e9t\u00e9 sp\u00e9cialis\u00e9e dans la production et la commercialisation de radiateurs et chemin\u00e9es design \u00e0 haute valeur esth\u00e9tique. An-trax It n\u00e9e en 1997 comme entreprise familiale, a commenc\u00e9 \u00e0&#8230; <a class=\"view-article\" href=\"https:\/\/www.mobilimariani.com\/fr\/concessionaire-an-trax-it\/\">Voir l&#8217;article<\/a>","protected":false},"author":1,"featured_media":0,"comment_status":"closed","ping_status":"closed","sticky":false,"template":"","format":"standard","meta":[],"categories":[4],"tags":[],"yoast_head":"<!-- This site is optimized with the Yoast SEO plugin v16.2 - https:\/\/yoast.com\/wordpress\/plugins\/seo\/ -->\n<meta name=\"description\" content=\"CONCESSIONNAIRE AN-TRAX IT\u00a0 RADIATEURS ET CHAUFFE-SERVIETTES Mariani Abitare Oggi est le revendeur de An-trax It\u00a0en Italie , en Suisse et en France .\" \/>\n<meta name=\"robots\" content=\"index, follow, max-snippet:-1, max-image-preview:large, max-video-preview:-1\" \/>\n<link rel=\"canonical\" href=\"https:\/\/www.mobilimariani.com\/fr\/concessionaire-an-trax-it\/\" \/>\n<meta property=\"og:locale\" content=\"fr_FR\" \/>\n<meta property=\"og:type\" content=\"article\" \/>\n<meta property=\"og:title\" content=\"CONCESSIONAIRE AN-TRAX IT | Mobili Mariani\" \/>\n<meta property=\"og:description\" content=\"CONCESSIONNAIRE AN-TRAX IT\u00a0 RADIATEURS ET CHAUFFE-SERVIETTES Mariani Abitare Oggi est le revendeur de An-trax It\u00a0en Italie , en Suisse et en France .\" \/>\n<meta property=\"og:url\" content=\"https:\/\/www.mobilimariani.com\/fr\/concessionaire-an-trax-it\/\" \/>\n<meta property=\"og:site_name\" content=\"Mobili Mariani\" \/>\n<meta property=\"article:published_time\" content=\"2019-05-04T15:10:41+00:00\" \/>\n<meta property=\"article:modified_time\" content=\"2019-05-04T16:09:00+00:00\" \/>\n<meta name=\"twitter:label1\" content=\"Est. reading time\">\n\t<meta name=\"twitter:data1\" content=\"2 minutes\">\n<script type=\"application\/ld+json\" class=\"yoast-schema-graph\">{\"@context\":\"https:\/\/schema.org\",\"@graph\":[{\"@type\":\"Organization\",\"@id\":\"https:\/\/www.mobilimariani.com\/#organization\",\"name\":\"Mobili Mariani\",\"url\":\"https:\/\/www.mobilimariani.com\/\",\"sameAs\":[],\"logo\":{\"@type\":\"ImageObject\",\"@id\":\"https:\/\/www.mobilimariani.com\/#logo\",\"inLanguage\":\"fr-CH\",\"url\":\"https:\/\/www.mobilimariani.com\/wp-content\/uploads\/2015\/12\/logo.png\",\"contentUrl\":\"https:\/\/www.mobilimariani.com\/wp-content\/uploads\/2015\/12\/logo.png\",\"width\":160,\"height\":110,\"caption\":\"Mobili Mariani\"},\"image\":{\"@id\":\"https:\/\/www.mobilimariani.com\/#logo\"}},{\"@type\":\"WebSite\",\"@id\":\"https:\/\/www.mobilimariani.com\/#website\",\"url\":\"https:\/\/www.mobilimariani.com\/\",\"name\":\"Mobili Mariani\",\"description\":\"Mobili Italia Svizzera\",\"publisher\":{\"@id\":\"https:\/\/www.mobilimariani.com\/#organization\"},\"potentialAction\":[{\"@type\":\"SearchAction\",\"target\":\"https:\/\/www.mobilimariani.com\/?s={search_term_string}\",\"query-input\":\"required name=search_term_string\"}],\"inLanguage\":\"fr-CH\"},{\"@type\":\"WebPage\",\"@id\":\"https:\/\/www.mobilimariani.com\/fr\/concessionaire-an-trax-it\/#webpage\",\"url\":\"https:\/\/www.mobilimariani.com\/fr\/concessionaire-an-trax-it\/\",\"name\":\"CONCESSIONAIRE AN-TRAX IT | Mobili Mariani\",\"isPartOf\":{\"@id\":\"https:\/\/www.mobilimariani.com\/#website\"},\"datePublished\":\"2019-05-04T15:10:41+00:00\",\"dateModified\":\"2019-05-04T16:09:00+00:00\",\"description\":\"CONCESSIONNAIRE AN-TRAX IT\\u00a0 RADIATEURS ET CHAUFFE-SERVIETTES Mariani Abitare Oggi est le revendeur de An-trax It\\u00a0en Italie , en Suisse et en France .\",\"breadcrumb\":{\"@id\":\"https:\/\/www.mobilimariani.com\/fr\/concessionaire-an-trax-it\/#breadcrumb\"},\"inLanguage\":\"fr-CH\",\"potentialAction\":[{\"@type\":\"ReadAction\",\"target\":[\"https:\/\/www.mobilimariani.com\/fr\/concessionaire-an-trax-it\/\"]}]},{\"@type\":\"BreadcrumbList\",\"@id\":\"https:\/\/www.mobilimariani.com\/fr\/concessionaire-an-trax-it\/#breadcrumb\",\"itemListElement\":[{\"@type\":\"ListItem\",\"position\":1,\"item\":{\"@type\":\"WebPage\",\"@id\":\"https:\/\/www.mobilimariani.com\/\",\"url\":\"https:\/\/www.mobilimariani.com\/\",\"name\":\"Home\"}},{\"@type\":\"ListItem\",\"position\":2,\"item\":{\"@id\":\"https:\/\/www.mobilimariani.com\/fr\/concessionaire-an-trax-it\/#webpage\"}}]},{\"@type\":\"Article\",\"@id\":\"https:\/\/www.mobilimariani.com\/fr\/concessionaire-an-trax-it\/#article\",\"isPartOf\":{\"@id\":\"https:\/\/www.mobilimariani.com\/fr\/concessionaire-an-trax-it\/#webpage\"},\"author\":{\"@id\":\"https:\/\/www.mobilimariani.com\/#\/schema\/person\/4685d9f51269134e53f988c9122315f4\"},\"headline\":\"CONCESSIONAIRE AN-TRAX IT\",\"datePublished\":\"2019-05-04T15:10:41+00:00\",\"dateModified\":\"2019-05-04T16:09:00+00:00\",\"mainEntityOfPage\":{\"@id\":\"https:\/\/www.mobilimariani.com\/fr\/concessionaire-an-trax-it\/#webpage\"},\"publisher\":{\"@id\":\"https:\/\/www.mobilimariani.com\/#organization\"},\"articleSection\":[\"Marques\"],\"inLanguage\":\"fr-CH\"},{\"@type\":\"Person\",\"@id\":\"https:\/\/www.mobilimariani.com\/#\/schema\/person\/4685d9f51269134e53f988c9122315f4\",\"name\":\"14m4rC008\",\"image\":{\"@type\":\"ImageObject\",\"@id\":\"https:\/\/www.mobilimariani.com\/#personlogo\",\"inLanguage\":\"fr-CH\",\"url\":\"https:\/\/secure.gravatar.com\/avatar\/dfaa6e536fec7030712cf850e9ddef45?s=96&d=mm&r=g\",\"contentUrl\":\"https:\/\/secure.gravatar.com\/avatar\/dfaa6e536fec7030712cf850e9ddef45?s=96&d=mm&r=g\",\"caption\":\"14m4rC008\"}}]}<\/script>\n<!-- \/ Yoast SEO plugin. -->","_links":{"self":[{"href":"https:\/\/www.mobilimariani.com\/fr\/wp-json\/wp\/v2\/posts\/22627"}],"collection":[{"href":"https:\/\/www.mobilimariani.com\/fr\/wp-json\/wp\/v2\/posts"}],"about":[{"href":"https:\/\/www.mobilimariani.com\/fr\/wp-json\/wp\/v2\/types\/post"}],"author":[{"embeddable":true,"href":"https:\/\/www.mobilimariani.com\/fr\/wp-json\/wp\/v2\/users\/1"}],"replies":[{"embeddable":true,"href":"https:\/\/www.mobilimariani.com\/fr\/wp-json\/wp\/v2\/comments?post=22627"}],"version-history":[{"count":3,"href":"https:\/\/www.mobilimariani.com\/fr\/wp-json\/wp\/v2\/posts\/22627\/revisions"}],"predecessor-version":[{"id":22646,"href":"https:\/\/www.mobilimariani.com\/fr\/wp-json\/wp\/v2\/posts\/22627\/revisions\/22646"}],"wp:attachment":[{"href":"https:\/\/www.mobilimariani.com\/fr\/wp-json\/wp\/v2\/media?parent=22627"}],"wp:term":[{"taxonomy":"category","embeddable":true,"href":"https:\/\/www.mobilimariani.com\/fr\/wp-json\/wp\/v2\/categories?post=22627"},{"taxonomy":"post_tag","embeddable":true,"href":"https:\/\/www.mobilimariani.com\/fr\/wp-json\/wp\/v2\/tags?post=22627"}],"curies":[{"name":"wp","href":"https:\/\/api.w.org\/{rel}","templated":true}]}}