{"id":21280,"date":"2018-04-27T17:25:45","date_gmt":"2018-04-27T15:25:45","guid":{"rendered":"https:\/\/www.mobilimariani.com\/?p=21280"},"modified":"2018-04-27T17:25:45","modified_gmt":"2018-04-27T15:25:45","slug":"realization-escalier-interne","status":"publish","type":"post","link":"https:\/\/www.mobilimariani.com\/fr\/realization-escalier-interne\/","title":{"rendered":"REALIZATION ESCALIER INTERNE"},"content":{"rendered":"<p>LE PROJET<br \/>\nREALIZATION ESCALIER INTERNE<br \/>\nLa possibilit\u00e9 de pouvoir intervenir pendant la construction de cette grande maison dans la Val Chiusella, nous a permis de concevoir un escalier important pour acc\u00e9der du grand salon \u00e0 la zone chambre.<br \/>\nL&#8217;\u00e9clairage \u00abpas \u00e0 pas\u00bb associ\u00e9 aux lumi\u00e8res LED de la boiserie en bois de teck, r\u00e9alis\u00e9es en damier sur\u00e9lev\u00e9 sur plusieurs niveaux, et la rampe en acier inoxydable \u00abPININFARINA DESIGN\u00bb, donnent \u00e0 cet escalier une touche d&#8217;\u00e9l\u00e9gance raffin\u00e9e .<\/p>\n<p><a href=\"https:\/\/www.mobilimariani.com\/fr\/contacts\/\">Cliquez ici\u00a0<\/a>pour d\u00e9couvrir notre conception et nos conseil dans toute l\u2019Europe. Le prix de la conception vous seraz compl\u00e8tement \u00e9cart\u00e9e si vous achetez nos produits.<\/p>\n","protected":false},"excerpt":{"rendered":"LE PROJET REALIZATION ESCALIER INTERNE La possibilit\u00e9 de pouvoir intervenir pendant la construction de cette grande maison dans la Val Chiusella, nous a permis de concevoir un escalier important pour acc\u00e9der du grand salon \u00e0 la zone chambre. L&#8217;\u00e9clairage \u00abpas \u00e0 pas\u00bb associ\u00e9 aux lumi\u00e8res LED de la boiserie en bois de teck, r\u00e9alis\u00e9es en&#8230; <a class=\"view-article\" href=\"https:\/\/www.mobilimariani.com\/fr\/realization-escalier-interne\/\">Voir l&#8217;article<\/a>","protected":false},"author":1,"featured_media":0,"comment_status":"closed","ping_status":"closed","sticky":false,"template":"","format":"standard","meta":[],"categories":[23,15],"tags":[],"yoast_head":"<!-- This site is optimized with the Yoast SEO plugin v16.2 - https:\/\/yoast.com\/wordpress\/plugins\/seo\/ -->\n<meta name=\"description\" content=\"LE PROJET REALIZATION ESCALIER INTERNE La possibilit\u00e9 de pouvoir intervenir pendant la construction de cette grande maison dans la Val Chiusella, nous a\" \/>\n<meta name=\"robots\" content=\"index, follow, max-snippet:-1, max-image-preview:large, max-video-preview:-1\" \/>\n<link rel=\"canonical\" href=\"https:\/\/www.mobilimariani.com\/fr\/realization-escalier-interne\/\" \/>\n<meta property=\"og:locale\" content=\"fr_FR\" \/>\n<meta property=\"og:type\" content=\"article\" \/>\n<meta property=\"og:title\" content=\"REALIZATION ESCALIER INTERNE | Mobili Mariani\" \/>\n<meta property=\"og:description\" content=\"LE PROJET REALIZATION ESCALIER INTERNE La possibilit\u00e9 de pouvoir intervenir pendant la construction de cette grande maison dans la Val Chiusella, nous a\" \/>\n<meta property=\"og:url\" content=\"https:\/\/www.mobilimariani.com\/fr\/realization-escalier-interne\/\" \/>\n<meta property=\"og:site_name\" content=\"Mobili Mariani\" \/>\n<meta property=\"article:published_time\" content=\"2018-04-27T15:25:45+00:00\" \/>\n<meta name=\"twitter:label1\" content=\"Est. reading time\">\n\t<meta name=\"twitter:data1\" content=\"1 minute\">\n<script type=\"application\/ld+json\" class=\"yoast-schema-graph\">{\"@context\":\"https:\/\/schema.org\",\"@graph\":[{\"@type\":\"Organization\",\"@id\":\"https:\/\/www.mobilimariani.com\/#organization\",\"name\":\"Mobili Mariani\",\"url\":\"https:\/\/www.mobilimariani.com\/\",\"sameAs\":[],\"logo\":{\"@type\":\"ImageObject\",\"@id\":\"https:\/\/www.mobilimariani.com\/#logo\",\"inLanguage\":\"fr-CH\",\"url\":\"https:\/\/www.mobilimariani.com\/wp-content\/uploads\/2015\/12\/logo.png\",\"contentUrl\":\"https:\/\/www.mobilimariani.com\/wp-content\/uploads\/2015\/12\/logo.png\",\"width\":160,\"height\":110,\"caption\":\"Mobili Mariani\"},\"image\":{\"@id\":\"https:\/\/www.mobilimariani.com\/#logo\"}},{\"@type\":\"WebSite\",\"@id\":\"https:\/\/www.mobilimariani.com\/#website\",\"url\":\"https:\/\/www.mobilimariani.com\/\",\"name\":\"Mobili Mariani\",\"description\":\"Mobili Italia Svizzera\",\"publisher\":{\"@id\":\"https:\/\/www.mobilimariani.com\/#organization\"},\"potentialAction\":[{\"@type\":\"SearchAction\",\"target\":\"https:\/\/www.mobilimariani.com\/?s={search_term_string}\",\"query-input\":\"required name=search_term_string\"}],\"inLanguage\":\"fr-CH\"},{\"@type\":\"WebPage\",\"@id\":\"https:\/\/www.mobilimariani.com\/fr\/realization-escalier-interne\/#webpage\",\"url\":\"https:\/\/www.mobilimariani.com\/fr\/realization-escalier-interne\/\",\"name\":\"REALIZATION ESCALIER INTERNE | Mobili Mariani\",\"isPartOf\":{\"@id\":\"https:\/\/www.mobilimariani.com\/#website\"},\"datePublished\":\"2018-04-27T15:25:45+00:00\",\"dateModified\":\"2018-04-27T15:25:45+00:00\",\"description\":\"LE PROJET REALIZATION ESCALIER INTERNE La possibilit\\u00e9 de pouvoir intervenir pendant la construction de cette grande maison dans la Val Chiusella, nous a\",\"breadcrumb\":{\"@id\":\"https:\/\/www.mobilimariani.com\/fr\/realization-escalier-interne\/#breadcrumb\"},\"inLanguage\":\"fr-CH\",\"potentialAction\":[{\"@type\":\"ReadAction\",\"target\":[\"https:\/\/www.mobilimariani.com\/fr\/realization-escalier-interne\/\"]}]},{\"@type\":\"BreadcrumbList\",\"@id\":\"https:\/\/www.mobilimariani.com\/fr\/realization-escalier-interne\/#breadcrumb\",\"itemListElement\":[{\"@type\":\"ListItem\",\"position\":1,\"item\":{\"@type\":\"WebPage\",\"@id\":\"https:\/\/www.mobilimariani.com\/\",\"url\":\"https:\/\/www.mobilimariani.com\/\",\"name\":\"Home\"}},{\"@type\":\"ListItem\",\"position\":2,\"item\":{\"@id\":\"https:\/\/www.mobilimariani.com\/fr\/realization-escalier-interne\/#webpage\"}}]},{\"@type\":\"Article\",\"@id\":\"https:\/\/www.mobilimariani.com\/fr\/realization-escalier-interne\/#article\",\"isPartOf\":{\"@id\":\"https:\/\/www.mobilimariani.com\/fr\/realization-escalier-interne\/#webpage\"},\"author\":{\"@id\":\"https:\/\/www.mobilimariani.com\/#\/schema\/person\/4685d9f51269134e53f988c9122315f4\"},\"headline\":\"REALIZATION ESCALIER INTERNE\",\"datePublished\":\"2018-04-27T15:25:45+00:00\",\"dateModified\":\"2018-04-27T15:25:45+00:00\",\"mainEntityOfPage\":{\"@id\":\"https:\/\/www.mobilimariani.com\/fr\/realization-escalier-interne\/#webpage\"},\"publisher\":{\"@id\":\"https:\/\/www.mobilimariani.com\/#organization\"},\"articleSection\":[\"Autre\",\"Conception\"],\"inLanguage\":\"fr-CH\"},{\"@type\":\"Person\",\"@id\":\"https:\/\/www.mobilimariani.com\/#\/schema\/person\/4685d9f51269134e53f988c9122315f4\",\"name\":\"14m4rC008\",\"image\":{\"@type\":\"ImageObject\",\"@id\":\"https:\/\/www.mobilimariani.com\/#personlogo\",\"inLanguage\":\"fr-CH\",\"url\":\"https:\/\/secure.gravatar.com\/avatar\/dfaa6e536fec7030712cf850e9ddef45?s=96&d=mm&r=g\",\"contentUrl\":\"https:\/\/secure.gravatar.com\/avatar\/dfaa6e536fec7030712cf850e9ddef45?s=96&d=mm&r=g\",\"caption\":\"14m4rC008\"}}]}<\/script>\n<!-- \/ Yoast SEO plugin. -->","_links":{"self":[{"href":"https:\/\/www.mobilimariani.com\/fr\/wp-json\/wp\/v2\/posts\/21280"}],"collection":[{"href":"https:\/\/www.mobilimariani.com\/fr\/wp-json\/wp\/v2\/posts"}],"about":[{"href":"https:\/\/www.mobilimariani.com\/fr\/wp-json\/wp\/v2\/types\/post"}],"author":[{"embeddable":true,"href":"https:\/\/www.mobilimariani.com\/fr\/wp-json\/wp\/v2\/users\/1"}],"replies":[{"embeddable":true,"href":"https:\/\/www.mobilimariani.com\/fr\/wp-json\/wp\/v2\/comments?post=21280"}],"version-history":[{"count":1,"href":"https:\/\/www.mobilimariani.com\/fr\/wp-json\/wp\/v2\/posts\/21280\/revisions"}],"predecessor-version":[{"id":21281,"href":"https:\/\/www.mobilimariani.com\/fr\/wp-json\/wp\/v2\/posts\/21280\/revisions\/21281"}],"wp:attachment":[{"href":"https:\/\/www.mobilimariani.com\/fr\/wp-json\/wp\/v2\/media?parent=21280"}],"wp:term":[{"taxonomy":"category","embeddable":true,"href":"https:\/\/www.mobilimariani.com\/fr\/wp-json\/wp\/v2\/categories?post=21280"},{"taxonomy":"post_tag","embeddable":true,"href":"https:\/\/www.mobilimariani.com\/fr\/wp-json\/wp\/v2\/tags?post=21280"}],"curies":[{"name":"wp","href":"https:\/\/api.w.org\/{rel}","templated":true}]}}