{"id":21275,"date":"2018-04-22T18:32:43","date_gmt":"2018-04-22T16:32:43","guid":{"rendered":"https:\/\/www.mobilimariani.com\/?p=21275"},"modified":"2018-04-22T18:32:43","modified_gmt":"2018-04-22T16:32:43","slug":"project-cuisine-copatlife-3-1-double-laquage","status":"publish","type":"post","link":"https:\/\/www.mobilimariani.com\/fr\/project-cuisine-copatlife-3-1-double-laquage\/","title":{"rendered":"PROJECT CUISINE COPATLIFE 3.1 DOUBLE LAQUAGE"},"content":{"rendered":"<p>LE PROJET<\/p>\n<p>LE PROJET CUISINE COPATLIFE 3.1 DOUBLE LAQUAGE<\/p>\n<p>La particularit\u00e9 de cette conception r\u00e9alis\u00e9 avec la cuisine Copatlife de mod\u00e8le 3.1 est la n\u00e9cessit\u00e9 pour le client d&#8217;avoir une tr\u00e8s grande cuisine; C&#8217;est la raison pour laquelle nous avons ins\u00e9r\u00e9 des colonnes hautes et des unit\u00e9s murales jusqu&#8217;\u00e0 la vo\u00fbte du plafond. Comme on peut le voir \u00e0 la premi\u00e8re image (n \u00b0 05) pour terminer la meilleure composition que nous avons plac\u00e9 une bande de plafond, fa\u00e7onn\u00e9s sur place par nos\u00a0monteurs experts, qui suivent la conception de la vo\u00fbte et que nous avons utilis\u00e9s pour ins\u00e9rer les grilles de ventilation des appareils \u00e9lectrom\u00e9nagers et un \u00e9clairage led qui nous a permis d&#8217;\u00e9liminer la lumi\u00e8re classique au milieu de la vo\u00fbte. Pour cr\u00e9er du mouvement et all\u00e9ger visuellement la cuisine, nous avons utilis\u00e9 la couleur: pour les bases et la biblioth\u00e8que la version laqu\u00e9e grise a \u00e9t\u00e9 choisie, la version laqu\u00e9e blanche pour les colonnes et les unit\u00e9s de mur et le verre laqu\u00e9 orange pour les dos. Pour rendre l&#8217;environnement plus accueillant, avec le client, nous avons d\u00e9cid\u00e9 d&#8217;ins\u00e9rer le plan \u00e0\u00a0snack, sp\u00e9cialement fait par notre menuisier, en ch\u00eane naturel et pour rendre la cuisine plus \u00e9l\u00e9gante, nous avons d\u00e9cid\u00e9 de cacher le cong\u00e9lateur, le lave-vaisselle et la hotte. L&#8217;autre d\u00e9tail \u00e0 noter est la division \u00ab\u00a0d\u00e9licieuse \u00bb en quatre branches des portes droite suspendus (photo n \u00b0 09) qui rappellent la verticalit\u00e9 des unit\u00e9s de haute paroi mont\u00e9s sur la gauche. Comme plan de travail nous avons utilis\u00e9 une quartzite r\u00e8s \u00e9pais sur lequel nous avons ins\u00e9r\u00e9 la cuisini\u00e8re \u00e0 gaz et l&#8217;\u00e9vier avec deux bassins encastr\u00e9s.. Le dossier se compose d&#8217;un haut \u00e9lev\u00e9 en quartzite,\u00a0o\u00f9 nous avons encastr\u00e9 les prises pour les petits appareils et un cristal laqu\u00e9. M\u00eame sous les unit\u00e9s murales, nous avons install\u00e9 des barres LED sur mesure avec des interrupteurs \u00e0 gradation, pour avoir toujours la bonne lumi\u00e8re pour travailler sur le comptoir.<\/p>\n<p><a href=\"https:\/\/www.mobilimariani.com\/fr\/contacts\/\">Cliquez ici\u00a0<\/a>pour d\u00e9couvrir notre conception et nos conseil dans toute l\u2019Europe. Le prix de la conception vous seraz compl\u00e8tement \u00e9cart\u00e9e si vous achetez nos produits.<\/p>\n","protected":false},"excerpt":{"rendered":"LE PROJET LE PROJET CUISINE COPATLIFE 3.1 DOUBLE LAQUAGE La particularit\u00e9 de cette conception r\u00e9alis\u00e9 avec la cuisine Copatlife de mod\u00e8le 3.1 est la n\u00e9cessit\u00e9 pour le client d&#8217;avoir une tr\u00e8s grande cuisine; C&#8217;est la raison pour laquelle nous avons ins\u00e9r\u00e9 des colonnes hautes et des unit\u00e9s murales jusqu&#8217;\u00e0 la vo\u00fbte du plafond. Comme on&#8230; <a class=\"view-article\" href=\"https:\/\/www.mobilimariani.com\/fr\/project-cuisine-copatlife-3-1-double-laquage\/\">Voir l&#8217;article<\/a>","protected":false},"author":1,"featured_media":0,"comment_status":"closed","ping_status":"closed","sticky":false,"template":"","format":"standard","meta":[],"categories":[21,15],"tags":[],"yoast_head":"<!-- This site is optimized with the Yoast SEO plugin v16.2 - https:\/\/yoast.com\/wordpress\/plugins\/seo\/ -->\n<meta name=\"description\" content=\"LE PROJET LE PROJET CUISINE COPATLIFE 3.1 DOUBLE LAQUAGE La particularit\u00e9 de cette conception r\u00e9alis\u00e9 avec la cuisine Copatlife de mod\u00e8le 3.1 est la\" \/>\n<meta name=\"robots\" content=\"index, follow, max-snippet:-1, max-image-preview:large, max-video-preview:-1\" \/>\n<link rel=\"canonical\" href=\"https:\/\/www.mobilimariani.com\/fr\/project-cuisine-copatlife-3-1-double-laquage\/\" \/>\n<meta property=\"og:locale\" content=\"fr_FR\" \/>\n<meta property=\"og:type\" content=\"article\" \/>\n<meta property=\"og:title\" content=\"PROJECT CUISINE COPATLIFE 3.1 DOUBLE LAQUAGE | Mobili Mariani\" \/>\n<meta property=\"og:description\" content=\"LE PROJET LE PROJET CUISINE COPATLIFE 3.1 DOUBLE LAQUAGE La particularit\u00e9 de cette conception r\u00e9alis\u00e9 avec la cuisine Copatlife de mod\u00e8le 3.1 est la\" \/>\n<meta property=\"og:url\" content=\"https:\/\/www.mobilimariani.com\/fr\/project-cuisine-copatlife-3-1-double-laquage\/\" \/>\n<meta property=\"og:site_name\" content=\"Mobili Mariani\" \/>\n<meta property=\"article:published_time\" content=\"2018-04-22T16:32:43+00:00\" \/>\n<meta name=\"twitter:label1\" content=\"Est. reading time\">\n\t<meta name=\"twitter:data1\" content=\"2 minutes\">\n<script type=\"application\/ld+json\" class=\"yoast-schema-graph\">{\"@context\":\"https:\/\/schema.org\",\"@graph\":[{\"@type\":\"Organization\",\"@id\":\"https:\/\/www.mobilimariani.com\/#organization\",\"name\":\"Mobili Mariani\",\"url\":\"https:\/\/www.mobilimariani.com\/\",\"sameAs\":[],\"logo\":{\"@type\":\"ImageObject\",\"@id\":\"https:\/\/www.mobilimariani.com\/#logo\",\"inLanguage\":\"fr-CH\",\"url\":\"https:\/\/www.mobilimariani.com\/wp-content\/uploads\/2015\/12\/logo.png\",\"contentUrl\":\"https:\/\/www.mobilimariani.com\/wp-content\/uploads\/2015\/12\/logo.png\",\"width\":160,\"height\":110,\"caption\":\"Mobili Mariani\"},\"image\":{\"@id\":\"https:\/\/www.mobilimariani.com\/#logo\"}},{\"@type\":\"WebSite\",\"@id\":\"https:\/\/www.mobilimariani.com\/#website\",\"url\":\"https:\/\/www.mobilimariani.com\/\",\"name\":\"Mobili Mariani\",\"description\":\"Mobili Italia Svizzera\",\"publisher\":{\"@id\":\"https:\/\/www.mobilimariani.com\/#organization\"},\"potentialAction\":[{\"@type\":\"SearchAction\",\"target\":\"https:\/\/www.mobilimariani.com\/?s={search_term_string}\",\"query-input\":\"required name=search_term_string\"}],\"inLanguage\":\"fr-CH\"},{\"@type\":\"WebPage\",\"@id\":\"https:\/\/www.mobilimariani.com\/fr\/project-cuisine-copatlife-3-1-double-laquage\/#webpage\",\"url\":\"https:\/\/www.mobilimariani.com\/fr\/project-cuisine-copatlife-3-1-double-laquage\/\",\"name\":\"PROJECT CUISINE COPATLIFE 3.1 DOUBLE LAQUAGE | Mobili Mariani\",\"isPartOf\":{\"@id\":\"https:\/\/www.mobilimariani.com\/#website\"},\"datePublished\":\"2018-04-22T16:32:43+00:00\",\"dateModified\":\"2018-04-22T16:32:43+00:00\",\"description\":\"LE PROJET LE PROJET CUISINE COPATLIFE 3.1 DOUBLE LAQUAGE La particularit\\u00e9 de cette conception r\\u00e9alis\\u00e9 avec la cuisine Copatlife de mod\\u00e8le 3.1 est la\",\"breadcrumb\":{\"@id\":\"https:\/\/www.mobilimariani.com\/fr\/project-cuisine-copatlife-3-1-double-laquage\/#breadcrumb\"},\"inLanguage\":\"fr-CH\",\"potentialAction\":[{\"@type\":\"ReadAction\",\"target\":[\"https:\/\/www.mobilimariani.com\/fr\/project-cuisine-copatlife-3-1-double-laquage\/\"]}]},{\"@type\":\"BreadcrumbList\",\"@id\":\"https:\/\/www.mobilimariani.com\/fr\/project-cuisine-copatlife-3-1-double-laquage\/#breadcrumb\",\"itemListElement\":[{\"@type\":\"ListItem\",\"position\":1,\"item\":{\"@type\":\"WebPage\",\"@id\":\"https:\/\/www.mobilimariani.com\/\",\"url\":\"https:\/\/www.mobilimariani.com\/\",\"name\":\"Home\"}},{\"@type\":\"ListItem\",\"position\":2,\"item\":{\"@id\":\"https:\/\/www.mobilimariani.com\/fr\/project-cuisine-copatlife-3-1-double-laquage\/#webpage\"}}]},{\"@type\":\"Article\",\"@id\":\"https:\/\/www.mobilimariani.com\/fr\/project-cuisine-copatlife-3-1-double-laquage\/#article\",\"isPartOf\":{\"@id\":\"https:\/\/www.mobilimariani.com\/fr\/project-cuisine-copatlife-3-1-double-laquage\/#webpage\"},\"author\":{\"@id\":\"https:\/\/www.mobilimariani.com\/#\/schema\/person\/4685d9f51269134e53f988c9122315f4\"},\"headline\":\"PROJECT CUISINE COPATLIFE 3.1 DOUBLE LAQUAGE\",\"datePublished\":\"2018-04-22T16:32:43+00:00\",\"dateModified\":\"2018-04-22T16:32:43+00:00\",\"mainEntityOfPage\":{\"@id\":\"https:\/\/www.mobilimariani.com\/fr\/project-cuisine-copatlife-3-1-double-laquage\/#webpage\"},\"publisher\":{\"@id\":\"https:\/\/www.mobilimariani.com\/#organization\"},\"articleSection\":[\"Cuisines\",\"Conception\"],\"inLanguage\":\"fr-CH\"},{\"@type\":\"Person\",\"@id\":\"https:\/\/www.mobilimariani.com\/#\/schema\/person\/4685d9f51269134e53f988c9122315f4\",\"name\":\"14m4rC008\",\"image\":{\"@type\":\"ImageObject\",\"@id\":\"https:\/\/www.mobilimariani.com\/#personlogo\",\"inLanguage\":\"fr-CH\",\"url\":\"https:\/\/secure.gravatar.com\/avatar\/dfaa6e536fec7030712cf850e9ddef45?s=96&d=mm&r=g\",\"contentUrl\":\"https:\/\/secure.gravatar.com\/avatar\/dfaa6e536fec7030712cf850e9ddef45?s=96&d=mm&r=g\",\"caption\":\"14m4rC008\"}}]}<\/script>\n<!-- \/ Yoast SEO plugin. -->","_links":{"self":[{"href":"https:\/\/www.mobilimariani.com\/fr\/wp-json\/wp\/v2\/posts\/21275"}],"collection":[{"href":"https:\/\/www.mobilimariani.com\/fr\/wp-json\/wp\/v2\/posts"}],"about":[{"href":"https:\/\/www.mobilimariani.com\/fr\/wp-json\/wp\/v2\/types\/post"}],"author":[{"embeddable":true,"href":"https:\/\/www.mobilimariani.com\/fr\/wp-json\/wp\/v2\/users\/1"}],"replies":[{"embeddable":true,"href":"https:\/\/www.mobilimariani.com\/fr\/wp-json\/wp\/v2\/comments?post=21275"}],"version-history":[{"count":1,"href":"https:\/\/www.mobilimariani.com\/fr\/wp-json\/wp\/v2\/posts\/21275\/revisions"}],"predecessor-version":[{"id":21276,"href":"https:\/\/www.mobilimariani.com\/fr\/wp-json\/wp\/v2\/posts\/21275\/revisions\/21276"}],"wp:attachment":[{"href":"https:\/\/www.mobilimariani.com\/fr\/wp-json\/wp\/v2\/media?parent=21275"}],"wp:term":[{"taxonomy":"category","embeddable":true,"href":"https:\/\/www.mobilimariani.com\/fr\/wp-json\/wp\/v2\/categories?post=21275"},{"taxonomy":"post_tag","embeddable":true,"href":"https:\/\/www.mobilimariani.com\/fr\/wp-json\/wp\/v2\/tags?post=21275"}],"curies":[{"name":"wp","href":"https:\/\/api.w.org\/{rel}","templated":true}]}}