{"id":21273,"date":"2018-04-22T18:13:39","date_gmt":"2018-04-22T16:13:39","guid":{"rendered":"https:\/\/www.mobilimariani.com\/?p=21273"},"modified":"2018-04-22T18:13:39","modified_gmt":"2018-04-22T16:13:39","slug":"projet-cuisine-ernestomeda-one80-lamine-noir-brillant","status":"publish","type":"post","link":"https:\/\/www.mobilimariani.com\/fr\/projet-cuisine-ernestomeda-one80-lamine-noir-brillant\/","title":{"rendered":"PROJET CUISINE ERNESTOMEDA ONE80 LAMINE NOIR BRILLANT"},"content":{"rendered":"<p>LE PROJET<\/p>\n<p>PROJET CUISINE ERNESTOMEDA ONE80 LAMINE NOIR BRILLANT<\/p>\n<p>Dans la Valchiusella, nous avons con\u00e7u le mobilier de cette cuisine pour un jeune client. Voici le mod\u00e8le One80 d&#8217;Ernestomeda dans la version lamin\u00e9e brillante Bordo Laser. Le traitement\u00a0Bordo Laser\u00a0signifie que le lamin\u00e9, \u00e0 travers la chaleur du laser, est pli\u00e9 sans casser le mat\u00e9riau afin d&#8217;obtenir un rev\u00eatement homog\u00e8ne et\u00a0sans jonctions sur tous les c\u00f4t\u00e9s de la porte, similaire aux finitions en bois laqu\u00e9 les plus fines . Ayant choisi la couleur noir\u00a0pour les meubles, l&#8217;aluminium brillant et l&#8217;acier ont \u00e9t\u00e9 utilis\u00e9s pour donner le contraste n\u00e9cessaire et rendre la cuisine\u00a0smart et cool. Compte tenu des caract\u00e9ristiques de la pi\u00e8ce, nous avons divis\u00e9 la cuisine en trois blocs: le premier fournit un mur de colonnes \u00e9quip\u00e9es en largeur et en hauteur, o\u00f9 nous avons inclus le r\u00e9frig\u00e9rateur \/ cong\u00e9lateur \u00e0 double porte am\u00e9ricain, le four multifonction, le four \u00e0 micro-ondes et le garde-manger avec une s\u00e9rie d&#8217;accessoires extractibles. Pour le deuxi\u00e8me bloc, un \u00eelot central a \u00e9t\u00e9 construit, qui abrite la plaque \u00e0 induction, la tour \u00e0 plusieurs \u00e9tages pour les prises de courant et un espace snack. La hotte\u00a0est dissimul\u00e9 et avec l&#8217;\u00e9clairage a \u00e9t\u00e9 encastr\u00e9 dans le faux plafond. Le dernier bloc est ins\u00e9r\u00e9 dans la niche avec l&#8217;\u00e9vier et le lave-vaisselle \u00e0 disparition totale. Pour faire le haut de ces derniers \u00e9l\u00e9ments, \u00e9tant les murs \u00e0 l&#8217;ext\u00e9rieur de la charpente, un gabarit a \u00e9t\u00e9 trouv\u00e9 qui nous a permis de cr\u00e9er et ensuite parfaitement adapter le dessus en acier avec vaisselier int\u00e9gr\u00e9 sur trois c\u00f4t\u00e9s.<\/p>\n<p><a href=\"https:\/\/www.mobilimariani.com\/fr\/contacts\/\">Cliquez ici\u00a0<\/a>pour d\u00e9couvrir notre conception et nos conseil dans toute l\u2019Europe. Le prix de la conception vous seraz compl\u00e8tement \u00e9cart\u00e9e si vous achetez nos produits.<\/p>\n","protected":false},"excerpt":{"rendered":"LE PROJET PROJET CUISINE ERNESTOMEDA ONE80 LAMINE NOIR BRILLANT Dans la Valchiusella, nous avons con\u00e7u le mobilier de cette cuisine pour un jeune client. Voici le mod\u00e8le One80 d&#8217;Ernestomeda dans la version lamin\u00e9e brillante Bordo Laser. Le traitement\u00a0Bordo Laser\u00a0signifie que le lamin\u00e9, \u00e0 travers la chaleur du laser, est pli\u00e9 sans casser le mat\u00e9riau afin&#8230; <a class=\"view-article\" href=\"https:\/\/www.mobilimariani.com\/fr\/projet-cuisine-ernestomeda-one80-lamine-noir-brillant\/\">Voir l&#8217;article<\/a>","protected":false},"author":1,"featured_media":0,"comment_status":"closed","ping_status":"closed","sticky":false,"template":"","format":"standard","meta":[],"categories":[21,15],"tags":[],"yoast_head":"<!-- This site is optimized with the Yoast SEO plugin v16.2 - https:\/\/yoast.com\/wordpress\/plugins\/seo\/ -->\n<meta name=\"description\" content=\"LE PROJET PROJET CUISINE ERNESTOMEDA ONE80 LAMINE NOIR BRILLANT Dans la Valchiusella, nous avons con\u00e7u le mobilier de cette cuisine pour un jeune client.\" \/>\n<meta name=\"robots\" content=\"index, follow, max-snippet:-1, max-image-preview:large, max-video-preview:-1\" \/>\n<link rel=\"canonical\" href=\"https:\/\/www.mobilimariani.com\/fr\/projet-cuisine-ernestomeda-one80-lamine-noir-brillant\/\" \/>\n<meta property=\"og:locale\" content=\"fr_FR\" \/>\n<meta property=\"og:type\" content=\"article\" \/>\n<meta property=\"og:title\" content=\"PROJET CUISINE ERNESTOMEDA ONE80 LAMINE NOIR BRILLANT | Mobili Mariani\" \/>\n<meta property=\"og:description\" content=\"LE PROJET PROJET CUISINE ERNESTOMEDA ONE80 LAMINE NOIR BRILLANT Dans la Valchiusella, nous avons con\u00e7u le mobilier de cette cuisine pour un jeune client.\" \/>\n<meta property=\"og:url\" content=\"https:\/\/www.mobilimariani.com\/fr\/projet-cuisine-ernestomeda-one80-lamine-noir-brillant\/\" \/>\n<meta property=\"og:site_name\" content=\"Mobili Mariani\" \/>\n<meta property=\"article:published_time\" content=\"2018-04-22T16:13:39+00:00\" \/>\n<meta name=\"twitter:label1\" content=\"Est. reading time\">\n\t<meta name=\"twitter:data1\" content=\"2 minutes\">\n<script type=\"application\/ld+json\" class=\"yoast-schema-graph\">{\"@context\":\"https:\/\/schema.org\",\"@graph\":[{\"@type\":\"Organization\",\"@id\":\"https:\/\/www.mobilimariani.com\/#organization\",\"name\":\"Mobili Mariani\",\"url\":\"https:\/\/www.mobilimariani.com\/\",\"sameAs\":[],\"logo\":{\"@type\":\"ImageObject\",\"@id\":\"https:\/\/www.mobilimariani.com\/#logo\",\"inLanguage\":\"fr-CH\",\"url\":\"https:\/\/www.mobilimariani.com\/wp-content\/uploads\/2015\/12\/logo.png\",\"contentUrl\":\"https:\/\/www.mobilimariani.com\/wp-content\/uploads\/2015\/12\/logo.png\",\"width\":160,\"height\":110,\"caption\":\"Mobili Mariani\"},\"image\":{\"@id\":\"https:\/\/www.mobilimariani.com\/#logo\"}},{\"@type\":\"WebSite\",\"@id\":\"https:\/\/www.mobilimariani.com\/#website\",\"url\":\"https:\/\/www.mobilimariani.com\/\",\"name\":\"Mobili Mariani\",\"description\":\"Mobili Italia Svizzera\",\"publisher\":{\"@id\":\"https:\/\/www.mobilimariani.com\/#organization\"},\"potentialAction\":[{\"@type\":\"SearchAction\",\"target\":\"https:\/\/www.mobilimariani.com\/?s={search_term_string}\",\"query-input\":\"required name=search_term_string\"}],\"inLanguage\":\"fr-CH\"},{\"@type\":\"WebPage\",\"@id\":\"https:\/\/www.mobilimariani.com\/fr\/projet-cuisine-ernestomeda-one80-lamine-noir-brillant\/#webpage\",\"url\":\"https:\/\/www.mobilimariani.com\/fr\/projet-cuisine-ernestomeda-one80-lamine-noir-brillant\/\",\"name\":\"PROJET CUISINE ERNESTOMEDA ONE80 LAMINE NOIR BRILLANT | Mobili Mariani\",\"isPartOf\":{\"@id\":\"https:\/\/www.mobilimariani.com\/#website\"},\"datePublished\":\"2018-04-22T16:13:39+00:00\",\"dateModified\":\"2018-04-22T16:13:39+00:00\",\"description\":\"LE PROJET PROJET CUISINE ERNESTOMEDA ONE80 LAMINE NOIR BRILLANT Dans la Valchiusella, nous avons con\\u00e7u le mobilier de cette cuisine pour un jeune client.\",\"breadcrumb\":{\"@id\":\"https:\/\/www.mobilimariani.com\/fr\/projet-cuisine-ernestomeda-one80-lamine-noir-brillant\/#breadcrumb\"},\"inLanguage\":\"fr-CH\",\"potentialAction\":[{\"@type\":\"ReadAction\",\"target\":[\"https:\/\/www.mobilimariani.com\/fr\/projet-cuisine-ernestomeda-one80-lamine-noir-brillant\/\"]}]},{\"@type\":\"BreadcrumbList\",\"@id\":\"https:\/\/www.mobilimariani.com\/fr\/projet-cuisine-ernestomeda-one80-lamine-noir-brillant\/#breadcrumb\",\"itemListElement\":[{\"@type\":\"ListItem\",\"position\":1,\"item\":{\"@type\":\"WebPage\",\"@id\":\"https:\/\/www.mobilimariani.com\/\",\"url\":\"https:\/\/www.mobilimariani.com\/\",\"name\":\"Home\"}},{\"@type\":\"ListItem\",\"position\":2,\"item\":{\"@id\":\"https:\/\/www.mobilimariani.com\/fr\/projet-cuisine-ernestomeda-one80-lamine-noir-brillant\/#webpage\"}}]},{\"@type\":\"Article\",\"@id\":\"https:\/\/www.mobilimariani.com\/fr\/projet-cuisine-ernestomeda-one80-lamine-noir-brillant\/#article\",\"isPartOf\":{\"@id\":\"https:\/\/www.mobilimariani.com\/fr\/projet-cuisine-ernestomeda-one80-lamine-noir-brillant\/#webpage\"},\"author\":{\"@id\":\"https:\/\/www.mobilimariani.com\/#\/schema\/person\/4685d9f51269134e53f988c9122315f4\"},\"headline\":\"PROJET CUISINE ERNESTOMEDA ONE80 LAMINE NOIR BRILLANT\",\"datePublished\":\"2018-04-22T16:13:39+00:00\",\"dateModified\":\"2018-04-22T16:13:39+00:00\",\"mainEntityOfPage\":{\"@id\":\"https:\/\/www.mobilimariani.com\/fr\/projet-cuisine-ernestomeda-one80-lamine-noir-brillant\/#webpage\"},\"publisher\":{\"@id\":\"https:\/\/www.mobilimariani.com\/#organization\"},\"articleSection\":[\"Cuisines\",\"Conception\"],\"inLanguage\":\"fr-CH\"},{\"@type\":\"Person\",\"@id\":\"https:\/\/www.mobilimariani.com\/#\/schema\/person\/4685d9f51269134e53f988c9122315f4\",\"name\":\"14m4rC008\",\"image\":{\"@type\":\"ImageObject\",\"@id\":\"https:\/\/www.mobilimariani.com\/#personlogo\",\"inLanguage\":\"fr-CH\",\"url\":\"https:\/\/secure.gravatar.com\/avatar\/dfaa6e536fec7030712cf850e9ddef45?s=96&d=mm&r=g\",\"contentUrl\":\"https:\/\/secure.gravatar.com\/avatar\/dfaa6e536fec7030712cf850e9ddef45?s=96&d=mm&r=g\",\"caption\":\"14m4rC008\"}}]}<\/script>\n<!-- \/ Yoast SEO plugin. -->","_links":{"self":[{"href":"https:\/\/www.mobilimariani.com\/fr\/wp-json\/wp\/v2\/posts\/21273"}],"collection":[{"href":"https:\/\/www.mobilimariani.com\/fr\/wp-json\/wp\/v2\/posts"}],"about":[{"href":"https:\/\/www.mobilimariani.com\/fr\/wp-json\/wp\/v2\/types\/post"}],"author":[{"embeddable":true,"href":"https:\/\/www.mobilimariani.com\/fr\/wp-json\/wp\/v2\/users\/1"}],"replies":[{"embeddable":true,"href":"https:\/\/www.mobilimariani.com\/fr\/wp-json\/wp\/v2\/comments?post=21273"}],"version-history":[{"count":1,"href":"https:\/\/www.mobilimariani.com\/fr\/wp-json\/wp\/v2\/posts\/21273\/revisions"}],"predecessor-version":[{"id":21274,"href":"https:\/\/www.mobilimariani.com\/fr\/wp-json\/wp\/v2\/posts\/21273\/revisions\/21274"}],"wp:attachment":[{"href":"https:\/\/www.mobilimariani.com\/fr\/wp-json\/wp\/v2\/media?parent=21273"}],"wp:term":[{"taxonomy":"category","embeddable":true,"href":"https:\/\/www.mobilimariani.com\/fr\/wp-json\/wp\/v2\/categories?post=21273"},{"taxonomy":"post_tag","embeddable":true,"href":"https:\/\/www.mobilimariani.com\/fr\/wp-json\/wp\/v2\/tags?post=21273"}],"curies":[{"name":"wp","href":"https:\/\/api.w.org\/{rel}","templated":true}]}}