{"id":21271,"date":"2018-04-22T17:54:38","date_gmt":"2018-04-22T15:54:38","guid":{"rendered":"https:\/\/www.mobilimariani.com\/?p=21271"},"modified":"2018-04-22T17:54:39","modified_gmt":"2018-04-22T15:54:39","slug":"chambre-dans-la-mansarde-pour-deux-garcons","status":"publish","type":"post","link":"https:\/\/www.mobilimariani.com\/fr\/chambre-dans-la-mansarde-pour-deux-garcons\/","title":{"rendered":"CHAMBRE DANS LA MANSARDE POUR DEUX GARCONS"},"content":{"rendered":"<p>LE PROJET<\/p>\n<p>CHAMBRE DANS LA MANSARDE POUR DEUX GARCONS<\/p>\n<p>Dans ce projet, nos clients nous ont demand\u00e9 de meubler la mansarde de leur maison \u00e0 Turin pour\u00a0r\u00e9alizer la chambre de leurs deux enfants. Profitant de l&#8217;irr\u00e9gularit\u00e9 de la pi\u00e8ce, nous avons d\u00e9di\u00e9 un espace pour la fille et un espace pour le gar\u00e7on afin de donner un peu d&#8217;intimit\u00e9 \u00e0 chacun d&#8217;entre eux; et c&#8217;est la raison des diff\u00e9rentes couleurs: des tons de lilas et de\u00a0violet pour elle et des nuances de vert pour lui. Dans l&#8217;espace commun, le plus haut, nous avons ins\u00e9r\u00e9 une armoire laqu\u00e9e blanche haute cm. 288 de Lema. Dans l&#8217;espace d\u00e9di\u00e9 \u00e0 la fille, nous avons cr\u00e9\u00e9 une garde-robe de De Rosso sur deux hauteurs. La premi\u00e8re partie de l&#8217;armoire suit la forme inclin\u00e9e des poutres du plafond et comme on peut le voir sur la premi\u00e8re photo (n \u00b0 06) elle cache le pilier sur le mur; la deuxi\u00e8me partie de l&#8217;armoire, la partie inf\u00e9rieure, se termine par des \u00e9tag\u00e8res triangulaires qui nous invitent \u00e0 entrer dans l&#8217;espace d\u00e9di\u00e9, all\u00e9geant esth\u00e9tiquement la profondeur de 60 cm du c\u00f4t\u00e9. Autour du lit, nous avons cr\u00e9\u00e9 une s\u00e9rie de meubles \u00e0 portes battantes qui, dans la partie sup\u00e9rieure, servent d&#8217;appui.\u00a0Encore avec De Rosso, pour le gar\u00e7on nous avons cr\u00e9\u00e9 une biblioth\u00e8que avec des compartiments ouverts, des portes et des tiroirs. Dans le\u00a0projet\u00a0la biblioth\u00e8que a \u00e9t\u00e9 pr\u00e9par\u00e9 avec des diff\u00e9rentes hauteurs pour suivre le profil inclin\u00e9 des poutres de plafond et sur place nos monteurs ont fait les coupes n\u00e9cessaires\u00a0(photo n \u00b0 10). <span class=\"\" title=\"\">Tous les processus \u00abvestimentaires\u00bb qui nous distinguent, r\u00e9alis\u00e9s pour cet am\u00e9nagement, ont \u00e9t\u00e9 possibles gr\u00e2ce \u00e0 notre \u00e9quipe de designers, aux marques utilis\u00e9es, \u00e0 notre menuiserie et \u00e0 nos monteurs experts, o\u00f9 les concepteurs ne peuvent pas faire les changements en avance<\/span>\u00a0<span class=\"\" title=\"\">ils les font sur place.<\/span><br \/>\n. Pour compl\u00e9ter l&#8217;ameublement, les lits mod\u00e8le Notturno de Flou.<\/p>\n<p><a href=\"https:\/\/www.mobilimariani.com\/fr\/contacts\/\">Cliquez ici\u00a0<\/a>pour d\u00e9couvrir notre conception et nos conseil dans toute l\u2019Europe. Le prix de la conception vous seraz compl\u00e8tement \u00e9cart\u00e9e si vous achetez nos produits.<\/p>\n","protected":false},"excerpt":{"rendered":"LE PROJET CHAMBRE DANS LA MANSARDE POUR DEUX GARCONS Dans ce projet, nos clients nous ont demand\u00e9 de meubler la mansarde de leur maison \u00e0 Turin pour\u00a0r\u00e9alizer la chambre de leurs deux enfants. Profitant de l&#8217;irr\u00e9gularit\u00e9 de la pi\u00e8ce, nous avons d\u00e9di\u00e9 un espace pour la fille et un espace pour le gar\u00e7on afin de&#8230; <a class=\"view-article\" href=\"https:\/\/www.mobilimariani.com\/fr\/chambre-dans-la-mansarde-pour-deux-garcons\/\">Voir l&#8217;article<\/a>","protected":false},"author":1,"featured_media":0,"comment_status":"closed","ping_status":"closed","sticky":false,"template":"","format":"standard","meta":[],"categories":[15,20],"tags":[],"yoast_head":"<!-- This site is optimized with the Yoast SEO plugin v16.2 - https:\/\/yoast.com\/wordpress\/plugins\/seo\/ -->\n<meta name=\"description\" content=\"LE PROJET CHAMBRE DANS LA MANSARDE POUR DEUX GARCONS Dans ce projet, nos clients nous ont demand\u00e9 de meubler la mansarde de leur maison \u00e0 Turin\" \/>\n<meta name=\"robots\" content=\"index, follow, max-snippet:-1, max-image-preview:large, max-video-preview:-1\" \/>\n<link rel=\"canonical\" href=\"https:\/\/www.mobilimariani.com\/fr\/chambre-dans-la-mansarde-pour-deux-garcons\/\" \/>\n<meta property=\"og:locale\" content=\"fr_FR\" \/>\n<meta property=\"og:type\" content=\"article\" \/>\n<meta property=\"og:title\" content=\"CHAMBRE DANS LA MANSARDE POUR DEUX GARCONS | Mobili Mariani\" \/>\n<meta property=\"og:description\" content=\"LE PROJET CHAMBRE DANS LA MANSARDE POUR DEUX GARCONS Dans ce projet, nos clients nous ont demand\u00e9 de meubler la mansarde de leur maison \u00e0 Turin\" \/>\n<meta property=\"og:url\" content=\"https:\/\/www.mobilimariani.com\/fr\/chambre-dans-la-mansarde-pour-deux-garcons\/\" \/>\n<meta property=\"og:site_name\" content=\"Mobili Mariani\" \/>\n<meta property=\"article:published_time\" content=\"2018-04-22T15:54:38+00:00\" \/>\n<meta property=\"article:modified_time\" content=\"2018-04-22T15:54:39+00:00\" \/>\n<meta name=\"twitter:label1\" content=\"Est. reading time\">\n\t<meta name=\"twitter:data1\" content=\"2 minutes\">\n<script type=\"application\/ld+json\" class=\"yoast-schema-graph\">{\"@context\":\"https:\/\/schema.org\",\"@graph\":[{\"@type\":\"Organization\",\"@id\":\"https:\/\/www.mobilimariani.com\/#organization\",\"name\":\"Mobili Mariani\",\"url\":\"https:\/\/www.mobilimariani.com\/\",\"sameAs\":[],\"logo\":{\"@type\":\"ImageObject\",\"@id\":\"https:\/\/www.mobilimariani.com\/#logo\",\"inLanguage\":\"fr-CH\",\"url\":\"https:\/\/www.mobilimariani.com\/wp-content\/uploads\/2015\/12\/logo.png\",\"contentUrl\":\"https:\/\/www.mobilimariani.com\/wp-content\/uploads\/2015\/12\/logo.png\",\"width\":160,\"height\":110,\"caption\":\"Mobili Mariani\"},\"image\":{\"@id\":\"https:\/\/www.mobilimariani.com\/#logo\"}},{\"@type\":\"WebSite\",\"@id\":\"https:\/\/www.mobilimariani.com\/#website\",\"url\":\"https:\/\/www.mobilimariani.com\/\",\"name\":\"Mobili Mariani\",\"description\":\"Mobili Italia Svizzera\",\"publisher\":{\"@id\":\"https:\/\/www.mobilimariani.com\/#organization\"},\"potentialAction\":[{\"@type\":\"SearchAction\",\"target\":\"https:\/\/www.mobilimariani.com\/?s={search_term_string}\",\"query-input\":\"required name=search_term_string\"}],\"inLanguage\":\"fr-CH\"},{\"@type\":\"WebPage\",\"@id\":\"https:\/\/www.mobilimariani.com\/fr\/chambre-dans-la-mansarde-pour-deux-garcons\/#webpage\",\"url\":\"https:\/\/www.mobilimariani.com\/fr\/chambre-dans-la-mansarde-pour-deux-garcons\/\",\"name\":\"CHAMBRE DANS LA MANSARDE POUR DEUX GARCONS | Mobili Mariani\",\"isPartOf\":{\"@id\":\"https:\/\/www.mobilimariani.com\/#website\"},\"datePublished\":\"2018-04-22T15:54:38+00:00\",\"dateModified\":\"2018-04-22T15:54:39+00:00\",\"description\":\"LE PROJET CHAMBRE DANS LA MANSARDE POUR DEUX GARCONS Dans ce projet, nos clients nous ont demand\\u00e9 de meubler la mansarde de leur maison \\u00e0 Turin\",\"breadcrumb\":{\"@id\":\"https:\/\/www.mobilimariani.com\/fr\/chambre-dans-la-mansarde-pour-deux-garcons\/#breadcrumb\"},\"inLanguage\":\"fr-CH\",\"potentialAction\":[{\"@type\":\"ReadAction\",\"target\":[\"https:\/\/www.mobilimariani.com\/fr\/chambre-dans-la-mansarde-pour-deux-garcons\/\"]}]},{\"@type\":\"BreadcrumbList\",\"@id\":\"https:\/\/www.mobilimariani.com\/fr\/chambre-dans-la-mansarde-pour-deux-garcons\/#breadcrumb\",\"itemListElement\":[{\"@type\":\"ListItem\",\"position\":1,\"item\":{\"@type\":\"WebPage\",\"@id\":\"https:\/\/www.mobilimariani.com\/\",\"url\":\"https:\/\/www.mobilimariani.com\/\",\"name\":\"Home\"}},{\"@type\":\"ListItem\",\"position\":2,\"item\":{\"@id\":\"https:\/\/www.mobilimariani.com\/fr\/chambre-dans-la-mansarde-pour-deux-garcons\/#webpage\"}}]},{\"@type\":\"Article\",\"@id\":\"https:\/\/www.mobilimariani.com\/fr\/chambre-dans-la-mansarde-pour-deux-garcons\/#article\",\"isPartOf\":{\"@id\":\"https:\/\/www.mobilimariani.com\/fr\/chambre-dans-la-mansarde-pour-deux-garcons\/#webpage\"},\"author\":{\"@id\":\"https:\/\/www.mobilimariani.com\/#\/schema\/person\/4685d9f51269134e53f988c9122315f4\"},\"headline\":\"CHAMBRE DANS LA MANSARDE POUR DEUX GARCONS\",\"datePublished\":\"2018-04-22T15:54:38+00:00\",\"dateModified\":\"2018-04-22T15:54:39+00:00\",\"mainEntityOfPage\":{\"@id\":\"https:\/\/www.mobilimariani.com\/fr\/chambre-dans-la-mansarde-pour-deux-garcons\/#webpage\"},\"publisher\":{\"@id\":\"https:\/\/www.mobilimariani.com\/#organization\"},\"articleSection\":[\"Conception\",\"Nuit Zone\"],\"inLanguage\":\"fr-CH\"},{\"@type\":\"Person\",\"@id\":\"https:\/\/www.mobilimariani.com\/#\/schema\/person\/4685d9f51269134e53f988c9122315f4\",\"name\":\"14m4rC008\",\"image\":{\"@type\":\"ImageObject\",\"@id\":\"https:\/\/www.mobilimariani.com\/#personlogo\",\"inLanguage\":\"fr-CH\",\"url\":\"https:\/\/secure.gravatar.com\/avatar\/dfaa6e536fec7030712cf850e9ddef45?s=96&d=mm&r=g\",\"contentUrl\":\"https:\/\/secure.gravatar.com\/avatar\/dfaa6e536fec7030712cf850e9ddef45?s=96&d=mm&r=g\",\"caption\":\"14m4rC008\"}}]}<\/script>\n<!-- \/ Yoast SEO plugin. -->","_links":{"self":[{"href":"https:\/\/www.mobilimariani.com\/fr\/wp-json\/wp\/v2\/posts\/21271"}],"collection":[{"href":"https:\/\/www.mobilimariani.com\/fr\/wp-json\/wp\/v2\/posts"}],"about":[{"href":"https:\/\/www.mobilimariani.com\/fr\/wp-json\/wp\/v2\/types\/post"}],"author":[{"embeddable":true,"href":"https:\/\/www.mobilimariani.com\/fr\/wp-json\/wp\/v2\/users\/1"}],"replies":[{"embeddable":true,"href":"https:\/\/www.mobilimariani.com\/fr\/wp-json\/wp\/v2\/comments?post=21271"}],"version-history":[{"count":1,"href":"https:\/\/www.mobilimariani.com\/fr\/wp-json\/wp\/v2\/posts\/21271\/revisions"}],"predecessor-version":[{"id":21272,"href":"https:\/\/www.mobilimariani.com\/fr\/wp-json\/wp\/v2\/posts\/21271\/revisions\/21272"}],"wp:attachment":[{"href":"https:\/\/www.mobilimariani.com\/fr\/wp-json\/wp\/v2\/media?parent=21271"}],"wp:term":[{"taxonomy":"category","embeddable":true,"href":"https:\/\/www.mobilimariani.com\/fr\/wp-json\/wp\/v2\/categories?post=21271"},{"taxonomy":"post_tag","embeddable":true,"href":"https:\/\/www.mobilimariani.com\/fr\/wp-json\/wp\/v2\/tags?post=21271"}],"curies":[{"name":"wp","href":"https:\/\/api.w.org\/{rel}","templated":true}]}}