{"id":21058,"date":"2000-01-01T16:18:19","date_gmt":"2000-01-01T15:18:19","guid":{"rendered":"https:\/\/www.mobilimariani.com\/?p=21058"},"modified":"2021-02-11T18:32:36","modified_gmt":"2021-02-11T17:32:36","slug":"easyline-table-basse-rehaussable-aix","status":"publish","type":"post","link":"https:\/\/www.mobilimariani.com\/fr\/easyline-table-basse-rehaussable-aix\/","title":{"rendered":"EASYLINE TABLE BASSE REHAUSSABLE AIX"},"content":{"rendered":"<p>EASYLINE TABLE BASSE REHAUSSABLE AIX design Studio Pizeta &#8211; INDISPONIBLE<\/p>\n<p>Table d\u00eenette \u00e0 deux hauteurs (cm 32, cm 65), structure en m\u00e9tal, plateau \u00e9co-bois et pieds en verre.<br \/>\nVerre \u00e9tag\u00e8res pour magasins, \u00a0haussement par v\u00e9rin-gaz auto-freinant.<\/p>\n<p>Pour d\u00e9couvrir la marque Easyline\u00a0<a href=\"https:\/\/www.mobilimariani.com\/fr\/concessionaire-easyline\/\">cliquez ici<\/a><\/p>\n<p>Pour d\u00e9couvrir le catalogue de toutes nos Tables Rehaussable\u00a0<a href=\"https:\/\/www.mobilimariani.com\/fr\/search\/table+rehaussable\">cliquez ici<\/a><\/p>\n<p>Pour d\u00e9couvrir le catalogue de toutes nos Tables Basse\u00a0<a href=\"https:\/\/www.mobilimariani.com\/fr\/search\/table+basse\">cliquez ici<\/a><\/p>\n","protected":false},"excerpt":{"rendered":"EASYLINE TABLE BASSE REHAUSSABLE AIX design Studio Pizeta &#8211; INDISPONIBLE Table d\u00eenette \u00e0 deux hauteurs (cm 32, cm 65), structure en m\u00e9tal, plateau \u00e9co-bois et pieds en verre. Verre \u00e9tag\u00e8res pour magasins, \u00a0haussement par v\u00e9rin-gaz auto-freinant. Pour d\u00e9couvrir la marque Easyline\u00a0cliquez ici Pour d\u00e9couvrir le catalogue de toutes nos Tables Rehaussable\u00a0cliquez ici Pour d\u00e9couvrir le&#8230; <a class=\"view-article\" href=\"https:\/\/www.mobilimariani.com\/fr\/easyline-table-basse-rehaussable-aix\/\">Voir l&#8217;article<\/a>","protected":false},"author":1,"featured_media":0,"comment_status":"closed","ping_status":"closed","sticky":false,"template":"","format":"standard","meta":[],"categories":[18,1,6],"tags":[],"yoast_head":"<!-- This site is optimized with the Yoast SEO plugin v16.2 - https:\/\/yoast.com\/wordpress\/plugins\/seo\/ -->\n<meta name=\"description\" content=\"EASYLINE TABLE BASSE REHAUSSABLE AIX design Studio Pizeta - INDISPONIBLE Table d\u00eenette \u00e0 deux hauteurs (cm 32, cm 65), structure en m\u00e9tal, plateau\" \/>\n<meta name=\"robots\" content=\"index, follow, max-snippet:-1, max-image-preview:large, max-video-preview:-1\" \/>\n<link rel=\"canonical\" href=\"https:\/\/www.mobilimariani.com\/fr\/easyline-table-basse-rehaussable-aix\/\" \/>\n<meta property=\"og:locale\" content=\"fr_FR\" \/>\n<meta property=\"og:type\" content=\"article\" \/>\n<meta property=\"og:title\" content=\"EASYLINE TABLE BASSE REHAUSSABLE AIX | Mobili Mariani\" \/>\n<meta property=\"og:description\" content=\"EASYLINE TABLE BASSE REHAUSSABLE AIX design Studio Pizeta - INDISPONIBLE Table d\u00eenette \u00e0 deux hauteurs (cm 32, cm 65), structure en m\u00e9tal, plateau\" \/>\n<meta property=\"og:url\" content=\"https:\/\/www.mobilimariani.com\/fr\/easyline-table-basse-rehaussable-aix\/\" \/>\n<meta property=\"og:site_name\" content=\"Mobili Mariani\" \/>\n<meta property=\"article:published_time\" content=\"2000-01-01T15:18:19+00:00\" \/>\n<meta property=\"article:modified_time\" content=\"2021-02-11T17:32:36+00:00\" \/>\n<script type=\"application\/ld+json\" class=\"yoast-schema-graph\">{\"@context\":\"https:\/\/schema.org\",\"@graph\":[{\"@type\":\"Organization\",\"@id\":\"https:\/\/www.mobilimariani.com\/#organization\",\"name\":\"Mobili Mariani\",\"url\":\"https:\/\/www.mobilimariani.com\/\",\"sameAs\":[],\"logo\":{\"@type\":\"ImageObject\",\"@id\":\"https:\/\/www.mobilimariani.com\/#logo\",\"inLanguage\":\"fr-CH\",\"url\":\"https:\/\/www.mobilimariani.com\/wp-content\/uploads\/2015\/12\/logo.png\",\"contentUrl\":\"https:\/\/www.mobilimariani.com\/wp-content\/uploads\/2015\/12\/logo.png\",\"width\":160,\"height\":110,\"caption\":\"Mobili Mariani\"},\"image\":{\"@id\":\"https:\/\/www.mobilimariani.com\/#logo\"}},{\"@type\":\"WebSite\",\"@id\":\"https:\/\/www.mobilimariani.com\/#website\",\"url\":\"https:\/\/www.mobilimariani.com\/\",\"name\":\"Mobili Mariani\",\"description\":\"Mobili Italia Svizzera\",\"publisher\":{\"@id\":\"https:\/\/www.mobilimariani.com\/#organization\"},\"potentialAction\":[{\"@type\":\"SearchAction\",\"target\":\"https:\/\/www.mobilimariani.com\/?s={search_term_string}\",\"query-input\":\"required name=search_term_string\"}],\"inLanguage\":\"fr-CH\"},{\"@type\":\"WebPage\",\"@id\":\"https:\/\/www.mobilimariani.com\/fr\/easyline-table-basse-rehaussable-aix\/#webpage\",\"url\":\"https:\/\/www.mobilimariani.com\/fr\/easyline-table-basse-rehaussable-aix\/\",\"name\":\"EASYLINE TABLE BASSE REHAUSSABLE AIX | Mobili Mariani\",\"isPartOf\":{\"@id\":\"https:\/\/www.mobilimariani.com\/#website\"},\"datePublished\":\"2000-01-01T15:18:19+00:00\",\"dateModified\":\"2021-02-11T17:32:36+00:00\",\"description\":\"EASYLINE TABLE BASSE REHAUSSABLE AIX design Studio Pizeta - INDISPONIBLE Table d\\u00eenette \\u00e0 deux hauteurs (cm 32, cm 65), structure en m\\u00e9tal, plateau\",\"breadcrumb\":{\"@id\":\"https:\/\/www.mobilimariani.com\/fr\/easyline-table-basse-rehaussable-aix\/#breadcrumb\"},\"inLanguage\":\"fr-CH\",\"potentialAction\":[{\"@type\":\"ReadAction\",\"target\":[\"https:\/\/www.mobilimariani.com\/fr\/easyline-table-basse-rehaussable-aix\/\"]}]},{\"@type\":\"BreadcrumbList\",\"@id\":\"https:\/\/www.mobilimariani.com\/fr\/easyline-table-basse-rehaussable-aix\/#breadcrumb\",\"itemListElement\":[{\"@type\":\"ListItem\",\"position\":1,\"item\":{\"@type\":\"WebPage\",\"@id\":\"https:\/\/www.mobilimariani.com\/\",\"url\":\"https:\/\/www.mobilimariani.com\/\",\"name\":\"Home\"}},{\"@type\":\"ListItem\",\"position\":2,\"item\":{\"@id\":\"https:\/\/www.mobilimariani.com\/fr\/easyline-table-basse-rehaussable-aix\/#webpage\"}}]},{\"@type\":\"Article\",\"@id\":\"https:\/\/www.mobilimariani.com\/fr\/easyline-table-basse-rehaussable-aix\/#article\",\"isPartOf\":{\"@id\":\"https:\/\/www.mobilimariani.com\/fr\/easyline-table-basse-rehaussable-aix\/#webpage\"},\"author\":{\"@id\":\"https:\/\/www.mobilimariani.com\/#\/schema\/person\/4685d9f51269134e53f988c9122315f4\"},\"headline\":\"EASYLINE TABLE BASSE REHAUSSABLE AIX\",\"datePublished\":\"2000-01-01T15:18:19+00:00\",\"dateModified\":\"2021-02-11T17:32:36+00:00\",\"mainEntityOfPage\":{\"@id\":\"https:\/\/www.mobilimariani.com\/fr\/easyline-table-basse-rehaussable-aix\/#webpage\"},\"publisher\":{\"@id\":\"https:\/\/www.mobilimariani.com\/#organization\"},\"articleSection\":[\"Autre\",\"Catalogue\",\"Salle jour\"],\"inLanguage\":\"fr-CH\"},{\"@type\":\"Person\",\"@id\":\"https:\/\/www.mobilimariani.com\/#\/schema\/person\/4685d9f51269134e53f988c9122315f4\",\"name\":\"14m4rC008\",\"image\":{\"@type\":\"ImageObject\",\"@id\":\"https:\/\/www.mobilimariani.com\/#personlogo\",\"inLanguage\":\"fr-CH\",\"url\":\"https:\/\/secure.gravatar.com\/avatar\/dfaa6e536fec7030712cf850e9ddef45?s=96&d=mm&r=g\",\"contentUrl\":\"https:\/\/secure.gravatar.com\/avatar\/dfaa6e536fec7030712cf850e9ddef45?s=96&d=mm&r=g\",\"caption\":\"14m4rC008\"}}]}<\/script>\n<!-- \/ Yoast SEO plugin. -->","_links":{"self":[{"href":"https:\/\/www.mobilimariani.com\/fr\/wp-json\/wp\/v2\/posts\/21058"}],"collection":[{"href":"https:\/\/www.mobilimariani.com\/fr\/wp-json\/wp\/v2\/posts"}],"about":[{"href":"https:\/\/www.mobilimariani.com\/fr\/wp-json\/wp\/v2\/types\/post"}],"author":[{"embeddable":true,"href":"https:\/\/www.mobilimariani.com\/fr\/wp-json\/wp\/v2\/users\/1"}],"replies":[{"embeddable":true,"href":"https:\/\/www.mobilimariani.com\/fr\/wp-json\/wp\/v2\/comments?post=21058"}],"version-history":[{"count":6,"href":"https:\/\/www.mobilimariani.com\/fr\/wp-json\/wp\/v2\/posts\/21058\/revisions"}],"predecessor-version":[{"id":26484,"href":"https:\/\/www.mobilimariani.com\/fr\/wp-json\/wp\/v2\/posts\/21058\/revisions\/26484"}],"wp:attachment":[{"href":"https:\/\/www.mobilimariani.com\/fr\/wp-json\/wp\/v2\/media?parent=21058"}],"wp:term":[{"taxonomy":"category","embeddable":true,"href":"https:\/\/www.mobilimariani.com\/fr\/wp-json\/wp\/v2\/categories?post=21058"},{"taxonomy":"post_tag","embeddable":true,"href":"https:\/\/www.mobilimariani.com\/fr\/wp-json\/wp\/v2\/tags?post=21058"}],"curies":[{"name":"wp","href":"https:\/\/api.w.org\/{rel}","templated":true}]}}