{"id":21053,"date":"2020-04-07T16:05:31","date_gmt":"2020-04-07T14:05:31","guid":{"rendered":"https:\/\/www.mobilimariani.com\/?p=21053"},"modified":"2021-02-05T18:57:49","modified_gmt":"2021-02-05T17:57:49","slug":"easyline-table-basse-rehaussable-lugano","status":"publish","type":"post","link":"https:\/\/www.mobilimariani.com\/fr\/easyline-table-basse-rehaussable-lugano\/","title":{"rendered":"EASYLINE TABLE BASSE REHAUSSABLE LUGANO"},"content":{"rendered":"<p>EASYLINE TABLE BASSE REHAUSSABLE LUGANO design Studio Pizeta<\/p>\n<p>Table multifonctionnelle pouvant \u00eatre positionn\u00e9e \u00e0 2 hauteurs avec m\u00e9canisme de levage \u00e0 gaz auto-freinant (de 33 \u00e0 65 cm). Plateau pliant en bois \u00e9cologique. Structure m\u00e9tallique et compartiment de rangement, pieds en cristal.<\/p>\n<p>D\u00e9tails t\u00e9cniques :<\/p>\n<p>Structure verni mat<\/p>\n<p>Pieds verre transparent<\/p>\n<p>Plateau \u00e9co-bois<\/p>\n<p>cm. 106 x 64 x 33 \/ 106 x 94 x 65 h<\/p>\n<p><iframe loading=\"lazy\" title=\"Tavolino Elevabile Lugano by Easyline | Elevating coffee table Lugano by Easyline\" width=\"900\" height=\"506\" src=\"https:\/\/www.youtube.com\/embed\/46G9E0qRRgM?feature=oembed\" frameborder=\"0\" allow=\"accelerometer; autoplay; clipboard-write; encrypted-media; gyroscope; picture-in-picture\" allowfullscreen><\/iframe><\/p>\n<p>Pour d\u00e9couvrir la marque Easyline\u00a0<a href=\"https:\/\/www.mobilimariani.com\/fr\/concessionaire-easyline\/\">cliquez ici<\/a><\/p>\n<p>Pour d\u00e9couvrir le catalogue de toutes nos Tables Rehaussable\u00a0<a href=\"https:\/\/www.mobilimariani.com\/fr\/search\/table+rehaussable\">cliquez ici<\/a><\/p>\n<p>Pour d\u00e9couvrir le catalogue de toutes nos Tables Basse\u00a0<a href=\"https:\/\/www.mobilimariani.com\/fr\/search\/table+basse\">cliquez ici<\/a><\/p>\n<p>Vous voulez conna\u00eetre notre meilleur prix pour cet article?\u00a0<a href=\"https:\/\/www.mobilimariani.com\/fr\/contacts\/\">Cliquez ici<\/a> et envoyez-nous la demande<\/p>\n<p><strong>Pour nos clients suisses, il sera d\u00e9duit l\u2019I.V.A. italienne.<\/strong><\/p>\n<p>Signale le lieu de livraison, nous livrons dans toute l\u2019Europe et o\u00f9 que tu sois<\/p>\n","protected":false},"excerpt":{"rendered":"EASYLINE TABLE BASSE REHAUSSABLE LUGANO design Studio Pizeta Table multifonctionnelle pouvant \u00eatre positionn\u00e9e \u00e0 2 hauteurs avec m\u00e9canisme de levage \u00e0 gaz auto-freinant (de 33 \u00e0 65 cm). Plateau pliant en bois \u00e9cologique. Structure m\u00e9tallique et compartiment de rangement, pieds en cristal. D\u00e9tails t\u00e9cniques : Structure verni mat Pieds verre transparent Plateau \u00e9co-bois cm. 106&#8230; <a class=\"view-article\" href=\"https:\/\/www.mobilimariani.com\/fr\/easyline-table-basse-rehaussable-lugano\/\">Voir l&#8217;article<\/a>","protected":false},"author":1,"featured_media":0,"comment_status":"closed","ping_status":"closed","sticky":false,"template":"","format":"standard","meta":[],"categories":[18,1,6],"tags":[],"yoast_head":"<!-- This site is optimized with the Yoast SEO plugin v16.2 - https:\/\/yoast.com\/wordpress\/plugins\/seo\/ -->\n<meta name=\"description\" content=\"EASYLINE TABLE BASSE REHAUSSABLE LUGANO design Studio Pizeta Table multifonctionnelle pouvant \u00eatre positionn\u00e9e \u00e0 2 hauteurs avec m\u00e9canisme de levage \u00e0 gaz\" \/>\n<meta name=\"robots\" content=\"index, follow, max-snippet:-1, max-image-preview:large, max-video-preview:-1\" \/>\n<link rel=\"canonical\" href=\"https:\/\/www.mobilimariani.com\/fr\/easyline-table-basse-rehaussable-lugano\/\" \/>\n<meta property=\"og:locale\" content=\"fr_FR\" \/>\n<meta property=\"og:type\" content=\"article\" \/>\n<meta property=\"og:title\" content=\"EASYLINE TABLE BASSE REHAUSSABLE LUGANO | Mobili Mariani\" \/>\n<meta property=\"og:description\" content=\"EASYLINE TABLE BASSE REHAUSSABLE LUGANO design Studio Pizeta Table multifonctionnelle pouvant \u00eatre positionn\u00e9e \u00e0 2 hauteurs avec m\u00e9canisme de levage \u00e0 gaz\" \/>\n<meta property=\"og:url\" content=\"https:\/\/www.mobilimariani.com\/fr\/easyline-table-basse-rehaussable-lugano\/\" \/>\n<meta property=\"og:site_name\" content=\"Mobili Mariani\" \/>\n<meta property=\"article:published_time\" content=\"2020-04-07T14:05:31+00:00\" \/>\n<meta property=\"article:modified_time\" content=\"2021-02-05T17:57:49+00:00\" \/>\n<meta name=\"twitter:label1\" content=\"Est. reading time\">\n\t<meta name=\"twitter:data1\" content=\"1 minute\">\n<script type=\"application\/ld+json\" class=\"yoast-schema-graph\">{\"@context\":\"https:\/\/schema.org\",\"@graph\":[{\"@type\":\"Organization\",\"@id\":\"https:\/\/www.mobilimariani.com\/#organization\",\"name\":\"Mobili Mariani\",\"url\":\"https:\/\/www.mobilimariani.com\/\",\"sameAs\":[],\"logo\":{\"@type\":\"ImageObject\",\"@id\":\"https:\/\/www.mobilimariani.com\/#logo\",\"inLanguage\":\"fr-CH\",\"url\":\"https:\/\/www.mobilimariani.com\/wp-content\/uploads\/2015\/12\/logo.png\",\"contentUrl\":\"https:\/\/www.mobilimariani.com\/wp-content\/uploads\/2015\/12\/logo.png\",\"width\":160,\"height\":110,\"caption\":\"Mobili Mariani\"},\"image\":{\"@id\":\"https:\/\/www.mobilimariani.com\/#logo\"}},{\"@type\":\"WebSite\",\"@id\":\"https:\/\/www.mobilimariani.com\/#website\",\"url\":\"https:\/\/www.mobilimariani.com\/\",\"name\":\"Mobili Mariani\",\"description\":\"Mobili Italia Svizzera\",\"publisher\":{\"@id\":\"https:\/\/www.mobilimariani.com\/#organization\"},\"potentialAction\":[{\"@type\":\"SearchAction\",\"target\":\"https:\/\/www.mobilimariani.com\/?s={search_term_string}\",\"query-input\":\"required name=search_term_string\"}],\"inLanguage\":\"fr-CH\"},{\"@type\":\"WebPage\",\"@id\":\"https:\/\/www.mobilimariani.com\/fr\/easyline-table-basse-rehaussable-lugano\/#webpage\",\"url\":\"https:\/\/www.mobilimariani.com\/fr\/easyline-table-basse-rehaussable-lugano\/\",\"name\":\"EASYLINE TABLE BASSE REHAUSSABLE LUGANO | Mobili Mariani\",\"isPartOf\":{\"@id\":\"https:\/\/www.mobilimariani.com\/#website\"},\"datePublished\":\"2020-04-07T14:05:31+00:00\",\"dateModified\":\"2021-02-05T17:57:49+00:00\",\"description\":\"EASYLINE TABLE BASSE REHAUSSABLE LUGANO design Studio Pizeta Table multifonctionnelle pouvant \\u00eatre positionn\\u00e9e \\u00e0 2 hauteurs avec m\\u00e9canisme de levage \\u00e0 gaz\",\"breadcrumb\":{\"@id\":\"https:\/\/www.mobilimariani.com\/fr\/easyline-table-basse-rehaussable-lugano\/#breadcrumb\"},\"inLanguage\":\"fr-CH\",\"potentialAction\":[{\"@type\":\"ReadAction\",\"target\":[\"https:\/\/www.mobilimariani.com\/fr\/easyline-table-basse-rehaussable-lugano\/\"]}]},{\"@type\":\"BreadcrumbList\",\"@id\":\"https:\/\/www.mobilimariani.com\/fr\/easyline-table-basse-rehaussable-lugano\/#breadcrumb\",\"itemListElement\":[{\"@type\":\"ListItem\",\"position\":1,\"item\":{\"@type\":\"WebPage\",\"@id\":\"https:\/\/www.mobilimariani.com\/\",\"url\":\"https:\/\/www.mobilimariani.com\/\",\"name\":\"Home\"}},{\"@type\":\"ListItem\",\"position\":2,\"item\":{\"@id\":\"https:\/\/www.mobilimariani.com\/fr\/easyline-table-basse-rehaussable-lugano\/#webpage\"}}]},{\"@type\":\"Article\",\"@id\":\"https:\/\/www.mobilimariani.com\/fr\/easyline-table-basse-rehaussable-lugano\/#article\",\"isPartOf\":{\"@id\":\"https:\/\/www.mobilimariani.com\/fr\/easyline-table-basse-rehaussable-lugano\/#webpage\"},\"author\":{\"@id\":\"https:\/\/www.mobilimariani.com\/#\/schema\/person\/4685d9f51269134e53f988c9122315f4\"},\"headline\":\"EASYLINE TABLE BASSE REHAUSSABLE LUGANO\",\"datePublished\":\"2020-04-07T14:05:31+00:00\",\"dateModified\":\"2021-02-05T17:57:49+00:00\",\"mainEntityOfPage\":{\"@id\":\"https:\/\/www.mobilimariani.com\/fr\/easyline-table-basse-rehaussable-lugano\/#webpage\"},\"publisher\":{\"@id\":\"https:\/\/www.mobilimariani.com\/#organization\"},\"articleSection\":[\"Autre\",\"Catalogue\",\"Salle jour\"],\"inLanguage\":\"fr-CH\"},{\"@type\":\"Person\",\"@id\":\"https:\/\/www.mobilimariani.com\/#\/schema\/person\/4685d9f51269134e53f988c9122315f4\",\"name\":\"14m4rC008\",\"image\":{\"@type\":\"ImageObject\",\"@id\":\"https:\/\/www.mobilimariani.com\/#personlogo\",\"inLanguage\":\"fr-CH\",\"url\":\"https:\/\/secure.gravatar.com\/avatar\/dfaa6e536fec7030712cf850e9ddef45?s=96&d=mm&r=g\",\"contentUrl\":\"https:\/\/secure.gravatar.com\/avatar\/dfaa6e536fec7030712cf850e9ddef45?s=96&d=mm&r=g\",\"caption\":\"14m4rC008\"}}]}<\/script>\n<!-- \/ Yoast SEO plugin. -->","_links":{"self":[{"href":"https:\/\/www.mobilimariani.com\/fr\/wp-json\/wp\/v2\/posts\/21053"}],"collection":[{"href":"https:\/\/www.mobilimariani.com\/fr\/wp-json\/wp\/v2\/posts"}],"about":[{"href":"https:\/\/www.mobilimariani.com\/fr\/wp-json\/wp\/v2\/types\/post"}],"author":[{"embeddable":true,"href":"https:\/\/www.mobilimariani.com\/fr\/wp-json\/wp\/v2\/users\/1"}],"replies":[{"embeddable":true,"href":"https:\/\/www.mobilimariani.com\/fr\/wp-json\/wp\/v2\/comments?post=21053"}],"version-history":[{"count":6,"href":"https:\/\/www.mobilimariani.com\/fr\/wp-json\/wp\/v2\/posts\/21053\/revisions"}],"predecessor-version":[{"id":26411,"href":"https:\/\/www.mobilimariani.com\/fr\/wp-json\/wp\/v2\/posts\/21053\/revisions\/26411"}],"wp:attachment":[{"href":"https:\/\/www.mobilimariani.com\/fr\/wp-json\/wp\/v2\/media?parent=21053"}],"wp:term":[{"taxonomy":"category","embeddable":true,"href":"https:\/\/www.mobilimariani.com\/fr\/wp-json\/wp\/v2\/categories?post=21053"},{"taxonomy":"post_tag","embeddable":true,"href":"https:\/\/www.mobilimariani.com\/fr\/wp-json\/wp\/v2\/tags?post=21053"}],"curies":[{"name":"wp","href":"https:\/\/api.w.org\/{rel}","templated":true}]}}