{"id":19832,"date":"2017-10-14T16:13:32","date_gmt":"2017-10-14T14:13:32","guid":{"rendered":"https:\/\/www.mobilimariani.com\/?p=19832"},"modified":"2017-10-14T16:13:32","modified_gmt":"2017-10-14T14:13:32","slug":"corian-dupont-les-couleurs","status":"publish","type":"post","link":"https:\/\/www.mobilimariani.com\/fr\/corian-dupont-les-couleurs\/","title":{"rendered":"CORIAN DUPONT LES COULEURS"},"content":{"rendered":"<p>CORIAN DUPONT LES COULEURS<\/p>\n<p>Imaginez avoir toute une gamme de couleurs \u00e0 utiliser. Les couleurs Corian\u00ae sont pr\u00e9sent\u00e9es selon un syst\u00e8me rationnel, bas\u00e9 sur l&#8217;intensit\u00e9 et le ton, et sont subdivis\u00e9es en palettes secondaires pour trouver rapidement la texture et la couleur appropri\u00e9es. Vous pouvez choisir entre les blancs, les couleurs neutres, les couleurs pastel, les tons terreux, les couleurs fonc\u00e9es et noires et les nuances brillantes. Certaines couleurs sont \u00e9galement propos\u00e9es avec des caract\u00e9ristiques esth\u00e9tiques int\u00e9ressantes telles que le grain, la translucidit\u00e9 et des particules m\u00e9talliques ou des grains de diff\u00e9rentes mesures. Les couleurs peuvent m\u00eame \u00eatre combin\u00e9es dans une forme unique, harmonieuse et visible.<\/p>\n<p>Pour d\u00e9couvrir la marque CORIAN\u00ae DUPONT\u00a0<a href=\"https:\/\/www.mobilimariani.com\/rivenditore-corian-dupont\/?lang=fr\">clique ici<\/a><\/p>\n<p><a href=\"https:\/\/www.mobilimariani.com\/fr\/contacts\/\">Clique ici<\/a>\u00a0et demande notre meilleur prix,<\/p>\n<p>En signalant le lieu de livraison et si le montage est n\u00e9c\u00e9ssaire.<\/p>\n<p>Nous livrons dans toute l\u2019Europe<\/p>\n","protected":false},"excerpt":{"rendered":"CORIAN DUPONT LES COULEURS Imaginez avoir toute une gamme de couleurs \u00e0 utiliser. Les couleurs Corian\u00ae sont pr\u00e9sent\u00e9es selon un syst\u00e8me rationnel, bas\u00e9 sur l&#8217;intensit\u00e9 et le ton, et sont subdivis\u00e9es en palettes secondaires pour trouver rapidement la texture et la couleur appropri\u00e9es. Vous pouvez choisir entre les blancs, les couleurs neutres, les couleurs pastel,&#8230; <a class=\"view-article\" href=\"https:\/\/www.mobilimariani.com\/fr\/corian-dupont-les-couleurs\/\">Voir l&#8217;article<\/a>","protected":false},"author":1,"featured_media":0,"comment_status":"closed","ping_status":"closed","sticky":false,"template":"","format":"standard","meta":[],"categories":[17,1,16],"tags":[],"yoast_head":"<!-- This site is optimized with the Yoast SEO plugin v16.2 - https:\/\/yoast.com\/wordpress\/plugins\/seo\/ -->\n<meta name=\"description\" content=\"CORIAN DUPONT LES COULEURS Imaginez avoir toute une gamme de couleurs \u00e0 utiliser. Les couleurs Corian\u00ae sont pr\u00e9sent\u00e9es selon un syst\u00e8me rationnel, bas\u00e9\" \/>\n<meta name=\"robots\" content=\"index, follow, max-snippet:-1, max-image-preview:large, max-video-preview:-1\" \/>\n<link rel=\"canonical\" href=\"https:\/\/www.mobilimariani.com\/fr\/corian-dupont-les-couleurs\/\" \/>\n<meta property=\"og:locale\" content=\"fr_FR\" \/>\n<meta property=\"og:type\" content=\"article\" \/>\n<meta property=\"og:title\" content=\"CORIAN DUPONT LES COULEURS | Mobili Mariani\" \/>\n<meta property=\"og:description\" content=\"CORIAN DUPONT LES COULEURS Imaginez avoir toute une gamme de couleurs \u00e0 utiliser. Les couleurs Corian\u00ae sont pr\u00e9sent\u00e9es selon un syst\u00e8me rationnel, bas\u00e9\" \/>\n<meta property=\"og:url\" content=\"https:\/\/www.mobilimariani.com\/fr\/corian-dupont-les-couleurs\/\" \/>\n<meta property=\"og:site_name\" content=\"Mobili Mariani\" \/>\n<meta property=\"article:published_time\" content=\"2017-10-14T14:13:32+00:00\" \/>\n<meta name=\"twitter:label1\" content=\"Est. reading time\">\n\t<meta name=\"twitter:data1\" content=\"1 minute\">\n<script type=\"application\/ld+json\" class=\"yoast-schema-graph\">{\"@context\":\"https:\/\/schema.org\",\"@graph\":[{\"@type\":\"Organization\",\"@id\":\"https:\/\/www.mobilimariani.com\/#organization\",\"name\":\"Mobili Mariani\",\"url\":\"https:\/\/www.mobilimariani.com\/\",\"sameAs\":[],\"logo\":{\"@type\":\"ImageObject\",\"@id\":\"https:\/\/www.mobilimariani.com\/#logo\",\"inLanguage\":\"fr-CH\",\"url\":\"https:\/\/www.mobilimariani.com\/wp-content\/uploads\/2015\/12\/logo.png\",\"contentUrl\":\"https:\/\/www.mobilimariani.com\/wp-content\/uploads\/2015\/12\/logo.png\",\"width\":160,\"height\":110,\"caption\":\"Mobili Mariani\"},\"image\":{\"@id\":\"https:\/\/www.mobilimariani.com\/#logo\"}},{\"@type\":\"WebSite\",\"@id\":\"https:\/\/www.mobilimariani.com\/#website\",\"url\":\"https:\/\/www.mobilimariani.com\/\",\"name\":\"Mobili Mariani\",\"description\":\"Mobili Italia Svizzera\",\"publisher\":{\"@id\":\"https:\/\/www.mobilimariani.com\/#organization\"},\"potentialAction\":[{\"@type\":\"SearchAction\",\"target\":\"https:\/\/www.mobilimariani.com\/?s={search_term_string}\",\"query-input\":\"required name=search_term_string\"}],\"inLanguage\":\"fr-CH\"},{\"@type\":\"WebPage\",\"@id\":\"https:\/\/www.mobilimariani.com\/fr\/corian-dupont-les-couleurs\/#webpage\",\"url\":\"https:\/\/www.mobilimariani.com\/fr\/corian-dupont-les-couleurs\/\",\"name\":\"CORIAN DUPONT LES COULEURS | Mobili Mariani\",\"isPartOf\":{\"@id\":\"https:\/\/www.mobilimariani.com\/#website\"},\"datePublished\":\"2017-10-14T14:13:32+00:00\",\"dateModified\":\"2017-10-14T14:13:32+00:00\",\"description\":\"CORIAN DUPONT LES COULEURS Imaginez avoir toute une gamme de couleurs \\u00e0 utiliser. Les couleurs Corian\\u00ae sont pr\\u00e9sent\\u00e9es selon un syst\\u00e8me rationnel, bas\\u00e9\",\"breadcrumb\":{\"@id\":\"https:\/\/www.mobilimariani.com\/fr\/corian-dupont-les-couleurs\/#breadcrumb\"},\"inLanguage\":\"fr-CH\",\"potentialAction\":[{\"@type\":\"ReadAction\",\"target\":[\"https:\/\/www.mobilimariani.com\/fr\/corian-dupont-les-couleurs\/\"]}]},{\"@type\":\"BreadcrumbList\",\"@id\":\"https:\/\/www.mobilimariani.com\/fr\/corian-dupont-les-couleurs\/#breadcrumb\",\"itemListElement\":[{\"@type\":\"ListItem\",\"position\":1,\"item\":{\"@type\":\"WebPage\",\"@id\":\"https:\/\/www.mobilimariani.com\/\",\"url\":\"https:\/\/www.mobilimariani.com\/\",\"name\":\"Home\"}},{\"@type\":\"ListItem\",\"position\":2,\"item\":{\"@id\":\"https:\/\/www.mobilimariani.com\/fr\/corian-dupont-les-couleurs\/#webpage\"}}]},{\"@type\":\"Article\",\"@id\":\"https:\/\/www.mobilimariani.com\/fr\/corian-dupont-les-couleurs\/#article\",\"isPartOf\":{\"@id\":\"https:\/\/www.mobilimariani.com\/fr\/corian-dupont-les-couleurs\/#webpage\"},\"author\":{\"@id\":\"https:\/\/www.mobilimariani.com\/#\/schema\/person\/4685d9f51269134e53f988c9122315f4\"},\"headline\":\"CORIAN DUPONT LES COULEURS\",\"datePublished\":\"2017-10-14T14:13:32+00:00\",\"dateModified\":\"2017-10-14T14:13:32+00:00\",\"mainEntityOfPage\":{\"@id\":\"https:\/\/www.mobilimariani.com\/fr\/corian-dupont-les-couleurs\/#webpage\"},\"publisher\":{\"@id\":\"https:\/\/www.mobilimariani.com\/#organization\"},\"articleSection\":[\"Bain\",\"Catalogue\",\"Cuisines\"],\"inLanguage\":\"fr-CH\"},{\"@type\":\"Person\",\"@id\":\"https:\/\/www.mobilimariani.com\/#\/schema\/person\/4685d9f51269134e53f988c9122315f4\",\"name\":\"14m4rC008\",\"image\":{\"@type\":\"ImageObject\",\"@id\":\"https:\/\/www.mobilimariani.com\/#personlogo\",\"inLanguage\":\"fr-CH\",\"url\":\"https:\/\/secure.gravatar.com\/avatar\/dfaa6e536fec7030712cf850e9ddef45?s=96&d=mm&r=g\",\"contentUrl\":\"https:\/\/secure.gravatar.com\/avatar\/dfaa6e536fec7030712cf850e9ddef45?s=96&d=mm&r=g\",\"caption\":\"14m4rC008\"}}]}<\/script>\n<!-- \/ Yoast SEO plugin. -->","_links":{"self":[{"href":"https:\/\/www.mobilimariani.com\/fr\/wp-json\/wp\/v2\/posts\/19832"}],"collection":[{"href":"https:\/\/www.mobilimariani.com\/fr\/wp-json\/wp\/v2\/posts"}],"about":[{"href":"https:\/\/www.mobilimariani.com\/fr\/wp-json\/wp\/v2\/types\/post"}],"author":[{"embeddable":true,"href":"https:\/\/www.mobilimariani.com\/fr\/wp-json\/wp\/v2\/users\/1"}],"replies":[{"embeddable":true,"href":"https:\/\/www.mobilimariani.com\/fr\/wp-json\/wp\/v2\/comments?post=19832"}],"version-history":[{"count":1,"href":"https:\/\/www.mobilimariani.com\/fr\/wp-json\/wp\/v2\/posts\/19832\/revisions"}],"predecessor-version":[{"id":19833,"href":"https:\/\/www.mobilimariani.com\/fr\/wp-json\/wp\/v2\/posts\/19832\/revisions\/19833"}],"wp:attachment":[{"href":"https:\/\/www.mobilimariani.com\/fr\/wp-json\/wp\/v2\/media?parent=19832"}],"wp:term":[{"taxonomy":"category","embeddable":true,"href":"https:\/\/www.mobilimariani.com\/fr\/wp-json\/wp\/v2\/categories?post=19832"},{"taxonomy":"post_tag","embeddable":true,"href":"https:\/\/www.mobilimariani.com\/fr\/wp-json\/wp\/v2\/tags?post=19832"}],"curies":[{"name":"wp","href":"https:\/\/api.w.org\/{rel}","templated":true}]}}