{"id":19823,"date":"2017-10-08T17:36:27","date_gmt":"2017-10-08T15:36:27","guid":{"rendered":"https:\/\/www.mobilimariani.com\/?p=19823"},"modified":"2017-11-12T18:54:07","modified_gmt":"2017-11-12T17:54:07","slug":"zanotta-table-elica","status":"publish","type":"post","link":"https:\/\/www.mobilimariani.com\/fr\/zanotta-table-elica\/","title":{"rendered":"ZANOTTA TABLE ELICA"},"content":{"rendered":"<p>ZANOTTA TABLE ELICA design de\u00a0Prospero Rasulo<\/p>\n<p>Table \u00e0 base de Cristalplant\u00ae, mat\u00e9riau composite \u00e0 base de r\u00e9sines acryliques et de polyester charg\u00e9es de min\u00e9raux pigment\u00e9s en couleur blanche matte.Dessus en cristal tremp\u00e9, 8 mm d&#8217;\u00e9paisseur, tr\u00e8s clair acid\u00e9 peint blanc ou en marbre blanc Carrara.<\/p>\n<p>La table Elica est \u00e9galement disponible avec la base Cristalplant\u00ae en couleur mat blanc ou laqu\u00e9 noir. Dessous en cristal, 12 mm d&#8217;\u00e9paisseur. transparent ou fum\u00e9 gris en combinaison seulement avec base noire.<\/p>\n<p>Pour d\u00e9couvrir rev\u00eatement et les finitions\u00a0<a href=\"https:\/\/www.mobilimariani.com\/zanotta-rivestimenti-finiture\/?lang=fr\">cliquez ici<\/a><\/p>\n<p>Pour d\u00e9couvrir la marque Zanotta\u00a0<a href=\"https:\/\/www.mobilimariani.com\/fr\/concessionnaire-zanotta\/\">cliquez ici<\/a><\/p>\n<p>Vous voulez conna\u00eetre notre meilleur prix pour cet article?\u00a0<a href=\"https:\/\/www.mobilimariani.com\/fr\/contacts\/\">Cliquez ici<\/a>\u00a0et envoyez-nous la demande<\/p>\n<p>Signale le lieu de livraison et si le montage est n\u00e9c\u00e9ssaire.<\/p>\n<p>Nous livrons dans toute l\u2019Europe<\/p>\n<p>&nbsp;<\/p>\n","protected":false},"excerpt":{"rendered":"ZANOTTA TABLE ELICA design de\u00a0Prospero Rasulo Table \u00e0 base de Cristalplant\u00ae, mat\u00e9riau composite \u00e0 base de r\u00e9sines acryliques et de polyester charg\u00e9es de min\u00e9raux pigment\u00e9s en couleur blanche matte.Dessus en cristal tremp\u00e9, 8 mm d&#8217;\u00e9paisseur, tr\u00e8s clair acid\u00e9 peint blanc ou en marbre blanc Carrara. La table Elica est \u00e9galement disponible avec la base Cristalplant\u00ae&#8230; <a class=\"view-article\" href=\"https:\/\/www.mobilimariani.com\/fr\/zanotta-table-elica\/\">Voir l&#8217;article<\/a>","protected":false},"author":1,"featured_media":0,"comment_status":"closed","ping_status":"closed","sticky":false,"template":"","format":"standard","meta":[],"categories":[1,6],"tags":[],"yoast_head":"<!-- This site is optimized with the Yoast SEO plugin v16.2 - https:\/\/yoast.com\/wordpress\/plugins\/seo\/ -->\n<meta name=\"description\" content=\"ZANOTTA TABLE ELICA design de\u00a0Prospero Rasulo Table \u00e0 base de Cristalplant\u00ae, mat\u00e9riau composite \u00e0 base de r\u00e9sines acryliques et de polyester charg\u00e9es de\" \/>\n<meta name=\"robots\" content=\"index, follow, max-snippet:-1, max-image-preview:large, max-video-preview:-1\" \/>\n<link rel=\"canonical\" href=\"https:\/\/www.mobilimariani.com\/fr\/zanotta-table-elica\/\" \/>\n<meta property=\"og:locale\" content=\"fr_FR\" \/>\n<meta property=\"og:type\" content=\"article\" \/>\n<meta property=\"og:title\" content=\"ZANOTTA TABLE ELICA | Mobili Mariani\" \/>\n<meta property=\"og:description\" content=\"ZANOTTA TABLE ELICA design de\u00a0Prospero Rasulo Table \u00e0 base de Cristalplant\u00ae, mat\u00e9riau composite \u00e0 base de r\u00e9sines acryliques et de polyester charg\u00e9es de\" \/>\n<meta property=\"og:url\" content=\"https:\/\/www.mobilimariani.com\/fr\/zanotta-table-elica\/\" \/>\n<meta property=\"og:site_name\" content=\"Mobili Mariani\" \/>\n<meta property=\"article:published_time\" content=\"2017-10-08T15:36:27+00:00\" \/>\n<meta property=\"article:modified_time\" content=\"2017-11-12T17:54:07+00:00\" \/>\n<meta name=\"twitter:label1\" content=\"Est. reading time\">\n\t<meta name=\"twitter:data1\" content=\"1 minute\">\n<script type=\"application\/ld+json\" class=\"yoast-schema-graph\">{\"@context\":\"https:\/\/schema.org\",\"@graph\":[{\"@type\":\"Organization\",\"@id\":\"https:\/\/www.mobilimariani.com\/#organization\",\"name\":\"Mobili Mariani\",\"url\":\"https:\/\/www.mobilimariani.com\/\",\"sameAs\":[],\"logo\":{\"@type\":\"ImageObject\",\"@id\":\"https:\/\/www.mobilimariani.com\/#logo\",\"inLanguage\":\"fr-CH\",\"url\":\"https:\/\/www.mobilimariani.com\/wp-content\/uploads\/2015\/12\/logo.png\",\"contentUrl\":\"https:\/\/www.mobilimariani.com\/wp-content\/uploads\/2015\/12\/logo.png\",\"width\":160,\"height\":110,\"caption\":\"Mobili Mariani\"},\"image\":{\"@id\":\"https:\/\/www.mobilimariani.com\/#logo\"}},{\"@type\":\"WebSite\",\"@id\":\"https:\/\/www.mobilimariani.com\/#website\",\"url\":\"https:\/\/www.mobilimariani.com\/\",\"name\":\"Mobili Mariani\",\"description\":\"Mobili Italia Svizzera\",\"publisher\":{\"@id\":\"https:\/\/www.mobilimariani.com\/#organization\"},\"potentialAction\":[{\"@type\":\"SearchAction\",\"target\":\"https:\/\/www.mobilimariani.com\/?s={search_term_string}\",\"query-input\":\"required name=search_term_string\"}],\"inLanguage\":\"fr-CH\"},{\"@type\":\"WebPage\",\"@id\":\"https:\/\/www.mobilimariani.com\/fr\/zanotta-table-elica\/#webpage\",\"url\":\"https:\/\/www.mobilimariani.com\/fr\/zanotta-table-elica\/\",\"name\":\"ZANOTTA TABLE ELICA | Mobili Mariani\",\"isPartOf\":{\"@id\":\"https:\/\/www.mobilimariani.com\/#website\"},\"datePublished\":\"2017-10-08T15:36:27+00:00\",\"dateModified\":\"2017-11-12T17:54:07+00:00\",\"description\":\"ZANOTTA TABLE ELICA design de\\u00a0Prospero Rasulo Table \\u00e0 base de Cristalplant\\u00ae, mat\\u00e9riau composite \\u00e0 base de r\\u00e9sines acryliques et de polyester charg\\u00e9es de\",\"breadcrumb\":{\"@id\":\"https:\/\/www.mobilimariani.com\/fr\/zanotta-table-elica\/#breadcrumb\"},\"inLanguage\":\"fr-CH\",\"potentialAction\":[{\"@type\":\"ReadAction\",\"target\":[\"https:\/\/www.mobilimariani.com\/fr\/zanotta-table-elica\/\"]}]},{\"@type\":\"BreadcrumbList\",\"@id\":\"https:\/\/www.mobilimariani.com\/fr\/zanotta-table-elica\/#breadcrumb\",\"itemListElement\":[{\"@type\":\"ListItem\",\"position\":1,\"item\":{\"@type\":\"WebPage\",\"@id\":\"https:\/\/www.mobilimariani.com\/\",\"url\":\"https:\/\/www.mobilimariani.com\/\",\"name\":\"Home\"}},{\"@type\":\"ListItem\",\"position\":2,\"item\":{\"@id\":\"https:\/\/www.mobilimariani.com\/fr\/zanotta-table-elica\/#webpage\"}}]},{\"@type\":\"Article\",\"@id\":\"https:\/\/www.mobilimariani.com\/fr\/zanotta-table-elica\/#article\",\"isPartOf\":{\"@id\":\"https:\/\/www.mobilimariani.com\/fr\/zanotta-table-elica\/#webpage\"},\"author\":{\"@id\":\"https:\/\/www.mobilimariani.com\/#\/schema\/person\/4685d9f51269134e53f988c9122315f4\"},\"headline\":\"ZANOTTA TABLE ELICA\",\"datePublished\":\"2017-10-08T15:36:27+00:00\",\"dateModified\":\"2017-11-12T17:54:07+00:00\",\"mainEntityOfPage\":{\"@id\":\"https:\/\/www.mobilimariani.com\/fr\/zanotta-table-elica\/#webpage\"},\"publisher\":{\"@id\":\"https:\/\/www.mobilimariani.com\/#organization\"},\"articleSection\":[\"Catalogue\",\"Salle jour\"],\"inLanguage\":\"fr-CH\"},{\"@type\":\"Person\",\"@id\":\"https:\/\/www.mobilimariani.com\/#\/schema\/person\/4685d9f51269134e53f988c9122315f4\",\"name\":\"14m4rC008\",\"image\":{\"@type\":\"ImageObject\",\"@id\":\"https:\/\/www.mobilimariani.com\/#personlogo\",\"inLanguage\":\"fr-CH\",\"url\":\"https:\/\/secure.gravatar.com\/avatar\/dfaa6e536fec7030712cf850e9ddef45?s=96&d=mm&r=g\",\"contentUrl\":\"https:\/\/secure.gravatar.com\/avatar\/dfaa6e536fec7030712cf850e9ddef45?s=96&d=mm&r=g\",\"caption\":\"14m4rC008\"}}]}<\/script>\n<!-- \/ Yoast SEO plugin. -->","_links":{"self":[{"href":"https:\/\/www.mobilimariani.com\/fr\/wp-json\/wp\/v2\/posts\/19823"}],"collection":[{"href":"https:\/\/www.mobilimariani.com\/fr\/wp-json\/wp\/v2\/posts"}],"about":[{"href":"https:\/\/www.mobilimariani.com\/fr\/wp-json\/wp\/v2\/types\/post"}],"author":[{"embeddable":true,"href":"https:\/\/www.mobilimariani.com\/fr\/wp-json\/wp\/v2\/users\/1"}],"replies":[{"embeddable":true,"href":"https:\/\/www.mobilimariani.com\/fr\/wp-json\/wp\/v2\/comments?post=19823"}],"version-history":[{"count":1,"href":"https:\/\/www.mobilimariani.com\/fr\/wp-json\/wp\/v2\/posts\/19823\/revisions"}],"predecessor-version":[{"id":19826,"href":"https:\/\/www.mobilimariani.com\/fr\/wp-json\/wp\/v2\/posts\/19823\/revisions\/19826"}],"wp:attachment":[{"href":"https:\/\/www.mobilimariani.com\/fr\/wp-json\/wp\/v2\/media?parent=19823"}],"wp:term":[{"taxonomy":"category","embeddable":true,"href":"https:\/\/www.mobilimariani.com\/fr\/wp-json\/wp\/v2\/categories?post=19823"},{"taxonomy":"post_tag","embeddable":true,"href":"https:\/\/www.mobilimariani.com\/fr\/wp-json\/wp\/v2\/tags?post=19823"}],"curies":[{"name":"wp","href":"https:\/\/api.w.org\/{rel}","templated":true}]}}