{"id":19821,"date":"2000-01-01T17:28:10","date_gmt":"2000-01-01T16:28:10","guid":{"rendered":"https:\/\/www.mobilimariani.com\/?p=19821"},"modified":"2021-05-15T16:08:10","modified_gmt":"2021-05-15T14:08:10","slug":"zanotta-chaise-lia","status":"publish","type":"post","link":"https:\/\/www.mobilimariani.com\/fr\/zanotta-chaise-lia\/","title":{"rendered":"ZANOTTA CHAISE LIA"},"content":{"rendered":"<p>ZANOTTA CHAISE LIA dessin de Roberto Barbieri<\/p>\n<p>ADI Design Index 1998 &#8211; 1999. Collection Vitra Design Museum, Weil am Rhein.<\/p>\n<p>Chaise avec structure en alliage d&#8217;aluminium poli ou vernis, graphite ou blanc. Si\u00e8ge et dossier rembourr\u00e9s en polyur\u00e9thane. Doublure int\u00e9rieure en tissu de nylon. Doublure externe en tissu amovible ou en cuir ou en cuir non amovible. \u00c9galement disponible dans la version avec accoudoirs.<\/p>\n<p>&nbsp;<\/p>\n","protected":false},"excerpt":{"rendered":"ZANOTTA CHAISE LIA dessin de Roberto Barbieri ADI Design Index 1998 &#8211; 1999. Collection Vitra Design Museum, Weil am Rhein. Chaise avec structure en alliage d&#8217;aluminium poli ou vernis, graphite ou blanc. Si\u00e8ge et dossier rembourr\u00e9s en polyur\u00e9thane. Doublure int\u00e9rieure en tissu de nylon. Doublure externe en tissu amovible ou en cuir ou en cuir&#8230; <a class=\"view-article\" href=\"https:\/\/www.mobilimariani.com\/fr\/zanotta-chaise-lia\/\">Voir l&#8217;article<\/a>","protected":false},"author":1,"featured_media":0,"comment_status":"closed","ping_status":"closed","sticky":false,"template":"","format":"standard","meta":[],"categories":[1,37,6],"tags":[],"yoast_head":"<!-- This site is optimized with the Yoast SEO plugin v16.2 - https:\/\/yoast.com\/wordpress\/plugins\/seo\/ -->\n<meta name=\"description\" content=\"ZANOTTA CHAISE LIA dessin de Roberto Barbieri ADI Design Index 1998 - 1999. Collection Vitra Design Museum, Weil am Rhein. Chaise avec structure en\" \/>\n<meta name=\"robots\" content=\"index, follow, max-snippet:-1, max-image-preview:large, max-video-preview:-1\" \/>\n<link rel=\"canonical\" href=\"https:\/\/www.mobilimariani.com\/fr\/zanotta-chaise-lia\/\" \/>\n<meta property=\"og:locale\" content=\"fr_FR\" \/>\n<meta property=\"og:type\" content=\"article\" \/>\n<meta property=\"og:title\" content=\"ZANOTTA CHAISE LIA | Mobili Mariani\" \/>\n<meta property=\"og:description\" content=\"ZANOTTA CHAISE LIA dessin de Roberto Barbieri ADI Design Index 1998 - 1999. Collection Vitra Design Museum, Weil am Rhein. Chaise avec structure en\" \/>\n<meta property=\"og:url\" content=\"https:\/\/www.mobilimariani.com\/fr\/zanotta-chaise-lia\/\" \/>\n<meta property=\"og:site_name\" content=\"Mobili Mariani\" \/>\n<meta property=\"article:published_time\" content=\"2000-01-01T16:28:10+00:00\" \/>\n<meta property=\"article:modified_time\" content=\"2021-05-15T14:08:10+00:00\" \/>\n<meta name=\"twitter:label1\" content=\"Est. reading time\">\n\t<meta name=\"twitter:data1\" content=\"1 minute\">\n<script type=\"application\/ld+json\" class=\"yoast-schema-graph\">{\"@context\":\"https:\/\/schema.org\",\"@graph\":[{\"@type\":\"Organization\",\"@id\":\"https:\/\/www.mobilimariani.com\/#organization\",\"name\":\"Mobili Mariani\",\"url\":\"https:\/\/www.mobilimariani.com\/\",\"sameAs\":[],\"logo\":{\"@type\":\"ImageObject\",\"@id\":\"https:\/\/www.mobilimariani.com\/#logo\",\"inLanguage\":\"fr-CH\",\"url\":\"https:\/\/www.mobilimariani.com\/wp-content\/uploads\/2015\/12\/logo.png\",\"contentUrl\":\"https:\/\/www.mobilimariani.com\/wp-content\/uploads\/2015\/12\/logo.png\",\"width\":160,\"height\":110,\"caption\":\"Mobili Mariani\"},\"image\":{\"@id\":\"https:\/\/www.mobilimariani.com\/#logo\"}},{\"@type\":\"WebSite\",\"@id\":\"https:\/\/www.mobilimariani.com\/#website\",\"url\":\"https:\/\/www.mobilimariani.com\/\",\"name\":\"Mobili Mariani\",\"description\":\"Mobili Italia Svizzera\",\"publisher\":{\"@id\":\"https:\/\/www.mobilimariani.com\/#organization\"},\"potentialAction\":[{\"@type\":\"SearchAction\",\"target\":\"https:\/\/www.mobilimariani.com\/?s={search_term_string}\",\"query-input\":\"required name=search_term_string\"}],\"inLanguage\":\"fr-CH\"},{\"@type\":\"WebPage\",\"@id\":\"https:\/\/www.mobilimariani.com\/fr\/zanotta-chaise-lia\/#webpage\",\"url\":\"https:\/\/www.mobilimariani.com\/fr\/zanotta-chaise-lia\/\",\"name\":\"ZANOTTA CHAISE LIA | Mobili Mariani\",\"isPartOf\":{\"@id\":\"https:\/\/www.mobilimariani.com\/#website\"},\"datePublished\":\"2000-01-01T16:28:10+00:00\",\"dateModified\":\"2021-05-15T14:08:10+00:00\",\"description\":\"ZANOTTA CHAISE LIA dessin de Roberto Barbieri ADI Design Index 1998 - 1999. Collection Vitra Design Museum, Weil am Rhein. Chaise avec structure en\",\"breadcrumb\":{\"@id\":\"https:\/\/www.mobilimariani.com\/fr\/zanotta-chaise-lia\/#breadcrumb\"},\"inLanguage\":\"fr-CH\",\"potentialAction\":[{\"@type\":\"ReadAction\",\"target\":[\"https:\/\/www.mobilimariani.com\/fr\/zanotta-chaise-lia\/\"]}]},{\"@type\":\"BreadcrumbList\",\"@id\":\"https:\/\/www.mobilimariani.com\/fr\/zanotta-chaise-lia\/#breadcrumb\",\"itemListElement\":[{\"@type\":\"ListItem\",\"position\":1,\"item\":{\"@type\":\"WebPage\",\"@id\":\"https:\/\/www.mobilimariani.com\/\",\"url\":\"https:\/\/www.mobilimariani.com\/\",\"name\":\"Home\"}},{\"@type\":\"ListItem\",\"position\":2,\"item\":{\"@id\":\"https:\/\/www.mobilimariani.com\/fr\/zanotta-chaise-lia\/#webpage\"}}]},{\"@type\":\"Article\",\"@id\":\"https:\/\/www.mobilimariani.com\/fr\/zanotta-chaise-lia\/#article\",\"isPartOf\":{\"@id\":\"https:\/\/www.mobilimariani.com\/fr\/zanotta-chaise-lia\/#webpage\"},\"author\":{\"@id\":\"https:\/\/www.mobilimariani.com\/#\/schema\/person\/4685d9f51269134e53f988c9122315f4\"},\"headline\":\"ZANOTTA CHAISE LIA\",\"datePublished\":\"2000-01-01T16:28:10+00:00\",\"dateModified\":\"2021-05-15T14:08:10+00:00\",\"mainEntityOfPage\":{\"@id\":\"https:\/\/www.mobilimariani.com\/fr\/zanotta-chaise-lia\/#webpage\"},\"publisher\":{\"@id\":\"https:\/\/www.mobilimariani.com\/#organization\"},\"articleSection\":[\"Catalogue\",\"Contract\",\"Salle jour\"],\"inLanguage\":\"fr-CH\"},{\"@type\":\"Person\",\"@id\":\"https:\/\/www.mobilimariani.com\/#\/schema\/person\/4685d9f51269134e53f988c9122315f4\",\"name\":\"14m4rC008\",\"image\":{\"@type\":\"ImageObject\",\"@id\":\"https:\/\/www.mobilimariani.com\/#personlogo\",\"inLanguage\":\"fr-CH\",\"url\":\"https:\/\/secure.gravatar.com\/avatar\/dfaa6e536fec7030712cf850e9ddef45?s=96&d=mm&r=g\",\"contentUrl\":\"https:\/\/secure.gravatar.com\/avatar\/dfaa6e536fec7030712cf850e9ddef45?s=96&d=mm&r=g\",\"caption\":\"14m4rC008\"}}]}<\/script>\n<!-- \/ Yoast SEO plugin. -->","_links":{"self":[{"href":"https:\/\/www.mobilimariani.com\/fr\/wp-json\/wp\/v2\/posts\/19821"}],"collection":[{"href":"https:\/\/www.mobilimariani.com\/fr\/wp-json\/wp\/v2\/posts"}],"about":[{"href":"https:\/\/www.mobilimariani.com\/fr\/wp-json\/wp\/v2\/types\/post"}],"author":[{"embeddable":true,"href":"https:\/\/www.mobilimariani.com\/fr\/wp-json\/wp\/v2\/users\/1"}],"replies":[{"embeddable":true,"href":"https:\/\/www.mobilimariani.com\/fr\/wp-json\/wp\/v2\/comments?post=19821"}],"version-history":[{"count":2,"href":"https:\/\/www.mobilimariani.com\/fr\/wp-json\/wp\/v2\/posts\/19821\/revisions"}],"predecessor-version":[{"id":26948,"href":"https:\/\/www.mobilimariani.com\/fr\/wp-json\/wp\/v2\/posts\/19821\/revisions\/26948"}],"wp:attachment":[{"href":"https:\/\/www.mobilimariani.com\/fr\/wp-json\/wp\/v2\/media?parent=19821"}],"wp:term":[{"taxonomy":"category","embeddable":true,"href":"https:\/\/www.mobilimariani.com\/fr\/wp-json\/wp\/v2\/categories?post=19821"},{"taxonomy":"post_tag","embeddable":true,"href":"https:\/\/www.mobilimariani.com\/fr\/wp-json\/wp\/v2\/tags?post=19821"}],"curies":[{"name":"wp","href":"https:\/\/api.w.org\/{rel}","templated":true}]}}