{"id":19808,"date":"2017-10-08T16:30:12","date_gmt":"2017-10-08T14:30:12","guid":{"rendered":"https:\/\/www.mobilimariani.com\/?p=19808"},"modified":"2021-07-08T11:05:26","modified_gmt":"2021-07-08T09:05:26","slug":"saba-canape-avant-apres","status":"publish","type":"post","link":"https:\/\/www.mobilimariani.com\/fr\/saba-canape-avant-apres\/","title":{"rendered":"SABA CANAPE AVANT-APRES"},"content":{"rendered":"<p>SABA CANAPE AVANT-APRES<\/p>\n<p>Flottee, s&#8217;adapter, cr\u00e9er des vides, r\u00e9organiser les espaces, accueillir et renouveller. C&#8217;est ce que le nouveau syst\u00e8me des s\u00e9ances Avant-Apr\u00e8s peut faire. Rigoureux mais l\u00e9ger, le canap\u00e9 prend des configurations extr\u00eamement int\u00e9ressantes gr\u00e2ce au syst\u00e8me de accoudoir\/dossier unique et particulier qui se d\u00e9tache avec un simple geste et peut \u00eatre positionn\u00e9 tout au long du p\u00e9rim\u00e8tre de la base. Une danse au rythme d&#8217;un avant et apr\u00e8s qui peut \u00eatre organis\u00e9e chaque jour, anim\u00e9e par le d\u00e9sir d&#8217;exp\u00e9rimenter. Avant-Apr\u00e8s a une allure sobre et \u00e9l\u00e9gante, les si\u00e8ges reposent sur une base en m\u00e9tal recouverte de tissu ou de cuir, soulev\u00e9e du sol sur des pieds en m\u00e9tal chrom\u00e9s satin\u00e9 ou vernis. Les accessoires raffin\u00e9s compl\u00e8tent le syst\u00e8me: les petites tables en deux tailles diff\u00e9rentes sont en bois de noyer et, en option, la note chaude du bois peut \u00e9galement \u00eatre s\u00e9lectionn\u00e9e pour l&#8217;accoudoir. Enti\u00e8rement amovible.<\/p>\n<p><a href=\"https:\/\/www.mobilimariani.com\/fr\/saba-tissus-de-revetement\/\">Pour voir les tissus de rev\u00e8tement cliquez ici<\/a><\/p>\n<p>Pour d\u00e9couvrir la marque Saba<a title=\"SABA\" href=\"https:\/\/www.mobilimariani.com\/fr\/distributeur-saba\/\">\u00a0cliquez ici<\/a><\/p>\n<p>Vous voulez conna\u00eetre notre meilleur prix pour cet article?\u00a0<a href=\"https:\/\/www.mobilimariani.com\/fr\/contacts\/\">Cliquez ici<\/a>\u00a0et envoyez-nous la demande<\/p>\n<p>Signale le lieu de livraison et si le montage est n\u00e9c\u00e9ssaire.<\/p>\n<p>Nous livrons dans toute l\u2019Europe et o\u00f9 que vous soyez<\/p>\n","protected":false},"excerpt":{"rendered":"SABA CANAPE AVANT-APRES Flottee, s&#8217;adapter, cr\u00e9er des vides, r\u00e9organiser les espaces, accueillir et renouveller. C&#8217;est ce que le nouveau syst\u00e8me des s\u00e9ances Avant-Apr\u00e8s peut faire. Rigoureux mais l\u00e9ger, le canap\u00e9 prend des configurations extr\u00eamement int\u00e9ressantes gr\u00e2ce au syst\u00e8me de accoudoir\/dossier unique et particulier qui se d\u00e9tache avec un simple geste et peut \u00eatre positionn\u00e9 tout&#8230; <a class=\"view-article\" href=\"https:\/\/www.mobilimariani.com\/fr\/saba-canape-avant-apres\/\">Voir l&#8217;article<\/a>","protected":false},"author":1,"featured_media":0,"comment_status":"closed","ping_status":"closed","sticky":false,"template":"","format":"standard","meta":[],"categories":[1,7,6],"tags":[],"yoast_head":"<!-- This site is optimized with the Yoast SEO plugin v16.2 - https:\/\/yoast.com\/wordpress\/plugins\/seo\/ -->\n<meta name=\"description\" content=\"SABA CANAPE AVANT-APRES Flottee, s&#039;adapter, cr\u00e9er des vides, r\u00e9organiser les espaces, accueillir et renouveller. C&#039;est ce que le nouveau syst\u00e8me des\" \/>\n<meta name=\"robots\" content=\"index, follow, max-snippet:-1, max-image-preview:large, max-video-preview:-1\" \/>\n<link rel=\"canonical\" href=\"https:\/\/www.mobilimariani.com\/fr\/saba-canape-avant-apres\/\" \/>\n<meta property=\"og:locale\" content=\"fr_FR\" \/>\n<meta property=\"og:type\" content=\"article\" \/>\n<meta property=\"og:title\" content=\"SABA CANAPE AVANT-APRES | Mobili Mariani\" \/>\n<meta property=\"og:description\" content=\"SABA CANAPE AVANT-APRES Flottee, s&#039;adapter, cr\u00e9er des vides, r\u00e9organiser les espaces, accueillir et renouveller. C&#039;est ce que le nouveau syst\u00e8me des\" \/>\n<meta property=\"og:url\" content=\"https:\/\/www.mobilimariani.com\/fr\/saba-canape-avant-apres\/\" \/>\n<meta property=\"og:site_name\" content=\"Mobili Mariani\" \/>\n<meta property=\"article:published_time\" content=\"2017-10-08T14:30:12+00:00\" \/>\n<meta property=\"article:modified_time\" content=\"2021-07-08T09:05:26+00:00\" \/>\n<meta name=\"twitter:label1\" content=\"Est. reading time\">\n\t<meta name=\"twitter:data1\" content=\"1 minute\">\n<script type=\"application\/ld+json\" class=\"yoast-schema-graph\">{\"@context\":\"https:\/\/schema.org\",\"@graph\":[{\"@type\":\"Organization\",\"@id\":\"https:\/\/www.mobilimariani.com\/#organization\",\"name\":\"Mobili Mariani\",\"url\":\"https:\/\/www.mobilimariani.com\/\",\"sameAs\":[],\"logo\":{\"@type\":\"ImageObject\",\"@id\":\"https:\/\/www.mobilimariani.com\/#logo\",\"inLanguage\":\"fr-CH\",\"url\":\"https:\/\/www.mobilimariani.com\/wp-content\/uploads\/2015\/12\/logo.png\",\"contentUrl\":\"https:\/\/www.mobilimariani.com\/wp-content\/uploads\/2015\/12\/logo.png\",\"width\":160,\"height\":110,\"caption\":\"Mobili Mariani\"},\"image\":{\"@id\":\"https:\/\/www.mobilimariani.com\/#logo\"}},{\"@type\":\"WebSite\",\"@id\":\"https:\/\/www.mobilimariani.com\/#website\",\"url\":\"https:\/\/www.mobilimariani.com\/\",\"name\":\"Mobili Mariani\",\"description\":\"Mobili Italia Svizzera\",\"publisher\":{\"@id\":\"https:\/\/www.mobilimariani.com\/#organization\"},\"potentialAction\":[{\"@type\":\"SearchAction\",\"target\":\"https:\/\/www.mobilimariani.com\/?s={search_term_string}\",\"query-input\":\"required name=search_term_string\"}],\"inLanguage\":\"fr-CH\"},{\"@type\":\"WebPage\",\"@id\":\"https:\/\/www.mobilimariani.com\/fr\/saba-canape-avant-apres\/#webpage\",\"url\":\"https:\/\/www.mobilimariani.com\/fr\/saba-canape-avant-apres\/\",\"name\":\"SABA CANAPE AVANT-APRES | Mobili Mariani\",\"isPartOf\":{\"@id\":\"https:\/\/www.mobilimariani.com\/#website\"},\"datePublished\":\"2017-10-08T14:30:12+00:00\",\"dateModified\":\"2021-07-08T09:05:26+00:00\",\"description\":\"SABA CANAPE AVANT-APRES Flottee, s'adapter, cr\\u00e9er des vides, r\\u00e9organiser les espaces, accueillir et renouveller. C'est ce que le nouveau syst\\u00e8me des\",\"breadcrumb\":{\"@id\":\"https:\/\/www.mobilimariani.com\/fr\/saba-canape-avant-apres\/#breadcrumb\"},\"inLanguage\":\"fr-CH\",\"potentialAction\":[{\"@type\":\"ReadAction\",\"target\":[\"https:\/\/www.mobilimariani.com\/fr\/saba-canape-avant-apres\/\"]}]},{\"@type\":\"BreadcrumbList\",\"@id\":\"https:\/\/www.mobilimariani.com\/fr\/saba-canape-avant-apres\/#breadcrumb\",\"itemListElement\":[{\"@type\":\"ListItem\",\"position\":1,\"item\":{\"@type\":\"WebPage\",\"@id\":\"https:\/\/www.mobilimariani.com\/\",\"url\":\"https:\/\/www.mobilimariani.com\/\",\"name\":\"Home\"}},{\"@type\":\"ListItem\",\"position\":2,\"item\":{\"@id\":\"https:\/\/www.mobilimariani.com\/fr\/saba-canape-avant-apres\/#webpage\"}}]},{\"@type\":\"Article\",\"@id\":\"https:\/\/www.mobilimariani.com\/fr\/saba-canape-avant-apres\/#article\",\"isPartOf\":{\"@id\":\"https:\/\/www.mobilimariani.com\/fr\/saba-canape-avant-apres\/#webpage\"},\"author\":{\"@id\":\"https:\/\/www.mobilimariani.com\/#\/schema\/person\/4685d9f51269134e53f988c9122315f4\"},\"headline\":\"SABA CANAPE AVANT-APRES\",\"datePublished\":\"2017-10-08T14:30:12+00:00\",\"dateModified\":\"2021-07-08T09:05:26+00:00\",\"mainEntityOfPage\":{\"@id\":\"https:\/\/www.mobilimariani.com\/fr\/saba-canape-avant-apres\/#webpage\"},\"publisher\":{\"@id\":\"https:\/\/www.mobilimariani.com\/#organization\"},\"articleSection\":[\"Catalogue\",\"Sofa\",\"Salle jour\"],\"inLanguage\":\"fr-CH\"},{\"@type\":\"Person\",\"@id\":\"https:\/\/www.mobilimariani.com\/#\/schema\/person\/4685d9f51269134e53f988c9122315f4\",\"name\":\"14m4rC008\",\"image\":{\"@type\":\"ImageObject\",\"@id\":\"https:\/\/www.mobilimariani.com\/#personlogo\",\"inLanguage\":\"fr-CH\",\"url\":\"https:\/\/secure.gravatar.com\/avatar\/dfaa6e536fec7030712cf850e9ddef45?s=96&d=mm&r=g\",\"contentUrl\":\"https:\/\/secure.gravatar.com\/avatar\/dfaa6e536fec7030712cf850e9ddef45?s=96&d=mm&r=g\",\"caption\":\"14m4rC008\"}}]}<\/script>\n<!-- \/ Yoast SEO plugin. -->","_links":{"self":[{"href":"https:\/\/www.mobilimariani.com\/fr\/wp-json\/wp\/v2\/posts\/19808"}],"collection":[{"href":"https:\/\/www.mobilimariani.com\/fr\/wp-json\/wp\/v2\/posts"}],"about":[{"href":"https:\/\/www.mobilimariani.com\/fr\/wp-json\/wp\/v2\/types\/post"}],"author":[{"embeddable":true,"href":"https:\/\/www.mobilimariani.com\/fr\/wp-json\/wp\/v2\/users\/1"}],"replies":[{"embeddable":true,"href":"https:\/\/www.mobilimariani.com\/fr\/wp-json\/wp\/v2\/comments?post=19808"}],"version-history":[{"count":3,"href":"https:\/\/www.mobilimariani.com\/fr\/wp-json\/wp\/v2\/posts\/19808\/revisions"}],"predecessor-version":[{"id":27337,"href":"https:\/\/www.mobilimariani.com\/fr\/wp-json\/wp\/v2\/posts\/19808\/revisions\/27337"}],"wp:attachment":[{"href":"https:\/\/www.mobilimariani.com\/fr\/wp-json\/wp\/v2\/media?parent=19808"}],"wp:term":[{"taxonomy":"category","embeddable":true,"href":"https:\/\/www.mobilimariani.com\/fr\/wp-json\/wp\/v2\/categories?post=19808"},{"taxonomy":"post_tag","embeddable":true,"href":"https:\/\/www.mobilimariani.com\/fr\/wp-json\/wp\/v2\/tags?post=19808"}],"curies":[{"name":"wp","href":"https:\/\/api.w.org\/{rel}","templated":true}]}}