{"id":19791,"date":"2017-10-08T11:44:34","date_gmt":"2017-10-08T09:44:34","guid":{"rendered":"https:\/\/www.mobilimariani.com\/?p=19791"},"modified":"2021-05-15T18:27:06","modified_gmt":"2021-05-15T16:27:06","slug":"saba-tabouret-new-york","status":"publish","type":"post","link":"https:\/\/www.mobilimariani.com\/fr\/saba-tabouret-new-york\/","title":{"rendered":"SABA TABOURET NEW YORK"},"content":{"rendered":"<p>SABA TABOURET NEW YORK<\/p>\n<p>La collection\u00a0New York \u00e9tend sa proposition avec une ligne de tabourets, dont le design est le d\u00e9veloppement en hauteur de la m\u00eame chaise sans accoudoirs. Le r\u00e9sultat est un projet qui souligne encore plus la structure agile,\u00a0tout en maintenant le rembourrage confortable habituel embellie avec de petites couettes ton sur ton. Disponible en finition chrom\u00e9e ou vernie. Enti\u00e8rement amovible.<\/p>\n<p><a href=\"https:\/\/www.mobilimariani.com\/fr\/saba-tissus-de-revetement\/\">Pour voir les tissus de rev\u00e8tement cliquez ici<\/a><\/p>\n<p>Pour d\u00e9couvrir la marque Saba<a title=\"SABA\" href=\"https:\/\/www.mobilimariani.com\/fr\/distributeur-saba\/\">\u00a0cliquez ici<\/a><\/p>\n<p>Vous voulez conna\u00eetre notre meilleur prix pour cet article?\u00a0<a href=\"https:\/\/www.mobilimariani.com\/fr\/contacts\/\">Cliquez ici<\/a>\u00a0et envoyez-nous la demande<\/p>\n<p>Signale le lieu de livraison.<\/p>\n<p>Nous livrons dans toute l\u2019Europe et o\u00f9 que vous soyez<\/p>\n","protected":false},"excerpt":{"rendered":"SABA TABOURET NEW YORK La collection\u00a0New York \u00e9tend sa proposition avec une ligne de tabourets, dont le design est le d\u00e9veloppement en hauteur de la m\u00eame chaise sans accoudoirs. Le r\u00e9sultat est un projet qui souligne encore plus la structure agile,\u00a0tout en maintenant le rembourrage confortable habituel embellie avec de petites couettes ton sur ton&#8230;. <a class=\"view-article\" href=\"https:\/\/www.mobilimariani.com\/fr\/saba-tabouret-new-york\/\">Voir l&#8217;article<\/a>","protected":false},"author":1,"featured_media":0,"comment_status":"closed","ping_status":"closed","sticky":false,"template":"","format":"standard","meta":[],"categories":[18,1,37,16],"tags":[],"yoast_head":"<!-- This site is optimized with the Yoast SEO plugin v16.2 - https:\/\/yoast.com\/wordpress\/plugins\/seo\/ -->\n<meta name=\"description\" content=\"SABA TABOURET NEW YORK La collection\u00a0New York \u00e9tend sa proposition avec une ligne de tabourets, dont le design est le d\u00e9veloppement en hauteur de la m\u00eame\" \/>\n<meta name=\"robots\" content=\"index, follow, max-snippet:-1, max-image-preview:large, max-video-preview:-1\" \/>\n<link rel=\"canonical\" href=\"https:\/\/www.mobilimariani.com\/fr\/saba-tabouret-new-york\/\" \/>\n<meta property=\"og:locale\" content=\"fr_FR\" \/>\n<meta property=\"og:type\" content=\"article\" \/>\n<meta property=\"og:title\" content=\"SABA TABOURET NEW YORK | Mobili Mariani\" \/>\n<meta property=\"og:description\" content=\"SABA TABOURET NEW YORK La collection\u00a0New York \u00e9tend sa proposition avec une ligne de tabourets, dont le design est le d\u00e9veloppement en hauteur de la m\u00eame\" \/>\n<meta property=\"og:url\" content=\"https:\/\/www.mobilimariani.com\/fr\/saba-tabouret-new-york\/\" \/>\n<meta property=\"og:site_name\" content=\"Mobili Mariani\" \/>\n<meta property=\"article:published_time\" content=\"2017-10-08T09:44:34+00:00\" \/>\n<meta property=\"article:modified_time\" content=\"2021-05-15T16:27:06+00:00\" \/>\n<meta name=\"twitter:label1\" content=\"Est. reading time\">\n\t<meta name=\"twitter:data1\" content=\"1 minute\">\n<script type=\"application\/ld+json\" class=\"yoast-schema-graph\">{\"@context\":\"https:\/\/schema.org\",\"@graph\":[{\"@type\":\"Organization\",\"@id\":\"https:\/\/www.mobilimariani.com\/#organization\",\"name\":\"Mobili Mariani\",\"url\":\"https:\/\/www.mobilimariani.com\/\",\"sameAs\":[],\"logo\":{\"@type\":\"ImageObject\",\"@id\":\"https:\/\/www.mobilimariani.com\/#logo\",\"inLanguage\":\"fr-CH\",\"url\":\"https:\/\/www.mobilimariani.com\/wp-content\/uploads\/2015\/12\/logo.png\",\"contentUrl\":\"https:\/\/www.mobilimariani.com\/wp-content\/uploads\/2015\/12\/logo.png\",\"width\":160,\"height\":110,\"caption\":\"Mobili Mariani\"},\"image\":{\"@id\":\"https:\/\/www.mobilimariani.com\/#logo\"}},{\"@type\":\"WebSite\",\"@id\":\"https:\/\/www.mobilimariani.com\/#website\",\"url\":\"https:\/\/www.mobilimariani.com\/\",\"name\":\"Mobili Mariani\",\"description\":\"Mobili Italia Svizzera\",\"publisher\":{\"@id\":\"https:\/\/www.mobilimariani.com\/#organization\"},\"potentialAction\":[{\"@type\":\"SearchAction\",\"target\":\"https:\/\/www.mobilimariani.com\/?s={search_term_string}\",\"query-input\":\"required name=search_term_string\"}],\"inLanguage\":\"fr-CH\"},{\"@type\":\"WebPage\",\"@id\":\"https:\/\/www.mobilimariani.com\/fr\/saba-tabouret-new-york\/#webpage\",\"url\":\"https:\/\/www.mobilimariani.com\/fr\/saba-tabouret-new-york\/\",\"name\":\"SABA TABOURET NEW YORK | Mobili Mariani\",\"isPartOf\":{\"@id\":\"https:\/\/www.mobilimariani.com\/#website\"},\"datePublished\":\"2017-10-08T09:44:34+00:00\",\"dateModified\":\"2021-05-15T16:27:06+00:00\",\"description\":\"SABA TABOURET NEW YORK La collection\\u00a0New York \\u00e9tend sa proposition avec une ligne de tabourets, dont le design est le d\\u00e9veloppement en hauteur de la m\\u00eame\",\"breadcrumb\":{\"@id\":\"https:\/\/www.mobilimariani.com\/fr\/saba-tabouret-new-york\/#breadcrumb\"},\"inLanguage\":\"fr-CH\",\"potentialAction\":[{\"@type\":\"ReadAction\",\"target\":[\"https:\/\/www.mobilimariani.com\/fr\/saba-tabouret-new-york\/\"]}]},{\"@type\":\"BreadcrumbList\",\"@id\":\"https:\/\/www.mobilimariani.com\/fr\/saba-tabouret-new-york\/#breadcrumb\",\"itemListElement\":[{\"@type\":\"ListItem\",\"position\":1,\"item\":{\"@type\":\"WebPage\",\"@id\":\"https:\/\/www.mobilimariani.com\/\",\"url\":\"https:\/\/www.mobilimariani.com\/\",\"name\":\"Home\"}},{\"@type\":\"ListItem\",\"position\":2,\"item\":{\"@id\":\"https:\/\/www.mobilimariani.com\/fr\/saba-tabouret-new-york\/#webpage\"}}]},{\"@type\":\"Article\",\"@id\":\"https:\/\/www.mobilimariani.com\/fr\/saba-tabouret-new-york\/#article\",\"isPartOf\":{\"@id\":\"https:\/\/www.mobilimariani.com\/fr\/saba-tabouret-new-york\/#webpage\"},\"author\":{\"@id\":\"https:\/\/www.mobilimariani.com\/#\/schema\/person\/4685d9f51269134e53f988c9122315f4\"},\"headline\":\"SABA TABOURET NEW YORK\",\"datePublished\":\"2017-10-08T09:44:34+00:00\",\"dateModified\":\"2021-05-15T16:27:06+00:00\",\"mainEntityOfPage\":{\"@id\":\"https:\/\/www.mobilimariani.com\/fr\/saba-tabouret-new-york\/#webpage\"},\"publisher\":{\"@id\":\"https:\/\/www.mobilimariani.com\/#organization\"},\"articleSection\":[\"Autre\",\"Catalogue\",\"Contract\",\"Cuisines\"],\"inLanguage\":\"fr-CH\"},{\"@type\":\"Person\",\"@id\":\"https:\/\/www.mobilimariani.com\/#\/schema\/person\/4685d9f51269134e53f988c9122315f4\",\"name\":\"14m4rC008\",\"image\":{\"@type\":\"ImageObject\",\"@id\":\"https:\/\/www.mobilimariani.com\/#personlogo\",\"inLanguage\":\"fr-CH\",\"url\":\"https:\/\/secure.gravatar.com\/avatar\/dfaa6e536fec7030712cf850e9ddef45?s=96&d=mm&r=g\",\"contentUrl\":\"https:\/\/secure.gravatar.com\/avatar\/dfaa6e536fec7030712cf850e9ddef45?s=96&d=mm&r=g\",\"caption\":\"14m4rC008\"}}]}<\/script>\n<!-- \/ Yoast SEO plugin. -->","_links":{"self":[{"href":"https:\/\/www.mobilimariani.com\/fr\/wp-json\/wp\/v2\/posts\/19791"}],"collection":[{"href":"https:\/\/www.mobilimariani.com\/fr\/wp-json\/wp\/v2\/posts"}],"about":[{"href":"https:\/\/www.mobilimariani.com\/fr\/wp-json\/wp\/v2\/types\/post"}],"author":[{"embeddable":true,"href":"https:\/\/www.mobilimariani.com\/fr\/wp-json\/wp\/v2\/users\/1"}],"replies":[{"embeddable":true,"href":"https:\/\/www.mobilimariani.com\/fr\/wp-json\/wp\/v2\/comments?post=19791"}],"version-history":[{"count":2,"href":"https:\/\/www.mobilimariani.com\/fr\/wp-json\/wp\/v2\/posts\/19791\/revisions"}],"predecessor-version":[{"id":26783,"href":"https:\/\/www.mobilimariani.com\/fr\/wp-json\/wp\/v2\/posts\/19791\/revisions\/26783"}],"wp:attachment":[{"href":"https:\/\/www.mobilimariani.com\/fr\/wp-json\/wp\/v2\/media?parent=19791"}],"wp:term":[{"taxonomy":"category","embeddable":true,"href":"https:\/\/www.mobilimariani.com\/fr\/wp-json\/wp\/v2\/categories?post=19791"},{"taxonomy":"post_tag","embeddable":true,"href":"https:\/\/www.mobilimariani.com\/fr\/wp-json\/wp\/v2\/tags?post=19791"}],"curies":[{"name":"wp","href":"https:\/\/api.w.org\/{rel}","templated":true}]}}