{"id":19788,"date":"2017-10-08T11:37:18","date_gmt":"2017-10-08T09:37:18","guid":{"rendered":"https:\/\/www.mobilimariani.com\/?p=19788"},"modified":"2017-10-08T11:37:18","modified_gmt":"2017-10-08T09:37:18","slug":"saba-canape-new-york-outdoor","status":"publish","type":"post","link":"https:\/\/www.mobilimariani.com\/fr\/saba-canape-new-york-outdoor\/","title":{"rendered":"SABA CANAPE NEW YORK OUTDOOR"},"content":{"rendered":"<p>SABA CANAPE NEW YORK OUTDOOR de\u00a0Sergio Bicego<\/p>\n<p>Le canap\u00e9 New York Outdoor est le r\u00e9sultat d&#8217;une recherche minutieuse sur les mat\u00e9riaux afin de pr\u00e9server l&#8217;unicit\u00e9 du projet original. Il se caract\u00e9rise par la structure de la tige en m\u00e9tal peint en blanc avec un traitement appropri\u00e9 pour les environnements ext\u00e9rieurs. Les coussins ergonomiques sont recouverts de tissu technique qui n&#8217;absorbe pas l&#8217;eau, permettant un s\u00e9chage rapide, et les performances \u00e9lev\u00e9es du test martindal garantissent une r\u00e9sistance \u00e0 l&#8217;abrasion et, en m\u00eame temps, une transpiration hygi\u00e9nique. Le rembourrage des coussins est en polyur\u00e9thane drainant, rev\u00eatu d&#8217;une doublure blanche\u00a0<span lang=\"fr\">imperm\u00e9able<\/span>. New York Outdoor interpr\u00e8te l&#8217;art de vivre l&#8217;ext\u00e9rieur avec une po\u00e9tique l\u00e9g\u00e8ret\u00e9 de style et des suggestions chromatiques, offrant le choix entre 13 diff\u00e9rentes nuances, m\u00e9langes et couleurs unies. Combin\u00e9e avec le fauteuil des\u00e9rie, elle recr\u00e9\u00e9 l&#8217;oasis de confort id\u00e9ale pour une utilisation \u00e0 l&#8217;ext\u00e9rieur. Enti\u00e8rement amovible.<\/p>\n<p>Pour d\u00e9couvrir la marque Saba<a title=\"SABA\" href=\"https:\/\/www.mobilimariani.com\/fr\/distributeur-saba\/\">\u00a0cliquez ici<\/a><\/p>\n<p>Vous voulez conna\u00eetre notre meilleur prix pour cet article?\u00a0<a href=\"https:\/\/www.mobilimariani.com\/fr\/contacts\/\">Cliquez ici<\/a>\u00a0et envoyez-nous la demande<\/p>\n<p>Signale le lieu de livraison et si le montage est n\u00e9c\u00e9ssaire.<\/p>\n<p>Nous livrons dans toute l\u2019Europe,\u00a0Canada, Etats-Unis, Russie, Emirats Arabes Unis et o\u00f9 que vous soyez<\/p>\n","protected":false},"excerpt":{"rendered":"SABA CANAPE NEW YORK OUTDOOR de\u00a0Sergio Bicego Le canap\u00e9 New York Outdoor est le r\u00e9sultat d&#8217;une recherche minutieuse sur les mat\u00e9riaux afin de pr\u00e9server l&#8217;unicit\u00e9 du projet original. Il se caract\u00e9rise par la structure de la tige en m\u00e9tal peint en blanc avec un traitement appropri\u00e9 pour les environnements ext\u00e9rieurs. Les coussins ergonomiques sont recouverts&#8230; <a class=\"view-article\" href=\"https:\/\/www.mobilimariani.com\/fr\/saba-canape-new-york-outdoor\/\">Voir l&#8217;article<\/a>","protected":false},"author":1,"featured_media":0,"comment_status":"closed","ping_status":"closed","sticky":false,"template":"","format":"standard","meta":[],"categories":[1,37,7,32,6],"tags":[],"yoast_head":"<!-- This site is optimized with the Yoast SEO plugin v16.2 - https:\/\/yoast.com\/wordpress\/plugins\/seo\/ -->\n<meta name=\"description\" content=\"SABA CANAPE NEW YORK OUTDOOR de\u00a0Sergio Bicego Le canap\u00e9 New York Outdoor est le r\u00e9sultat d&#039;une recherche minutieuse sur les mat\u00e9riaux afin de pr\u00e9server\" \/>\n<meta name=\"robots\" content=\"index, follow, max-snippet:-1, max-image-preview:large, max-video-preview:-1\" \/>\n<link rel=\"canonical\" href=\"https:\/\/www.mobilimariani.com\/fr\/saba-canape-new-york-outdoor\/\" \/>\n<meta property=\"og:locale\" content=\"fr_FR\" \/>\n<meta property=\"og:type\" content=\"article\" \/>\n<meta property=\"og:title\" content=\"SABA CANAPE NEW YORK OUTDOOR | Mobili Mariani\" \/>\n<meta property=\"og:description\" content=\"SABA CANAPE NEW YORK OUTDOOR de\u00a0Sergio Bicego Le canap\u00e9 New York Outdoor est le r\u00e9sultat d&#039;une recherche minutieuse sur les mat\u00e9riaux afin de pr\u00e9server\" \/>\n<meta property=\"og:url\" content=\"https:\/\/www.mobilimariani.com\/fr\/saba-canape-new-york-outdoor\/\" \/>\n<meta property=\"og:site_name\" content=\"Mobili Mariani\" \/>\n<meta property=\"article:published_time\" content=\"2017-10-08T09:37:18+00:00\" \/>\n<meta name=\"twitter:label1\" content=\"Est. reading time\">\n\t<meta name=\"twitter:data1\" content=\"1 minute\">\n<script type=\"application\/ld+json\" class=\"yoast-schema-graph\">{\"@context\":\"https:\/\/schema.org\",\"@graph\":[{\"@type\":\"Organization\",\"@id\":\"https:\/\/www.mobilimariani.com\/#organization\",\"name\":\"Mobili Mariani\",\"url\":\"https:\/\/www.mobilimariani.com\/\",\"sameAs\":[],\"logo\":{\"@type\":\"ImageObject\",\"@id\":\"https:\/\/www.mobilimariani.com\/#logo\",\"inLanguage\":\"fr-CH\",\"url\":\"https:\/\/www.mobilimariani.com\/wp-content\/uploads\/2015\/12\/logo.png\",\"contentUrl\":\"https:\/\/www.mobilimariani.com\/wp-content\/uploads\/2015\/12\/logo.png\",\"width\":160,\"height\":110,\"caption\":\"Mobili Mariani\"},\"image\":{\"@id\":\"https:\/\/www.mobilimariani.com\/#logo\"}},{\"@type\":\"WebSite\",\"@id\":\"https:\/\/www.mobilimariani.com\/#website\",\"url\":\"https:\/\/www.mobilimariani.com\/\",\"name\":\"Mobili Mariani\",\"description\":\"Mobili Italia Svizzera\",\"publisher\":{\"@id\":\"https:\/\/www.mobilimariani.com\/#organization\"},\"potentialAction\":[{\"@type\":\"SearchAction\",\"target\":\"https:\/\/www.mobilimariani.com\/?s={search_term_string}\",\"query-input\":\"required name=search_term_string\"}],\"inLanguage\":\"fr-CH\"},{\"@type\":\"WebPage\",\"@id\":\"https:\/\/www.mobilimariani.com\/fr\/saba-canape-new-york-outdoor\/#webpage\",\"url\":\"https:\/\/www.mobilimariani.com\/fr\/saba-canape-new-york-outdoor\/\",\"name\":\"SABA CANAPE NEW YORK OUTDOOR | Mobili Mariani\",\"isPartOf\":{\"@id\":\"https:\/\/www.mobilimariani.com\/#website\"},\"datePublished\":\"2017-10-08T09:37:18+00:00\",\"dateModified\":\"2017-10-08T09:37:18+00:00\",\"description\":\"SABA CANAPE NEW YORK OUTDOOR de\\u00a0Sergio Bicego Le canap\\u00e9 New York Outdoor est le r\\u00e9sultat d'une recherche minutieuse sur les mat\\u00e9riaux afin de pr\\u00e9server\",\"breadcrumb\":{\"@id\":\"https:\/\/www.mobilimariani.com\/fr\/saba-canape-new-york-outdoor\/#breadcrumb\"},\"inLanguage\":\"fr-CH\",\"potentialAction\":[{\"@type\":\"ReadAction\",\"target\":[\"https:\/\/www.mobilimariani.com\/fr\/saba-canape-new-york-outdoor\/\"]}]},{\"@type\":\"BreadcrumbList\",\"@id\":\"https:\/\/www.mobilimariani.com\/fr\/saba-canape-new-york-outdoor\/#breadcrumb\",\"itemListElement\":[{\"@type\":\"ListItem\",\"position\":1,\"item\":{\"@type\":\"WebPage\",\"@id\":\"https:\/\/www.mobilimariani.com\/\",\"url\":\"https:\/\/www.mobilimariani.com\/\",\"name\":\"Home\"}},{\"@type\":\"ListItem\",\"position\":2,\"item\":{\"@id\":\"https:\/\/www.mobilimariani.com\/fr\/saba-canape-new-york-outdoor\/#webpage\"}}]},{\"@type\":\"Article\",\"@id\":\"https:\/\/www.mobilimariani.com\/fr\/saba-canape-new-york-outdoor\/#article\",\"isPartOf\":{\"@id\":\"https:\/\/www.mobilimariani.com\/fr\/saba-canape-new-york-outdoor\/#webpage\"},\"author\":{\"@id\":\"https:\/\/www.mobilimariani.com\/#\/schema\/person\/4685d9f51269134e53f988c9122315f4\"},\"headline\":\"SABA CANAPE NEW YORK OUTDOOR\",\"datePublished\":\"2017-10-08T09:37:18+00:00\",\"dateModified\":\"2017-10-08T09:37:18+00:00\",\"mainEntityOfPage\":{\"@id\":\"https:\/\/www.mobilimariani.com\/fr\/saba-canape-new-york-outdoor\/#webpage\"},\"publisher\":{\"@id\":\"https:\/\/www.mobilimariani.com\/#organization\"},\"articleSection\":[\"Catalogue\",\"Contract\",\"Sofa\",\"Fauteuils\",\"Salle jour\"],\"inLanguage\":\"fr-CH\"},{\"@type\":\"Person\",\"@id\":\"https:\/\/www.mobilimariani.com\/#\/schema\/person\/4685d9f51269134e53f988c9122315f4\",\"name\":\"14m4rC008\",\"image\":{\"@type\":\"ImageObject\",\"@id\":\"https:\/\/www.mobilimariani.com\/#personlogo\",\"inLanguage\":\"fr-CH\",\"url\":\"https:\/\/secure.gravatar.com\/avatar\/dfaa6e536fec7030712cf850e9ddef45?s=96&d=mm&r=g\",\"contentUrl\":\"https:\/\/secure.gravatar.com\/avatar\/dfaa6e536fec7030712cf850e9ddef45?s=96&d=mm&r=g\",\"caption\":\"14m4rC008\"}}]}<\/script>\n<!-- \/ Yoast SEO plugin. -->","_links":{"self":[{"href":"https:\/\/www.mobilimariani.com\/fr\/wp-json\/wp\/v2\/posts\/19788"}],"collection":[{"href":"https:\/\/www.mobilimariani.com\/fr\/wp-json\/wp\/v2\/posts"}],"about":[{"href":"https:\/\/www.mobilimariani.com\/fr\/wp-json\/wp\/v2\/types\/post"}],"author":[{"embeddable":true,"href":"https:\/\/www.mobilimariani.com\/fr\/wp-json\/wp\/v2\/users\/1"}],"replies":[{"embeddable":true,"href":"https:\/\/www.mobilimariani.com\/fr\/wp-json\/wp\/v2\/comments?post=19788"}],"version-history":[{"count":1,"href":"https:\/\/www.mobilimariani.com\/fr\/wp-json\/wp\/v2\/posts\/19788\/revisions"}],"predecessor-version":[{"id":19789,"href":"https:\/\/www.mobilimariani.com\/fr\/wp-json\/wp\/v2\/posts\/19788\/revisions\/19789"}],"wp:attachment":[{"href":"https:\/\/www.mobilimariani.com\/fr\/wp-json\/wp\/v2\/media?parent=19788"}],"wp:term":[{"taxonomy":"category","embeddable":true,"href":"https:\/\/www.mobilimariani.com\/fr\/wp-json\/wp\/v2\/categories?post=19788"},{"taxonomy":"post_tag","embeddable":true,"href":"https:\/\/www.mobilimariani.com\/fr\/wp-json\/wp\/v2\/tags?post=19788"}],"curies":[{"name":"wp","href":"https:\/\/api.w.org\/{rel}","templated":true}]}}