{"id":19779,"date":"2017-10-08T10:31:41","date_gmt":"2017-10-08T08:31:41","guid":{"rendered":"https:\/\/www.mobilimariani.com\/?p=19779"},"modified":"2020-09-05T11:33:20","modified_gmt":"2020-09-05T09:33:20","slug":"elli-flli-armoire-delo-idra-brillant-verre","status":"publish","type":"post","link":"https:\/\/www.mobilimariani.com\/fr\/elli-flli-armoire-delo-idra-brillant-verre\/","title":{"rendered":"ELLI FLLI ARMOIRE DELO IDRA BRILLANT VERRE"},"content":{"rendered":"<p>ELLI FLLI ARMOIRE DELO IDRA\u00a0LUCIDO VETRO<\/p>\n<p>L&#8217;offre des armoires Delo IDRA se compl\u00e9te par\u00a0IDRA LUCIDO VETRO avec des portes miroir ou un verre laqu\u00e9 en diff\u00e9rentes couleurs (blanc, ivoire, \u00e9cru, gris Jonio, graphite, tourterelle, caf\u00e9 Plaka,rouge Milos et autres).<\/p>\n<p>Pour choisir la finition\u00a0<a href=\"https:\/\/www.mobilimariani.com\/fr\/18528-2\/\">Cliquez ici<\/a><\/p>\n<p>Pour d\u00e9couvrir la marque Elli Fratelli\u00a0<a href=\"https:\/\/www.mobilimariani.com\/rivenditore-elli-fratelli\/?lang=fr\">cliquez ici<\/a><\/p>\n<p>Vous voulez conna\u00eetre notre meilleur prix pour cet article?\u00a0<a href=\"https:\/\/www.mobilimariani.com\/fr\/contacts\/\">Cliquez ici<\/a>\u00a0et envoyez-nous la demande<\/p>\n<p>Signale le lieu de livraison et si le montage est n\u00e9c\u00e9ssaire.<\/p>\n<p>Nous livrons dans toute l\u2019Europe et o\u00f9 que vous soyez<\/p>\n","protected":false},"excerpt":{"rendered":"ELLI FLLI ARMOIRE DELO IDRA\u00a0LUCIDO VETRO L&#8217;offre des armoires Delo IDRA se compl\u00e9te par\u00a0IDRA LUCIDO VETRO avec des portes miroir ou un verre laqu\u00e9 en diff\u00e9rentes couleurs (blanc, ivoire, \u00e9cru, gris Jonio, graphite, tourterelle, caf\u00e9 Plaka,rouge Milos et autres). Pour choisir la finition\u00a0Cliquez ici Pour d\u00e9couvrir la marque Elli Fratelli\u00a0cliquez ici Vous voulez conna\u00eetre notre&#8230; <a class=\"view-article\" href=\"https:\/\/www.mobilimariani.com\/fr\/elli-flli-armoire-delo-idra-brillant-verre\/\">Voir l&#8217;article<\/a>","protected":false},"author":1,"featured_media":0,"comment_status":"closed","ping_status":"closed","sticky":false,"template":"","format":"standard","meta":[],"categories":[3,1,2],"tags":[],"yoast_head":"<!-- This site is optimized with the Yoast SEO plugin v16.2 - https:\/\/yoast.com\/wordpress\/plugins\/seo\/ -->\n<meta name=\"description\" content=\"ELLI FLLI ARMOIRE DELO IDRA\u00a0LUCIDO VETRO L&#039;offre des armoires Delo IDRA se compl\u00e9te par\u00a0IDRA LUCIDO VETRO avec des portes miroir ou un verre laqu\u00e9 en\" \/>\n<meta name=\"robots\" content=\"index, follow, max-snippet:-1, max-image-preview:large, max-video-preview:-1\" \/>\n<link rel=\"canonical\" href=\"https:\/\/www.mobilimariani.com\/fr\/elli-flli-armoire-delo-idra-brillant-verre\/\" \/>\n<meta property=\"og:locale\" content=\"fr_FR\" \/>\n<meta property=\"og:type\" content=\"article\" \/>\n<meta property=\"og:title\" content=\"ELLI FLLI ARMOIRE DELO IDRA BRILLANT VERRE | Mobili Mariani\" \/>\n<meta property=\"og:description\" content=\"ELLI FLLI ARMOIRE DELO IDRA\u00a0LUCIDO VETRO L&#039;offre des armoires Delo IDRA se compl\u00e9te par\u00a0IDRA LUCIDO VETRO avec des portes miroir ou un verre laqu\u00e9 en\" \/>\n<meta property=\"og:url\" content=\"https:\/\/www.mobilimariani.com\/fr\/elli-flli-armoire-delo-idra-brillant-verre\/\" \/>\n<meta property=\"og:site_name\" content=\"Mobili Mariani\" \/>\n<meta property=\"article:published_time\" content=\"2017-10-08T08:31:41+00:00\" \/>\n<meta property=\"article:modified_time\" content=\"2020-09-05T09:33:20+00:00\" \/>\n<script type=\"application\/ld+json\" class=\"yoast-schema-graph\">{\"@context\":\"https:\/\/schema.org\",\"@graph\":[{\"@type\":\"Organization\",\"@id\":\"https:\/\/www.mobilimariani.com\/#organization\",\"name\":\"Mobili Mariani\",\"url\":\"https:\/\/www.mobilimariani.com\/\",\"sameAs\":[],\"logo\":{\"@type\":\"ImageObject\",\"@id\":\"https:\/\/www.mobilimariani.com\/#logo\",\"inLanguage\":\"fr-CH\",\"url\":\"https:\/\/www.mobilimariani.com\/wp-content\/uploads\/2015\/12\/logo.png\",\"contentUrl\":\"https:\/\/www.mobilimariani.com\/wp-content\/uploads\/2015\/12\/logo.png\",\"width\":160,\"height\":110,\"caption\":\"Mobili Mariani\"},\"image\":{\"@id\":\"https:\/\/www.mobilimariani.com\/#logo\"}},{\"@type\":\"WebSite\",\"@id\":\"https:\/\/www.mobilimariani.com\/#website\",\"url\":\"https:\/\/www.mobilimariani.com\/\",\"name\":\"Mobili Mariani\",\"description\":\"Mobili Italia Svizzera\",\"publisher\":{\"@id\":\"https:\/\/www.mobilimariani.com\/#organization\"},\"potentialAction\":[{\"@type\":\"SearchAction\",\"target\":\"https:\/\/www.mobilimariani.com\/?s={search_term_string}\",\"query-input\":\"required name=search_term_string\"}],\"inLanguage\":\"fr-CH\"},{\"@type\":\"WebPage\",\"@id\":\"https:\/\/www.mobilimariani.com\/fr\/elli-flli-armoire-delo-idra-brillant-verre\/#webpage\",\"url\":\"https:\/\/www.mobilimariani.com\/fr\/elli-flli-armoire-delo-idra-brillant-verre\/\",\"name\":\"ELLI FLLI ARMOIRE DELO IDRA BRILLANT VERRE | Mobili Mariani\",\"isPartOf\":{\"@id\":\"https:\/\/www.mobilimariani.com\/#website\"},\"datePublished\":\"2017-10-08T08:31:41+00:00\",\"dateModified\":\"2020-09-05T09:33:20+00:00\",\"description\":\"ELLI FLLI ARMOIRE DELO IDRA\\u00a0LUCIDO VETRO L'offre des armoires Delo IDRA se compl\\u00e9te par\\u00a0IDRA LUCIDO VETRO avec des portes miroir ou un verre laqu\\u00e9 en\",\"breadcrumb\":{\"@id\":\"https:\/\/www.mobilimariani.com\/fr\/elli-flli-armoire-delo-idra-brillant-verre\/#breadcrumb\"},\"inLanguage\":\"fr-CH\",\"potentialAction\":[{\"@type\":\"ReadAction\",\"target\":[\"https:\/\/www.mobilimariani.com\/fr\/elli-flli-armoire-delo-idra-brillant-verre\/\"]}]},{\"@type\":\"BreadcrumbList\",\"@id\":\"https:\/\/www.mobilimariani.com\/fr\/elli-flli-armoire-delo-idra-brillant-verre\/#breadcrumb\",\"itemListElement\":[{\"@type\":\"ListItem\",\"position\":1,\"item\":{\"@type\":\"WebPage\",\"@id\":\"https:\/\/www.mobilimariani.com\/\",\"url\":\"https:\/\/www.mobilimariani.com\/\",\"name\":\"Home\"}},{\"@type\":\"ListItem\",\"position\":2,\"item\":{\"@id\":\"https:\/\/www.mobilimariani.com\/fr\/elli-flli-armoire-delo-idra-brillant-verre\/#webpage\"}}]},{\"@type\":\"Article\",\"@id\":\"https:\/\/www.mobilimariani.com\/fr\/elli-flli-armoire-delo-idra-brillant-verre\/#article\",\"isPartOf\":{\"@id\":\"https:\/\/www.mobilimariani.com\/fr\/elli-flli-armoire-delo-idra-brillant-verre\/#webpage\"},\"author\":{\"@id\":\"https:\/\/www.mobilimariani.com\/#\/schema\/person\/4685d9f51269134e53f988c9122315f4\"},\"headline\":\"ELLI FLLI ARMOIRE DELO IDRA BRILLANT VERRE\",\"datePublished\":\"2017-10-08T08:31:41+00:00\",\"dateModified\":\"2020-09-05T09:33:20+00:00\",\"mainEntityOfPage\":{\"@id\":\"https:\/\/www.mobilimariani.com\/fr\/elli-flli-armoire-delo-idra-brillant-verre\/#webpage\"},\"publisher\":{\"@id\":\"https:\/\/www.mobilimariani.com\/#organization\"},\"articleSection\":[\"Armoires\",\"Catalogue\",\"Zone nuit\"],\"inLanguage\":\"fr-CH\"},{\"@type\":\"Person\",\"@id\":\"https:\/\/www.mobilimariani.com\/#\/schema\/person\/4685d9f51269134e53f988c9122315f4\",\"name\":\"14m4rC008\",\"image\":{\"@type\":\"ImageObject\",\"@id\":\"https:\/\/www.mobilimariani.com\/#personlogo\",\"inLanguage\":\"fr-CH\",\"url\":\"https:\/\/secure.gravatar.com\/avatar\/dfaa6e536fec7030712cf850e9ddef45?s=96&d=mm&r=g\",\"contentUrl\":\"https:\/\/secure.gravatar.com\/avatar\/dfaa6e536fec7030712cf850e9ddef45?s=96&d=mm&r=g\",\"caption\":\"14m4rC008\"}}]}<\/script>\n<!-- \/ Yoast SEO plugin. -->","_links":{"self":[{"href":"https:\/\/www.mobilimariani.com\/fr\/wp-json\/wp\/v2\/posts\/19779"}],"collection":[{"href":"https:\/\/www.mobilimariani.com\/fr\/wp-json\/wp\/v2\/posts"}],"about":[{"href":"https:\/\/www.mobilimariani.com\/fr\/wp-json\/wp\/v2\/types\/post"}],"author":[{"embeddable":true,"href":"https:\/\/www.mobilimariani.com\/fr\/wp-json\/wp\/v2\/users\/1"}],"replies":[{"embeddable":true,"href":"https:\/\/www.mobilimariani.com\/fr\/wp-json\/wp\/v2\/comments?post=19779"}],"version-history":[{"count":2,"href":"https:\/\/www.mobilimariani.com\/fr\/wp-json\/wp\/v2\/posts\/19779\/revisions"}],"predecessor-version":[{"id":25425,"href":"https:\/\/www.mobilimariani.com\/fr\/wp-json\/wp\/v2\/posts\/19779\/revisions\/25425"}],"wp:attachment":[{"href":"https:\/\/www.mobilimariani.com\/fr\/wp-json\/wp\/v2\/media?parent=19779"}],"wp:term":[{"taxonomy":"category","embeddable":true,"href":"https:\/\/www.mobilimariani.com\/fr\/wp-json\/wp\/v2\/categories?post=19779"},{"taxonomy":"post_tag","embeddable":true,"href":"https:\/\/www.mobilimariani.com\/fr\/wp-json\/wp\/v2\/tags?post=19779"}],"curies":[{"name":"wp","href":"https:\/\/api.w.org\/{rel}","templated":true}]}}