{"id":19776,"date":"2017-10-08T10:24:43","date_gmt":"2017-10-08T08:24:43","guid":{"rendered":"https:\/\/www.mobilimariani.com\/?p=19776"},"modified":"2017-10-08T10:24:43","modified_gmt":"2017-10-08T08:24:43","slug":"elli-flli-armoires-coulissantes-zen-delo","status":"publish","type":"post","link":"https:\/\/www.mobilimariani.com\/fr\/elli-flli-armoires-coulissantes-zen-delo\/","title":{"rendered":"ELLI FLLI ARMOIRES COULISSANTES ZEN DELO"},"content":{"rendered":"<p>ELLI FLLI ARMOIRES COULISSANTES ZEN DELO<\/p>\n<p>La finition des portes de l&#8217;armoire ZEN est disponible en laqu\u00e9 opaque mat, laqu\u00e9 opaque pore ouvert et laqu\u00e9 brillant \u00a0bross\u00e9 ou avec des solutions avec des verre inser\u00e9s. L&#8217;\u00e9l\u00e9gance du verre ou du laqu\u00e9 brillant cr\u00e9e une identit\u00e9 raffin\u00e9e et moderne. Le projet portes coulissantes ZEN pr\u00e9sente une polyvalence dimensionnelle extr\u00eame et est disponible en hauteur de cm. 262 cm. 296 et m\u00eame sur mesure. Les largeurs sont en cm. 205 &#8211; 306 &#8211; 407 &#8211; 456,5, etc. avec portes de base (104 cm de large) et portes XL (154 cm de large en 3 pi\u00e8ces). Profondeur cm. 57,6 &#8211; 38,4 &#8211; 24,1 plus portes (8 cm).<\/p>\n<p>Pour choisir la finition\u00a0<a href=\"https:\/\/www.mobilimariani.com\/fr\/18528-2\/\">Cliquez ici<\/a><\/p>\n<p>Pour d\u00e9couvrir la marque Elli Fratelli\u00a0<a href=\"https:\/\/www.mobilimariani.com\/rivenditore-elli-fratelli\/?lang=fr\">cliquez ici<\/a><\/p>\n<p>Vous voulez conna\u00eetre notre meilleur prix pour cet article?\u00a0<a href=\"https:\/\/www.mobilimariani.com\/fr\/contacts\/\">Cliquez ici<\/a>\u00a0et envoyez-nous la demande<\/p>\n<p>Signale le lieu de livraison et si le montage est n\u00e9c\u00e9ssaire.<\/p>\n<p>Nous livrons dans toute l\u2019Europe,\u00a0Canada, Etats-Unis, Russie, Emirats Arabes Unis et o\u00f9 que vous soyez<\/p>\n","protected":false},"excerpt":{"rendered":"ELLI FLLI ARMOIRES COULISSANTES ZEN DELO La finition des portes de l&#8217;armoire ZEN est disponible en laqu\u00e9 opaque mat, laqu\u00e9 opaque pore ouvert et laqu\u00e9 brillant \u00a0bross\u00e9 ou avec des solutions avec des verre inser\u00e9s. L&#8217;\u00e9l\u00e9gance du verre ou du laqu\u00e9 brillant cr\u00e9e une identit\u00e9 raffin\u00e9e et moderne. Le projet portes coulissantes ZEN pr\u00e9sente une&#8230; <a class=\"view-article\" href=\"https:\/\/www.mobilimariani.com\/fr\/elli-flli-armoires-coulissantes-zen-delo\/\">Voir l&#8217;article<\/a>","protected":false},"author":1,"featured_media":0,"comment_status":"closed","ping_status":"closed","sticky":false,"template":"","format":"standard","meta":[],"categories":[3,1,2],"tags":[],"yoast_head":"<!-- This site is optimized with the Yoast SEO plugin v16.2 - https:\/\/yoast.com\/wordpress\/plugins\/seo\/ -->\n<meta name=\"description\" content=\"ELLI FLLI ARMOIRES COULISSANTES ZEN DELO La finition des portes de l&#039;armoire ZEN est disponible en laqu\u00e9 opaque mat, laqu\u00e9 opaque pore ouvert et laqu\u00e9\" \/>\n<meta name=\"robots\" content=\"index, follow, max-snippet:-1, max-image-preview:large, max-video-preview:-1\" \/>\n<link rel=\"canonical\" href=\"https:\/\/www.mobilimariani.com\/fr\/elli-flli-armoires-coulissantes-zen-delo\/\" \/>\n<meta property=\"og:locale\" content=\"fr_FR\" \/>\n<meta property=\"og:type\" content=\"article\" \/>\n<meta property=\"og:title\" content=\"ELLI FLLI ARMOIRES COULISSANTES ZEN DELO | Mobili Mariani\" \/>\n<meta property=\"og:description\" content=\"ELLI FLLI ARMOIRES COULISSANTES ZEN DELO La finition des portes de l&#039;armoire ZEN est disponible en laqu\u00e9 opaque mat, laqu\u00e9 opaque pore ouvert et laqu\u00e9\" \/>\n<meta property=\"og:url\" content=\"https:\/\/www.mobilimariani.com\/fr\/elli-flli-armoires-coulissantes-zen-delo\/\" \/>\n<meta property=\"og:site_name\" content=\"Mobili Mariani\" \/>\n<meta property=\"article:published_time\" content=\"2017-10-08T08:24:43+00:00\" \/>\n<meta name=\"twitter:label1\" content=\"Est. reading time\">\n\t<meta name=\"twitter:data1\" content=\"1 minute\">\n<script type=\"application\/ld+json\" class=\"yoast-schema-graph\">{\"@context\":\"https:\/\/schema.org\",\"@graph\":[{\"@type\":\"Organization\",\"@id\":\"https:\/\/www.mobilimariani.com\/#organization\",\"name\":\"Mobili Mariani\",\"url\":\"https:\/\/www.mobilimariani.com\/\",\"sameAs\":[],\"logo\":{\"@type\":\"ImageObject\",\"@id\":\"https:\/\/www.mobilimariani.com\/#logo\",\"inLanguage\":\"fr-CH\",\"url\":\"https:\/\/www.mobilimariani.com\/wp-content\/uploads\/2015\/12\/logo.png\",\"contentUrl\":\"https:\/\/www.mobilimariani.com\/wp-content\/uploads\/2015\/12\/logo.png\",\"width\":160,\"height\":110,\"caption\":\"Mobili Mariani\"},\"image\":{\"@id\":\"https:\/\/www.mobilimariani.com\/#logo\"}},{\"@type\":\"WebSite\",\"@id\":\"https:\/\/www.mobilimariani.com\/#website\",\"url\":\"https:\/\/www.mobilimariani.com\/\",\"name\":\"Mobili Mariani\",\"description\":\"Mobili Italia Svizzera\",\"publisher\":{\"@id\":\"https:\/\/www.mobilimariani.com\/#organization\"},\"potentialAction\":[{\"@type\":\"SearchAction\",\"target\":\"https:\/\/www.mobilimariani.com\/?s={search_term_string}\",\"query-input\":\"required name=search_term_string\"}],\"inLanguage\":\"fr-CH\"},{\"@type\":\"WebPage\",\"@id\":\"https:\/\/www.mobilimariani.com\/fr\/elli-flli-armoires-coulissantes-zen-delo\/#webpage\",\"url\":\"https:\/\/www.mobilimariani.com\/fr\/elli-flli-armoires-coulissantes-zen-delo\/\",\"name\":\"ELLI FLLI ARMOIRES COULISSANTES ZEN DELO | Mobili Mariani\",\"isPartOf\":{\"@id\":\"https:\/\/www.mobilimariani.com\/#website\"},\"datePublished\":\"2017-10-08T08:24:43+00:00\",\"dateModified\":\"2017-10-08T08:24:43+00:00\",\"description\":\"ELLI FLLI ARMOIRES COULISSANTES ZEN DELO La finition des portes de l'armoire ZEN est disponible en laqu\\u00e9 opaque mat, laqu\\u00e9 opaque pore ouvert et laqu\\u00e9\",\"breadcrumb\":{\"@id\":\"https:\/\/www.mobilimariani.com\/fr\/elli-flli-armoires-coulissantes-zen-delo\/#breadcrumb\"},\"inLanguage\":\"fr-CH\",\"potentialAction\":[{\"@type\":\"ReadAction\",\"target\":[\"https:\/\/www.mobilimariani.com\/fr\/elli-flli-armoires-coulissantes-zen-delo\/\"]}]},{\"@type\":\"BreadcrumbList\",\"@id\":\"https:\/\/www.mobilimariani.com\/fr\/elli-flli-armoires-coulissantes-zen-delo\/#breadcrumb\",\"itemListElement\":[{\"@type\":\"ListItem\",\"position\":1,\"item\":{\"@type\":\"WebPage\",\"@id\":\"https:\/\/www.mobilimariani.com\/\",\"url\":\"https:\/\/www.mobilimariani.com\/\",\"name\":\"Home\"}},{\"@type\":\"ListItem\",\"position\":2,\"item\":{\"@id\":\"https:\/\/www.mobilimariani.com\/fr\/elli-flli-armoires-coulissantes-zen-delo\/#webpage\"}}]},{\"@type\":\"Article\",\"@id\":\"https:\/\/www.mobilimariani.com\/fr\/elli-flli-armoires-coulissantes-zen-delo\/#article\",\"isPartOf\":{\"@id\":\"https:\/\/www.mobilimariani.com\/fr\/elli-flli-armoires-coulissantes-zen-delo\/#webpage\"},\"author\":{\"@id\":\"https:\/\/www.mobilimariani.com\/#\/schema\/person\/4685d9f51269134e53f988c9122315f4\"},\"headline\":\"ELLI FLLI ARMOIRES COULISSANTES ZEN DELO\",\"datePublished\":\"2017-10-08T08:24:43+00:00\",\"dateModified\":\"2017-10-08T08:24:43+00:00\",\"mainEntityOfPage\":{\"@id\":\"https:\/\/www.mobilimariani.com\/fr\/elli-flli-armoires-coulissantes-zen-delo\/#webpage\"},\"publisher\":{\"@id\":\"https:\/\/www.mobilimariani.com\/#organization\"},\"articleSection\":[\"Armoires\",\"Catalogue\",\"Zone nuit\"],\"inLanguage\":\"fr-CH\"},{\"@type\":\"Person\",\"@id\":\"https:\/\/www.mobilimariani.com\/#\/schema\/person\/4685d9f51269134e53f988c9122315f4\",\"name\":\"14m4rC008\",\"image\":{\"@type\":\"ImageObject\",\"@id\":\"https:\/\/www.mobilimariani.com\/#personlogo\",\"inLanguage\":\"fr-CH\",\"url\":\"https:\/\/secure.gravatar.com\/avatar\/dfaa6e536fec7030712cf850e9ddef45?s=96&d=mm&r=g\",\"contentUrl\":\"https:\/\/secure.gravatar.com\/avatar\/dfaa6e536fec7030712cf850e9ddef45?s=96&d=mm&r=g\",\"caption\":\"14m4rC008\"}}]}<\/script>\n<!-- \/ Yoast SEO plugin. -->","_links":{"self":[{"href":"https:\/\/www.mobilimariani.com\/fr\/wp-json\/wp\/v2\/posts\/19776"}],"collection":[{"href":"https:\/\/www.mobilimariani.com\/fr\/wp-json\/wp\/v2\/posts"}],"about":[{"href":"https:\/\/www.mobilimariani.com\/fr\/wp-json\/wp\/v2\/types\/post"}],"author":[{"embeddable":true,"href":"https:\/\/www.mobilimariani.com\/fr\/wp-json\/wp\/v2\/users\/1"}],"replies":[{"embeddable":true,"href":"https:\/\/www.mobilimariani.com\/fr\/wp-json\/wp\/v2\/comments?post=19776"}],"version-history":[{"count":1,"href":"https:\/\/www.mobilimariani.com\/fr\/wp-json\/wp\/v2\/posts\/19776\/revisions"}],"predecessor-version":[{"id":19777,"href":"https:\/\/www.mobilimariani.com\/fr\/wp-json\/wp\/v2\/posts\/19776\/revisions\/19777"}],"wp:attachment":[{"href":"https:\/\/www.mobilimariani.com\/fr\/wp-json\/wp\/v2\/media?parent=19776"}],"wp:term":[{"taxonomy":"category","embeddable":true,"href":"https:\/\/www.mobilimariani.com\/fr\/wp-json\/wp\/v2\/categories?post=19776"},{"taxonomy":"post_tag","embeddable":true,"href":"https:\/\/www.mobilimariani.com\/fr\/wp-json\/wp\/v2\/tags?post=19776"}],"curies":[{"name":"wp","href":"https:\/\/api.w.org\/{rel}","templated":true}]}}