{"id":19761,"date":"2017-10-08T09:50:01","date_gmt":"2017-10-08T07:50:01","guid":{"rendered":"https:\/\/www.mobilimariani.com\/?p=19761"},"modified":"2020-09-05T11:54:44","modified_gmt":"2020-09-05T09:54:44","slug":"elli-flli-chambres-enfants-delo","status":"publish","type":"post","link":"https:\/\/www.mobilimariani.com\/fr\/elli-flli-chambres-enfants-delo\/","title":{"rendered":"ELLI FLLI CHAMBRES ENFANTS DELO"},"content":{"rendered":"<p>ELLI FLLI CHAMBRES ENFANTS DELO<\/p>\n<p>Delo pr\u00e9sente des chambres pour chaque style de vie et \u00e2ge. Delo n&#8217;est pas seulement un programme de mobilier pour pour l&#8217;espace des jeunes et des gar\u00e7ons: en plus du design lin\u00e9aire et propre, il offre \u00e9galement des lits de l&#8217;esth\u00e9tique la plus prestigieuse et la plus \u00e9labor\u00e9e. Il peut \u00e9galement r\u00e9pondre aux besoins des plus grands, tant en termes d&#8217;esth\u00e9tique que de qualit\u00e9 des mat\u00e9riaux et de nombreuses possibilit\u00e9s dimensionnelles.<\/p>\n<p>Il suffit de jeter un oeil \u00e0 la fa\u00e7on dont les solutions sont personnalisables. Il existe une bonne r\u00e9ponse pour chaque situation et chaque besoin. Tout en termes de fonctionnalit\u00e9: lignes, \u00e9l\u00e9gance, style dynamique, harmonie, finesse, confort, technologie et innovation &#8230;<\/p>\n<p>Certains lits sont disponibles en version simple, un et demi, double et aussi pour les personnes plus grandes. La gamme est compl\u00e9t\u00e9e par les lits rembourr\u00e9s, compl\u00e8tement amovibles, avec des versions avec conteneur en bois ou rembourr\u00e9es, des lit turcs avec un deuxi\u00e8me lit extractible ou un grand tiroir en bois, et par la proposition de lattes orthop\u00e9diques en bois ou en \u00e9co-fibres recyclables .<\/p>\n<p>MARIANI CASUAL: meilleur rapport qualit\u00e9-prix dans toutes les versions; en particulier dans la version avec int\u00e9rieur en bois laqu\u00e9 externe<\/p>\n<p>our choisir la finition\u00a0<a href=\"https:\/\/www.mobilimariani.com\/fr\/18528-2\/\">Cliquez ici<\/a><\/p>\n<p>Pour d\u00e9couvrir la marque Elli Fratelli\u00a0<a href=\"https:\/\/www.mobilimariani.com\/rivenditore-elli-fratelli\/?lang=fr\">cliquez ici<\/a><\/p>\n<p>Vous voulez conna\u00eetre notre meilleur prix pour cet article?\u00a0<a href=\"https:\/\/www.mobilimariani.com\/fr\/contacts\/\">Cliquez ici<\/a>\u00a0et envoyez-nous la demande<\/p>\n<p>Signale le lieu de livraison et si le montage est n\u00e9c\u00e9ssaire.<\/p>\n<p>Nous livrons dans toute l\u2019Europe et o\u00f9 que vous soyez<\/p>\n","protected":false},"excerpt":{"rendered":"ELLI FLLI CHAMBRES ENFANTS DELO Delo pr\u00e9sente des chambres pour chaque style de vie et \u00e2ge. Delo n&#8217;est pas seulement un programme de mobilier pour pour l&#8217;espace des jeunes et des gar\u00e7ons: en plus du design lin\u00e9aire et propre, il offre \u00e9galement des lits de l&#8217;esth\u00e9tique la plus prestigieuse et la plus \u00e9labor\u00e9e. Il peut&#8230; <a class=\"view-article\" href=\"https:\/\/www.mobilimariani.com\/fr\/elli-flli-chambres-enfants-delo\/\">Voir l&#8217;article<\/a>","protected":false},"author":1,"featured_media":0,"comment_status":"closed","ping_status":"closed","sticky":false,"template":"","format":"standard","meta":[],"categories":[36,1,39],"tags":[],"yoast_head":"<!-- This site is optimized with the Yoast SEO plugin v16.2 - https:\/\/yoast.com\/wordpress\/plugins\/seo\/ -->\n<meta name=\"description\" content=\"ELLI FLLI CHAMBRES ENFANTS DELO Delo pr\u00e9sente des chambres pour chaque style de vie et \u00e2ge. Delo n&#039;est pas seulement un programme de mobilier pour pour\" \/>\n<meta name=\"robots\" content=\"index, follow, max-snippet:-1, max-image-preview:large, max-video-preview:-1\" \/>\n<link rel=\"canonical\" href=\"https:\/\/www.mobilimariani.com\/fr\/elli-flli-chambres-enfants-delo\/\" \/>\n<meta property=\"og:locale\" content=\"fr_FR\" \/>\n<meta property=\"og:type\" content=\"article\" \/>\n<meta property=\"og:title\" content=\"ELLI FLLI CHAMBRES ENFANTS DELO | Mobili Mariani\" \/>\n<meta property=\"og:description\" content=\"ELLI FLLI CHAMBRES ENFANTS DELO Delo pr\u00e9sente des chambres pour chaque style de vie et \u00e2ge. Delo n&#039;est pas seulement un programme de mobilier pour pour\" \/>\n<meta property=\"og:url\" content=\"https:\/\/www.mobilimariani.com\/fr\/elli-flli-chambres-enfants-delo\/\" \/>\n<meta property=\"og:site_name\" content=\"Mobili Mariani\" \/>\n<meta property=\"article:published_time\" content=\"2017-10-08T07:50:01+00:00\" \/>\n<meta property=\"article:modified_time\" content=\"2020-09-05T09:54:44+00:00\" \/>\n<meta name=\"twitter:label1\" content=\"Est. reading time\">\n\t<meta name=\"twitter:data1\" content=\"1 minute\">\n<script type=\"application\/ld+json\" class=\"yoast-schema-graph\">{\"@context\":\"https:\/\/schema.org\",\"@graph\":[{\"@type\":\"Organization\",\"@id\":\"https:\/\/www.mobilimariani.com\/#organization\",\"name\":\"Mobili Mariani\",\"url\":\"https:\/\/www.mobilimariani.com\/\",\"sameAs\":[],\"logo\":{\"@type\":\"ImageObject\",\"@id\":\"https:\/\/www.mobilimariani.com\/#logo\",\"inLanguage\":\"fr-CH\",\"url\":\"https:\/\/www.mobilimariani.com\/wp-content\/uploads\/2015\/12\/logo.png\",\"contentUrl\":\"https:\/\/www.mobilimariani.com\/wp-content\/uploads\/2015\/12\/logo.png\",\"width\":160,\"height\":110,\"caption\":\"Mobili Mariani\"},\"image\":{\"@id\":\"https:\/\/www.mobilimariani.com\/#logo\"}},{\"@type\":\"WebSite\",\"@id\":\"https:\/\/www.mobilimariani.com\/#website\",\"url\":\"https:\/\/www.mobilimariani.com\/\",\"name\":\"Mobili Mariani\",\"description\":\"Mobili Italia Svizzera\",\"publisher\":{\"@id\":\"https:\/\/www.mobilimariani.com\/#organization\"},\"potentialAction\":[{\"@type\":\"SearchAction\",\"target\":\"https:\/\/www.mobilimariani.com\/?s={search_term_string}\",\"query-input\":\"required name=search_term_string\"}],\"inLanguage\":\"fr-CH\"},{\"@type\":\"WebPage\",\"@id\":\"https:\/\/www.mobilimariani.com\/fr\/elli-flli-chambres-enfants-delo\/#webpage\",\"url\":\"https:\/\/www.mobilimariani.com\/fr\/elli-flli-chambres-enfants-delo\/\",\"name\":\"ELLI FLLI CHAMBRES ENFANTS DELO | Mobili Mariani\",\"isPartOf\":{\"@id\":\"https:\/\/www.mobilimariani.com\/#website\"},\"datePublished\":\"2017-10-08T07:50:01+00:00\",\"dateModified\":\"2020-09-05T09:54:44+00:00\",\"description\":\"ELLI FLLI CHAMBRES ENFANTS DELO Delo pr\\u00e9sente des chambres pour chaque style de vie et \\u00e2ge. Delo n'est pas seulement un programme de mobilier pour pour\",\"breadcrumb\":{\"@id\":\"https:\/\/www.mobilimariani.com\/fr\/elli-flli-chambres-enfants-delo\/#breadcrumb\"},\"inLanguage\":\"fr-CH\",\"potentialAction\":[{\"@type\":\"ReadAction\",\"target\":[\"https:\/\/www.mobilimariani.com\/fr\/elli-flli-chambres-enfants-delo\/\"]}]},{\"@type\":\"BreadcrumbList\",\"@id\":\"https:\/\/www.mobilimariani.com\/fr\/elli-flli-chambres-enfants-delo\/#breadcrumb\",\"itemListElement\":[{\"@type\":\"ListItem\",\"position\":1,\"item\":{\"@type\":\"WebPage\",\"@id\":\"https:\/\/www.mobilimariani.com\/\",\"url\":\"https:\/\/www.mobilimariani.com\/\",\"name\":\"Home\"}},{\"@type\":\"ListItem\",\"position\":2,\"item\":{\"@id\":\"https:\/\/www.mobilimariani.com\/fr\/elli-flli-chambres-enfants-delo\/#webpage\"}}]},{\"@type\":\"Article\",\"@id\":\"https:\/\/www.mobilimariani.com\/fr\/elli-flli-chambres-enfants-delo\/#article\",\"isPartOf\":{\"@id\":\"https:\/\/www.mobilimariani.com\/fr\/elli-flli-chambres-enfants-delo\/#webpage\"},\"author\":{\"@id\":\"https:\/\/www.mobilimariani.com\/#\/schema\/person\/4685d9f51269134e53f988c9122315f4\"},\"headline\":\"ELLI FLLI CHAMBRES ENFANTS DELO\",\"datePublished\":\"2017-10-08T07:50:01+00:00\",\"dateModified\":\"2020-09-05T09:54:44+00:00\",\"mainEntityOfPage\":{\"@id\":\"https:\/\/www.mobilimariani.com\/fr\/elli-flli-chambres-enfants-delo\/#webpage\"},\"publisher\":{\"@id\":\"https:\/\/www.mobilimariani.com\/#organization\"},\"articleSection\":[\"Chambres d&rsquo;enfants\",\"Catalogue\",\"Mariani casual\"],\"inLanguage\":\"fr-CH\"},{\"@type\":\"Person\",\"@id\":\"https:\/\/www.mobilimariani.com\/#\/schema\/person\/4685d9f51269134e53f988c9122315f4\",\"name\":\"14m4rC008\",\"image\":{\"@type\":\"ImageObject\",\"@id\":\"https:\/\/www.mobilimariani.com\/#personlogo\",\"inLanguage\":\"fr-CH\",\"url\":\"https:\/\/secure.gravatar.com\/avatar\/dfaa6e536fec7030712cf850e9ddef45?s=96&d=mm&r=g\",\"contentUrl\":\"https:\/\/secure.gravatar.com\/avatar\/dfaa6e536fec7030712cf850e9ddef45?s=96&d=mm&r=g\",\"caption\":\"14m4rC008\"}}]}<\/script>\n<!-- \/ Yoast SEO plugin. -->","_links":{"self":[{"href":"https:\/\/www.mobilimariani.com\/fr\/wp-json\/wp\/v2\/posts\/19761"}],"collection":[{"href":"https:\/\/www.mobilimariani.com\/fr\/wp-json\/wp\/v2\/posts"}],"about":[{"href":"https:\/\/www.mobilimariani.com\/fr\/wp-json\/wp\/v2\/types\/post"}],"author":[{"embeddable":true,"href":"https:\/\/www.mobilimariani.com\/fr\/wp-json\/wp\/v2\/users\/1"}],"replies":[{"embeddable":true,"href":"https:\/\/www.mobilimariani.com\/fr\/wp-json\/wp\/v2\/comments?post=19761"}],"version-history":[{"count":2,"href":"https:\/\/www.mobilimariani.com\/fr\/wp-json\/wp\/v2\/posts\/19761\/revisions"}],"predecessor-version":[{"id":25430,"href":"https:\/\/www.mobilimariani.com\/fr\/wp-json\/wp\/v2\/posts\/19761\/revisions\/25430"}],"wp:attachment":[{"href":"https:\/\/www.mobilimariani.com\/fr\/wp-json\/wp\/v2\/media?parent=19761"}],"wp:term":[{"taxonomy":"category","embeddable":true,"href":"https:\/\/www.mobilimariani.com\/fr\/wp-json\/wp\/v2\/categories?post=19761"},{"taxonomy":"post_tag","embeddable":true,"href":"https:\/\/www.mobilimariani.com\/fr\/wp-json\/wp\/v2\/tags?post=19761"}],"curies":[{"name":"wp","href":"https:\/\/api.w.org\/{rel}","templated":true}]}}