{"id":19726,"date":"2014-01-01T18:43:52","date_gmt":"2014-01-01T17:43:52","guid":{"rendered":"https:\/\/www.mobilimariani.com\/?p=19726"},"modified":"2018-06-09T17:54:14","modified_gmt":"2018-06-09T15:54:14","slug":"natevo-petite-table-et-pouf-pulsar","status":"publish","type":"post","link":"https:\/\/www.mobilimariani.com\/fr\/natevo-petite-table-et-pouf-pulsar\/","title":{"rendered":"NATEVO PETITE TABLE ET POUF PULSAR"},"content":{"rendered":"<p>NATEVO PETITE TABLE ET POUF PULSAR\u00a0design Thesia Progetti &#8211;\u00a0INDISPONIBLE<\/p>\n<p>PULSAR LARGE<br \/>\nCette petite table se pr\u00eate \u00e0 \u00e9clairer le salon ou la chambre d&#8217;un appartement, mais aussi l&#8217;int\u00e9rieur d&#8217;un endroit \u00e0 la mode. Gr\u00e2ce \u00e0 son \u00e9tag\u00e8re en verre amovible, elle devient un conteneur \u00e0 l&#8217;int\u00e9rieur duquel ins\u00e9rer, valorizer et,pourquoi pas, enrichir les objets. Fabriqu\u00e9 en tubulaire d&#8217;acier et compl\u00e8tement recouvert de maille \u00e9lastique, Pulsar Large est un point d&#8217;appui confortable, mais aussi un conteneur \u00e9clairant d&#8217;impact. En fait, les Del plac\u00e9es \u00e0 la base de la table vous permettent d&#8217;illuminer de dessous tout ce qui se trouve \u00e0 l&#8217;int\u00e9rieur. Disponible en trois couleurs: \u2022 noir avec dessus de verre noir \u2022 naturel avec dessus de verre bronz\u00e9 \u2022 blanc avec dessus en verre tr\u00e8s clair.<\/p>\n<p>PULSAR POUF<\/p>\n<p>Aussi dans la version Pouf, Pulsar se pr\u00eate \u00e0 \u00e9clairer le salon, la chambre d&#8217;un appartement &#8216;int\u00e9rieur d&#8217;unendroit \u00e0 la mode. Gr\u00e2ce \u00e0 son coussin amovible, il devient un conteneur \u00e0 l&#8217;int\u00e9rieur duquel ins\u00e9rer, valorizer et, pourquoi pas, enrichir les objets.Fabriqu\u00e9 en tubulaire d&#8217;acier, et compl\u00e8tement recouvert de maille \u00e9lastique,\u00a0\u00e9quip\u00e9 d&#8217;un confortable coussin en \u00e9co-cuir, Pulsar Pouf est un tabouret particulier, mais aussi un conteneur \u00e9clairant d&#8217;impact. es Del plac\u00e9es \u00e0 la base de la table vous permettent d&#8217;illuminer de dessous tout ce qui se trouve \u00e0 l&#8217;int\u00e9rieur. Disponible en trois couleurs: \u2022 noir avec coussin en \u00e9co-cuir noir \u2022 naturel avec coussin en \u00e9co-cuir sable\u2022 blanc avec coussin en \u00e9co-cuir blanc.<\/p>\n<p>Pour d\u00e9couvrir la marque Natevo\u00a0<a href=\"https:\/\/www.mobilimariani.com\/rivenditore-natevo\/?lang=fr\">cliquez ici<\/a><\/p>\n<p>Vous voulez conna\u00eetre notre meilleur prix pour cet article?\u00a0<a href=\"https:\/\/www.mobilimariani.com\/fr\/contacts\/\">Cliquez ici<\/a>\u00a0et envoyez-nous la demande<\/p>\n<p>Signale le lieu de livraison.<\/p>\n<p>Nous livrons dans toute l\u2019Europe,\u00a0Canada, Etats-Unis, Russie, Emirats Arabes Unis et o\u00f9 que vous soyez<\/p>\n","protected":false},"excerpt":{"rendered":"NATEVO PETITE TABLE ET POUF PULSAR\u00a0design Thesia Progetti &#8211;\u00a0INDISPONIBLE PULSAR LARGE Cette petite table se pr\u00eate \u00e0 \u00e9clairer le salon ou la chambre d&#8217;un appartement, mais aussi l&#8217;int\u00e9rieur d&#8217;un endroit \u00e0 la mode. Gr\u00e2ce \u00e0 son \u00e9tag\u00e8re en verre amovible, elle devient un conteneur \u00e0 l&#8217;int\u00e9rieur duquel ins\u00e9rer, valorizer et,pourquoi pas, enrichir les objets. Fabriqu\u00e9&#8230; <a class=\"view-article\" href=\"https:\/\/www.mobilimariani.com\/fr\/natevo-petite-table-et-pouf-pulsar\/\">Voir l&#8217;article<\/a>","protected":false},"author":1,"featured_media":0,"comment_status":"closed","ping_status":"closed","sticky":false,"template":"","format":"standard","meta":[],"categories":[18,1,37],"tags":[],"yoast_head":"<!-- This site is optimized with the Yoast SEO plugin v16.2 - https:\/\/yoast.com\/wordpress\/plugins\/seo\/ -->\n<meta name=\"description\" content=\"NATEVO PETITE TABLE ET POUF PULSAR\u00a0design Thesia Progetti -\u00a0INDISPONIBLE PULSAR LARGE Cette petite table se pr\u00eate \u00e0 \u00e9clairer le salon ou la chambre d&#039;un\" \/>\n<meta name=\"robots\" content=\"index, follow, max-snippet:-1, max-image-preview:large, max-video-preview:-1\" \/>\n<link rel=\"canonical\" href=\"https:\/\/www.mobilimariani.com\/fr\/natevo-petite-table-et-pouf-pulsar\/\" \/>\n<meta property=\"og:locale\" content=\"fr_FR\" \/>\n<meta property=\"og:type\" content=\"article\" \/>\n<meta property=\"og:title\" content=\"NATEVO PETITE TABLE ET POUF PULSAR | Mobili Mariani\" \/>\n<meta property=\"og:description\" content=\"NATEVO PETITE TABLE ET POUF PULSAR\u00a0design Thesia Progetti -\u00a0INDISPONIBLE PULSAR LARGE Cette petite table se pr\u00eate \u00e0 \u00e9clairer le salon ou la chambre d&#039;un\" \/>\n<meta property=\"og:url\" content=\"https:\/\/www.mobilimariani.com\/fr\/natevo-petite-table-et-pouf-pulsar\/\" \/>\n<meta property=\"og:site_name\" content=\"Mobili Mariani\" \/>\n<meta property=\"article:published_time\" content=\"2014-01-01T17:43:52+00:00\" \/>\n<meta property=\"article:modified_time\" content=\"2018-06-09T15:54:14+00:00\" \/>\n<meta name=\"twitter:label1\" content=\"Est. reading time\">\n\t<meta name=\"twitter:data1\" content=\"1 minute\">\n<script type=\"application\/ld+json\" class=\"yoast-schema-graph\">{\"@context\":\"https:\/\/schema.org\",\"@graph\":[{\"@type\":\"Organization\",\"@id\":\"https:\/\/www.mobilimariani.com\/#organization\",\"name\":\"Mobili Mariani\",\"url\":\"https:\/\/www.mobilimariani.com\/\",\"sameAs\":[],\"logo\":{\"@type\":\"ImageObject\",\"@id\":\"https:\/\/www.mobilimariani.com\/#logo\",\"inLanguage\":\"fr-CH\",\"url\":\"https:\/\/www.mobilimariani.com\/wp-content\/uploads\/2015\/12\/logo.png\",\"contentUrl\":\"https:\/\/www.mobilimariani.com\/wp-content\/uploads\/2015\/12\/logo.png\",\"width\":160,\"height\":110,\"caption\":\"Mobili Mariani\"},\"image\":{\"@id\":\"https:\/\/www.mobilimariani.com\/#logo\"}},{\"@type\":\"WebSite\",\"@id\":\"https:\/\/www.mobilimariani.com\/#website\",\"url\":\"https:\/\/www.mobilimariani.com\/\",\"name\":\"Mobili Mariani\",\"description\":\"Mobili Italia Svizzera\",\"publisher\":{\"@id\":\"https:\/\/www.mobilimariani.com\/#organization\"},\"potentialAction\":[{\"@type\":\"SearchAction\",\"target\":\"https:\/\/www.mobilimariani.com\/?s={search_term_string}\",\"query-input\":\"required name=search_term_string\"}],\"inLanguage\":\"fr-CH\"},{\"@type\":\"WebPage\",\"@id\":\"https:\/\/www.mobilimariani.com\/fr\/natevo-petite-table-et-pouf-pulsar\/#webpage\",\"url\":\"https:\/\/www.mobilimariani.com\/fr\/natevo-petite-table-et-pouf-pulsar\/\",\"name\":\"NATEVO PETITE TABLE ET POUF PULSAR | Mobili Mariani\",\"isPartOf\":{\"@id\":\"https:\/\/www.mobilimariani.com\/#website\"},\"datePublished\":\"2014-01-01T17:43:52+00:00\",\"dateModified\":\"2018-06-09T15:54:14+00:00\",\"description\":\"NATEVO PETITE TABLE ET POUF PULSAR\\u00a0design Thesia Progetti -\\u00a0INDISPONIBLE PULSAR LARGE Cette petite table se pr\\u00eate \\u00e0 \\u00e9clairer le salon ou la chambre d'un\",\"breadcrumb\":{\"@id\":\"https:\/\/www.mobilimariani.com\/fr\/natevo-petite-table-et-pouf-pulsar\/#breadcrumb\"},\"inLanguage\":\"fr-CH\",\"potentialAction\":[{\"@type\":\"ReadAction\",\"target\":[\"https:\/\/www.mobilimariani.com\/fr\/natevo-petite-table-et-pouf-pulsar\/\"]}]},{\"@type\":\"BreadcrumbList\",\"@id\":\"https:\/\/www.mobilimariani.com\/fr\/natevo-petite-table-et-pouf-pulsar\/#breadcrumb\",\"itemListElement\":[{\"@type\":\"ListItem\",\"position\":1,\"item\":{\"@type\":\"WebPage\",\"@id\":\"https:\/\/www.mobilimariani.com\/\",\"url\":\"https:\/\/www.mobilimariani.com\/\",\"name\":\"Home\"}},{\"@type\":\"ListItem\",\"position\":2,\"item\":{\"@id\":\"https:\/\/www.mobilimariani.com\/fr\/natevo-petite-table-et-pouf-pulsar\/#webpage\"}}]},{\"@type\":\"Article\",\"@id\":\"https:\/\/www.mobilimariani.com\/fr\/natevo-petite-table-et-pouf-pulsar\/#article\",\"isPartOf\":{\"@id\":\"https:\/\/www.mobilimariani.com\/fr\/natevo-petite-table-et-pouf-pulsar\/#webpage\"},\"author\":{\"@id\":\"https:\/\/www.mobilimariani.com\/#\/schema\/person\/4685d9f51269134e53f988c9122315f4\"},\"headline\":\"NATEVO PETITE TABLE ET POUF PULSAR\",\"datePublished\":\"2014-01-01T17:43:52+00:00\",\"dateModified\":\"2018-06-09T15:54:14+00:00\",\"mainEntityOfPage\":{\"@id\":\"https:\/\/www.mobilimariani.com\/fr\/natevo-petite-table-et-pouf-pulsar\/#webpage\"},\"publisher\":{\"@id\":\"https:\/\/www.mobilimariani.com\/#organization\"},\"articleSection\":[\"Autre\",\"Catalogue\",\"Contract\"],\"inLanguage\":\"fr-CH\"},{\"@type\":\"Person\",\"@id\":\"https:\/\/www.mobilimariani.com\/#\/schema\/person\/4685d9f51269134e53f988c9122315f4\",\"name\":\"14m4rC008\",\"image\":{\"@type\":\"ImageObject\",\"@id\":\"https:\/\/www.mobilimariani.com\/#personlogo\",\"inLanguage\":\"fr-CH\",\"url\":\"https:\/\/secure.gravatar.com\/avatar\/dfaa6e536fec7030712cf850e9ddef45?s=96&d=mm&r=g\",\"contentUrl\":\"https:\/\/secure.gravatar.com\/avatar\/dfaa6e536fec7030712cf850e9ddef45?s=96&d=mm&r=g\",\"caption\":\"14m4rC008\"}}]}<\/script>\n<!-- \/ Yoast SEO plugin. -->","_links":{"self":[{"href":"https:\/\/www.mobilimariani.com\/fr\/wp-json\/wp\/v2\/posts\/19726"}],"collection":[{"href":"https:\/\/www.mobilimariani.com\/fr\/wp-json\/wp\/v2\/posts"}],"about":[{"href":"https:\/\/www.mobilimariani.com\/fr\/wp-json\/wp\/v2\/types\/post"}],"author":[{"embeddable":true,"href":"https:\/\/www.mobilimariani.com\/fr\/wp-json\/wp\/v2\/users\/1"}],"replies":[{"embeddable":true,"href":"https:\/\/www.mobilimariani.com\/fr\/wp-json\/wp\/v2\/comments?post=19726"}],"version-history":[{"count":2,"href":"https:\/\/www.mobilimariani.com\/fr\/wp-json\/wp\/v2\/posts\/19726\/revisions"}],"predecessor-version":[{"id":21535,"href":"https:\/\/www.mobilimariani.com\/fr\/wp-json\/wp\/v2\/posts\/19726\/revisions\/21535"}],"wp:attachment":[{"href":"https:\/\/www.mobilimariani.com\/fr\/wp-json\/wp\/v2\/media?parent=19726"}],"wp:term":[{"taxonomy":"category","embeddable":true,"href":"https:\/\/www.mobilimariani.com\/fr\/wp-json\/wp\/v2\/categories?post=19726"},{"taxonomy":"post_tag","embeddable":true,"href":"https:\/\/www.mobilimariani.com\/fr\/wp-json\/wp\/v2\/tags?post=19726"}],"curies":[{"name":"wp","href":"https:\/\/api.w.org\/{rel}","templated":true}]}}