{"id":19708,"date":"2014-01-01T15:06:59","date_gmt":"2014-01-01T14:06:59","guid":{"rendered":"https:\/\/www.mobilimariani.com\/?p=19708"},"modified":"2018-06-09T17:49:21","modified_gmt":"2018-06-09T15:49:21","slug":"natevo-portemanteau-lucciola","status":"publish","type":"post","link":"https:\/\/www.mobilimariani.com\/fr\/natevo-portemanteau-lucciola\/","title":{"rendered":"NATEVO PORTEMANTEAU LUCCIOLA"},"content":{"rendered":"<p>NATEVO PORTEMANTEAU LUCCIOLA design Doro Design &#8211;\u00a0INDISPONIBLE<\/p>\n<p>Lucciola est la d\u00e9monstration de la fa\u00e7on dont les mat\u00e9riaux solides tels que le ciment et le fer appliqu\u00e9s \u00e0 un produit d&#8217;ameublement peuvent donner des r\u00e9sultats de grande l\u00e9g\u00e8ret\u00e9. DoroDesign a su interpr\u00e9ter de mani\u00e8re cr\u00e9ative le th\u00e8me des meubles avec lumi\u00e8re int\u00e9gr\u00e9e, en le transformant en un \u00e9l\u00e9ment qui est \u00e0 la fois portemanteau, porte-parapluies et r\u00e9cipient lumeux. Sa forme est inspir\u00e9e de la nature: un arbre de son tronc cr\u00e9e des branches lumineuses qui donnent de la personnalit\u00e9 et des suggestions \u00e0 l&#8217;environnement. Facile \u00e0 ins\u00e9rer dans n&#8217;importe quel contexte, Lucciola cr\u00e9e une atmosph\u00e8re magique: les dels int\u00e9gr\u00e9s aux extr\u00e9mit\u00e9s des branches ont une fonction esth\u00e9tique mais en m\u00eame temps garantissent un \u00e9clairage parfait.<\/p>\n<p>Pour d\u00e9couvrir la marque Natevo\u00a0<a href=\"https:\/\/www.mobilimariani.com\/rivenditore-natevo\/?lang=fr\">cliquez ici<\/a><\/p>\n<p>Vous voulez conna\u00eetre notre meilleur prix pour cet article?\u00a0<a href=\"https:\/\/www.mobilimariani.com\/fr\/contacts\/\">Cliquez ici<\/a>\u00a0et envoyez-nous la demande<\/p>\n<p>Signale le lieu de livraison et si le montage est n\u00e9c\u00e9ssaire.<\/p>\n<p>Nous livrons dans toute l\u2019Europe,\u00a0Canada, Etats-Unis, Russie, Emirats Arabes Unis et o\u00f9 que vous soyez<\/p>\n","protected":false},"excerpt":{"rendered":"NATEVO PORTEMANTEAU LUCCIOLA design Doro Design &#8211;\u00a0INDISPONIBLE Lucciola est la d\u00e9monstration de la fa\u00e7on dont les mat\u00e9riaux solides tels que le ciment et le fer appliqu\u00e9s \u00e0 un produit d&#8217;ameublement peuvent donner des r\u00e9sultats de grande l\u00e9g\u00e8ret\u00e9. DoroDesign a su interpr\u00e9ter de mani\u00e8re cr\u00e9ative le th\u00e8me des meubles avec lumi\u00e8re int\u00e9gr\u00e9e, en le transformant en&#8230; <a class=\"view-article\" href=\"https:\/\/www.mobilimariani.com\/fr\/natevo-portemanteau-lucciola\/\">Voir l&#8217;article<\/a>","protected":false},"author":1,"featured_media":0,"comment_status":"closed","ping_status":"closed","sticky":false,"template":"","format":"standard","meta":[],"categories":[18,1,37],"tags":[],"yoast_head":"<!-- This site is optimized with the Yoast SEO plugin v16.2 - https:\/\/yoast.com\/wordpress\/plugins\/seo\/ -->\n<meta name=\"description\" content=\"NATEVO PORTEMANTEAU LUCCIOLA design Doro Design -\u00a0INDISPONIBLE Lucciola est la d\u00e9monstration de la fa\u00e7on dont les mat\u00e9riaux solides tels que le ciment et\" \/>\n<meta name=\"robots\" content=\"index, follow, max-snippet:-1, max-image-preview:large, max-video-preview:-1\" \/>\n<link rel=\"canonical\" href=\"https:\/\/www.mobilimariani.com\/fr\/natevo-portemanteau-lucciola\/\" \/>\n<meta property=\"og:locale\" content=\"fr_FR\" \/>\n<meta property=\"og:type\" content=\"article\" \/>\n<meta property=\"og:title\" content=\"NATEVO PORTEMANTEAU LUCCIOLA | Mobili Mariani\" \/>\n<meta property=\"og:description\" content=\"NATEVO PORTEMANTEAU LUCCIOLA design Doro Design -\u00a0INDISPONIBLE Lucciola est la d\u00e9monstration de la fa\u00e7on dont les mat\u00e9riaux solides tels que le ciment et\" \/>\n<meta property=\"og:url\" content=\"https:\/\/www.mobilimariani.com\/fr\/natevo-portemanteau-lucciola\/\" \/>\n<meta property=\"og:site_name\" content=\"Mobili Mariani\" \/>\n<meta property=\"article:published_time\" content=\"2014-01-01T14:06:59+00:00\" \/>\n<meta property=\"article:modified_time\" content=\"2018-06-09T15:49:21+00:00\" \/>\n<meta name=\"twitter:label1\" content=\"Est. reading time\">\n\t<meta name=\"twitter:data1\" content=\"1 minute\">\n<script type=\"application\/ld+json\" class=\"yoast-schema-graph\">{\"@context\":\"https:\/\/schema.org\",\"@graph\":[{\"@type\":\"Organization\",\"@id\":\"https:\/\/www.mobilimariani.com\/#organization\",\"name\":\"Mobili Mariani\",\"url\":\"https:\/\/www.mobilimariani.com\/\",\"sameAs\":[],\"logo\":{\"@type\":\"ImageObject\",\"@id\":\"https:\/\/www.mobilimariani.com\/#logo\",\"inLanguage\":\"fr-CH\",\"url\":\"https:\/\/www.mobilimariani.com\/wp-content\/uploads\/2015\/12\/logo.png\",\"contentUrl\":\"https:\/\/www.mobilimariani.com\/wp-content\/uploads\/2015\/12\/logo.png\",\"width\":160,\"height\":110,\"caption\":\"Mobili Mariani\"},\"image\":{\"@id\":\"https:\/\/www.mobilimariani.com\/#logo\"}},{\"@type\":\"WebSite\",\"@id\":\"https:\/\/www.mobilimariani.com\/#website\",\"url\":\"https:\/\/www.mobilimariani.com\/\",\"name\":\"Mobili Mariani\",\"description\":\"Mobili Italia Svizzera\",\"publisher\":{\"@id\":\"https:\/\/www.mobilimariani.com\/#organization\"},\"potentialAction\":[{\"@type\":\"SearchAction\",\"target\":\"https:\/\/www.mobilimariani.com\/?s={search_term_string}\",\"query-input\":\"required name=search_term_string\"}],\"inLanguage\":\"fr-CH\"},{\"@type\":\"WebPage\",\"@id\":\"https:\/\/www.mobilimariani.com\/fr\/natevo-portemanteau-lucciola\/#webpage\",\"url\":\"https:\/\/www.mobilimariani.com\/fr\/natevo-portemanteau-lucciola\/\",\"name\":\"NATEVO PORTEMANTEAU LUCCIOLA | Mobili Mariani\",\"isPartOf\":{\"@id\":\"https:\/\/www.mobilimariani.com\/#website\"},\"datePublished\":\"2014-01-01T14:06:59+00:00\",\"dateModified\":\"2018-06-09T15:49:21+00:00\",\"description\":\"NATEVO PORTEMANTEAU LUCCIOLA design Doro Design -\\u00a0INDISPONIBLE Lucciola est la d\\u00e9monstration de la fa\\u00e7on dont les mat\\u00e9riaux solides tels que le ciment et\",\"breadcrumb\":{\"@id\":\"https:\/\/www.mobilimariani.com\/fr\/natevo-portemanteau-lucciola\/#breadcrumb\"},\"inLanguage\":\"fr-CH\",\"potentialAction\":[{\"@type\":\"ReadAction\",\"target\":[\"https:\/\/www.mobilimariani.com\/fr\/natevo-portemanteau-lucciola\/\"]}]},{\"@type\":\"BreadcrumbList\",\"@id\":\"https:\/\/www.mobilimariani.com\/fr\/natevo-portemanteau-lucciola\/#breadcrumb\",\"itemListElement\":[{\"@type\":\"ListItem\",\"position\":1,\"item\":{\"@type\":\"WebPage\",\"@id\":\"https:\/\/www.mobilimariani.com\/\",\"url\":\"https:\/\/www.mobilimariani.com\/\",\"name\":\"Home\"}},{\"@type\":\"ListItem\",\"position\":2,\"item\":{\"@id\":\"https:\/\/www.mobilimariani.com\/fr\/natevo-portemanteau-lucciola\/#webpage\"}}]},{\"@type\":\"Article\",\"@id\":\"https:\/\/www.mobilimariani.com\/fr\/natevo-portemanteau-lucciola\/#article\",\"isPartOf\":{\"@id\":\"https:\/\/www.mobilimariani.com\/fr\/natevo-portemanteau-lucciola\/#webpage\"},\"author\":{\"@id\":\"https:\/\/www.mobilimariani.com\/#\/schema\/person\/4685d9f51269134e53f988c9122315f4\"},\"headline\":\"NATEVO PORTEMANTEAU LUCCIOLA\",\"datePublished\":\"2014-01-01T14:06:59+00:00\",\"dateModified\":\"2018-06-09T15:49:21+00:00\",\"mainEntityOfPage\":{\"@id\":\"https:\/\/www.mobilimariani.com\/fr\/natevo-portemanteau-lucciola\/#webpage\"},\"publisher\":{\"@id\":\"https:\/\/www.mobilimariani.com\/#organization\"},\"articleSection\":[\"Autre\",\"Catalogue\",\"Contract\"],\"inLanguage\":\"fr-CH\"},{\"@type\":\"Person\",\"@id\":\"https:\/\/www.mobilimariani.com\/#\/schema\/person\/4685d9f51269134e53f988c9122315f4\",\"name\":\"14m4rC008\",\"image\":{\"@type\":\"ImageObject\",\"@id\":\"https:\/\/www.mobilimariani.com\/#personlogo\",\"inLanguage\":\"fr-CH\",\"url\":\"https:\/\/secure.gravatar.com\/avatar\/dfaa6e536fec7030712cf850e9ddef45?s=96&d=mm&r=g\",\"contentUrl\":\"https:\/\/secure.gravatar.com\/avatar\/dfaa6e536fec7030712cf850e9ddef45?s=96&d=mm&r=g\",\"caption\":\"14m4rC008\"}}]}<\/script>\n<!-- \/ Yoast SEO plugin. -->","_links":{"self":[{"href":"https:\/\/www.mobilimariani.com\/fr\/wp-json\/wp\/v2\/posts\/19708"}],"collection":[{"href":"https:\/\/www.mobilimariani.com\/fr\/wp-json\/wp\/v2\/posts"}],"about":[{"href":"https:\/\/www.mobilimariani.com\/fr\/wp-json\/wp\/v2\/types\/post"}],"author":[{"embeddable":true,"href":"https:\/\/www.mobilimariani.com\/fr\/wp-json\/wp\/v2\/users\/1"}],"replies":[{"embeddable":true,"href":"https:\/\/www.mobilimariani.com\/fr\/wp-json\/wp\/v2\/comments?post=19708"}],"version-history":[{"count":3,"href":"https:\/\/www.mobilimariani.com\/fr\/wp-json\/wp\/v2\/posts\/19708\/revisions"}],"predecessor-version":[{"id":21533,"href":"https:\/\/www.mobilimariani.com\/fr\/wp-json\/wp\/v2\/posts\/19708\/revisions\/21533"}],"wp:attachment":[{"href":"https:\/\/www.mobilimariani.com\/fr\/wp-json\/wp\/v2\/media?parent=19708"}],"wp:term":[{"taxonomy":"category","embeddable":true,"href":"https:\/\/www.mobilimariani.com\/fr\/wp-json\/wp\/v2\/categories?post=19708"},{"taxonomy":"post_tag","embeddable":true,"href":"https:\/\/www.mobilimariani.com\/fr\/wp-json\/wp\/v2\/tags?post=19708"}],"curies":[{"name":"wp","href":"https:\/\/api.w.org\/{rel}","templated":true}]}}