{"id":19706,"date":"2017-09-27T14:57:30","date_gmt":"2017-09-27T12:57:30","guid":{"rendered":"https:\/\/www.mobilimariani.com\/?p=19706"},"modified":"2019-04-06T17:54:47","modified_gmt":"2019-04-06T15:54:47","slug":"natevo-bibliotheque-cclight","status":"publish","type":"post","link":"https:\/\/www.mobilimariani.com\/fr\/natevo-bibliotheque-cclight\/","title":{"rendered":"NATEVO BIBLIOTHEQUE CCLIGHT"},"content":{"rendered":"<p>NATEVO BIBLIOTHEQUE CCLIGHT\u00a0design Carlo Colombo<\/p>\n<p>Le c\u00e9l\u00e8bre designer voulait offrir une vision du concept de lumi\u00e8re inn\u00e9e qui inspire toute la collection Natevo. Fabriqu\u00e9 en profil\u00e9s en aluminium et inspir\u00e9 du concept de minimalisme extr\u00eame, cette\u00a0<span lang=\"fr\">biblioth\u00e8que\u00a0<\/span>permet \u00e0 la lumi\u00e8re des del positionn\u00e9s sur la premi\u00e8re et la troisi\u00e8me colonne,de cr\u00e9er des formes inhabituelles et incroyables sur le mur o\u00f9 elle repose. Mais l&#8217;aspect esth\u00e9tique enrichissant de cette pi\u00e8ce est compens\u00e9 par une caract\u00e9ristique utile et pratique: avec trois biblioth\u00e8ques CCLight allum\u00e9es dans une pi\u00e8ce, vous aurez une lumi\u00e8re \u00e9gale \u00e0 celle d&#8217;un lampadaire\u00a0normal. Disponible en deux hauteurs diff\u00e9rentes en couleurs: blanc, bruni opaque, noir et anodic bronze.<\/p>\n<p>Pour d\u00e9couvrir la marque Natevo\u00a0<a href=\"https:\/\/www.mobilimariani.com\/rivenditore-natevo\/?lang=fr\">cliquez ici<\/a><\/p>\n<p>Vous voulez conna\u00eetre notre meilleur prix pour cet article?\u00a0<a href=\"https:\/\/www.mobilimariani.com\/fr\/contacts\/\">Cliquez ici<\/a>\u00a0et envoyez-nous la demande<\/p>\n<p>Signale le lieu de livraison et si le montage est n\u00e9c\u00e9ssaire.<\/p>\n<p>Nous livrons dans toute l\u2019Europe,\u00a0Canada, Etats-Unis, Russie, Emirats Arabes Unis et o\u00f9 que vous soyez<\/p>\n","protected":false},"excerpt":{"rendered":"NATEVO BIBLIOTHEQUE CCLIGHT\u00a0design Carlo Colombo Le c\u00e9l\u00e8bre designer voulait offrir une vision du concept de lumi\u00e8re inn\u00e9e qui inspire toute la collection Natevo. Fabriqu\u00e9 en profil\u00e9s en aluminium et inspir\u00e9 du concept de minimalisme extr\u00eame, cette\u00a0biblioth\u00e8que\u00a0permet \u00e0 la lumi\u00e8re des del positionn\u00e9s sur la premi\u00e8re et la troisi\u00e8me colonne,de cr\u00e9er des formes inhabituelles et incroyables&#8230; <a class=\"view-article\" href=\"https:\/\/www.mobilimariani.com\/fr\/natevo-bibliotheque-cclight\/\">Voir l&#8217;article<\/a>","protected":false},"author":1,"featured_media":0,"comment_status":"closed","ping_status":"closed","sticky":false,"template":"","format":"standard","meta":[],"categories":[1,6],"tags":[],"yoast_head":"<!-- This site is optimized with the Yoast SEO plugin v16.2 - https:\/\/yoast.com\/wordpress\/plugins\/seo\/ -->\n<meta name=\"description\" content=\"NATEVO BIBLIOTHEQUE CCLIGHT\u00a0design Carlo Colombo Le c\u00e9l\u00e8bre designer voulait offrir une vision du concept de lumi\u00e8re inn\u00e9e qui inspire toute la collection\" \/>\n<meta name=\"robots\" content=\"index, follow, max-snippet:-1, max-image-preview:large, max-video-preview:-1\" \/>\n<link rel=\"canonical\" href=\"https:\/\/www.mobilimariani.com\/fr\/natevo-bibliotheque-cclight\/\" \/>\n<meta property=\"og:locale\" content=\"fr_FR\" \/>\n<meta property=\"og:type\" content=\"article\" \/>\n<meta property=\"og:title\" content=\"NATEVO BIBLIOTHEQUE CCLIGHT | Mobili Mariani\" \/>\n<meta property=\"og:description\" content=\"NATEVO BIBLIOTHEQUE CCLIGHT\u00a0design Carlo Colombo Le c\u00e9l\u00e8bre designer voulait offrir une vision du concept de lumi\u00e8re inn\u00e9e qui inspire toute la collection\" \/>\n<meta property=\"og:url\" content=\"https:\/\/www.mobilimariani.com\/fr\/natevo-bibliotheque-cclight\/\" \/>\n<meta property=\"og:site_name\" content=\"Mobili Mariani\" \/>\n<meta property=\"article:published_time\" content=\"2017-09-27T12:57:30+00:00\" \/>\n<meta property=\"article:modified_time\" content=\"2019-04-06T15:54:47+00:00\" \/>\n<meta name=\"twitter:label1\" content=\"Est. reading time\">\n\t<meta name=\"twitter:data1\" content=\"1 minute\">\n<script type=\"application\/ld+json\" class=\"yoast-schema-graph\">{\"@context\":\"https:\/\/schema.org\",\"@graph\":[{\"@type\":\"Organization\",\"@id\":\"https:\/\/www.mobilimariani.com\/#organization\",\"name\":\"Mobili Mariani\",\"url\":\"https:\/\/www.mobilimariani.com\/\",\"sameAs\":[],\"logo\":{\"@type\":\"ImageObject\",\"@id\":\"https:\/\/www.mobilimariani.com\/#logo\",\"inLanguage\":\"fr-CH\",\"url\":\"https:\/\/www.mobilimariani.com\/wp-content\/uploads\/2015\/12\/logo.png\",\"contentUrl\":\"https:\/\/www.mobilimariani.com\/wp-content\/uploads\/2015\/12\/logo.png\",\"width\":160,\"height\":110,\"caption\":\"Mobili Mariani\"},\"image\":{\"@id\":\"https:\/\/www.mobilimariani.com\/#logo\"}},{\"@type\":\"WebSite\",\"@id\":\"https:\/\/www.mobilimariani.com\/#website\",\"url\":\"https:\/\/www.mobilimariani.com\/\",\"name\":\"Mobili Mariani\",\"description\":\"Mobili Italia Svizzera\",\"publisher\":{\"@id\":\"https:\/\/www.mobilimariani.com\/#organization\"},\"potentialAction\":[{\"@type\":\"SearchAction\",\"target\":\"https:\/\/www.mobilimariani.com\/?s={search_term_string}\",\"query-input\":\"required name=search_term_string\"}],\"inLanguage\":\"fr-CH\"},{\"@type\":\"WebPage\",\"@id\":\"https:\/\/www.mobilimariani.com\/fr\/natevo-bibliotheque-cclight\/#webpage\",\"url\":\"https:\/\/www.mobilimariani.com\/fr\/natevo-bibliotheque-cclight\/\",\"name\":\"NATEVO BIBLIOTHEQUE CCLIGHT | Mobili Mariani\",\"isPartOf\":{\"@id\":\"https:\/\/www.mobilimariani.com\/#website\"},\"datePublished\":\"2017-09-27T12:57:30+00:00\",\"dateModified\":\"2019-04-06T15:54:47+00:00\",\"description\":\"NATEVO BIBLIOTHEQUE CCLIGHT\\u00a0design Carlo Colombo Le c\\u00e9l\\u00e8bre designer voulait offrir une vision du concept de lumi\\u00e8re inn\\u00e9e qui inspire toute la collection\",\"breadcrumb\":{\"@id\":\"https:\/\/www.mobilimariani.com\/fr\/natevo-bibliotheque-cclight\/#breadcrumb\"},\"inLanguage\":\"fr-CH\",\"potentialAction\":[{\"@type\":\"ReadAction\",\"target\":[\"https:\/\/www.mobilimariani.com\/fr\/natevo-bibliotheque-cclight\/\"]}]},{\"@type\":\"BreadcrumbList\",\"@id\":\"https:\/\/www.mobilimariani.com\/fr\/natevo-bibliotheque-cclight\/#breadcrumb\",\"itemListElement\":[{\"@type\":\"ListItem\",\"position\":1,\"item\":{\"@type\":\"WebPage\",\"@id\":\"https:\/\/www.mobilimariani.com\/\",\"url\":\"https:\/\/www.mobilimariani.com\/\",\"name\":\"Home\"}},{\"@type\":\"ListItem\",\"position\":2,\"item\":{\"@id\":\"https:\/\/www.mobilimariani.com\/fr\/natevo-bibliotheque-cclight\/#webpage\"}}]},{\"@type\":\"Article\",\"@id\":\"https:\/\/www.mobilimariani.com\/fr\/natevo-bibliotheque-cclight\/#article\",\"isPartOf\":{\"@id\":\"https:\/\/www.mobilimariani.com\/fr\/natevo-bibliotheque-cclight\/#webpage\"},\"author\":{\"@id\":\"https:\/\/www.mobilimariani.com\/#\/schema\/person\/4685d9f51269134e53f988c9122315f4\"},\"headline\":\"NATEVO BIBLIOTHEQUE CCLIGHT\",\"datePublished\":\"2017-09-27T12:57:30+00:00\",\"dateModified\":\"2019-04-06T15:54:47+00:00\",\"mainEntityOfPage\":{\"@id\":\"https:\/\/www.mobilimariani.com\/fr\/natevo-bibliotheque-cclight\/#webpage\"},\"publisher\":{\"@id\":\"https:\/\/www.mobilimariani.com\/#organization\"},\"articleSection\":[\"Catalogue\",\"Salle jour\"],\"inLanguage\":\"fr-CH\"},{\"@type\":\"Person\",\"@id\":\"https:\/\/www.mobilimariani.com\/#\/schema\/person\/4685d9f51269134e53f988c9122315f4\",\"name\":\"14m4rC008\",\"image\":{\"@type\":\"ImageObject\",\"@id\":\"https:\/\/www.mobilimariani.com\/#personlogo\",\"inLanguage\":\"fr-CH\",\"url\":\"https:\/\/secure.gravatar.com\/avatar\/dfaa6e536fec7030712cf850e9ddef45?s=96&d=mm&r=g\",\"contentUrl\":\"https:\/\/secure.gravatar.com\/avatar\/dfaa6e536fec7030712cf850e9ddef45?s=96&d=mm&r=g\",\"caption\":\"14m4rC008\"}}]}<\/script>\n<!-- \/ Yoast SEO plugin. -->","_links":{"self":[{"href":"https:\/\/www.mobilimariani.com\/fr\/wp-json\/wp\/v2\/posts\/19706"}],"collection":[{"href":"https:\/\/www.mobilimariani.com\/fr\/wp-json\/wp\/v2\/posts"}],"about":[{"href":"https:\/\/www.mobilimariani.com\/fr\/wp-json\/wp\/v2\/types\/post"}],"author":[{"embeddable":true,"href":"https:\/\/www.mobilimariani.com\/fr\/wp-json\/wp\/v2\/users\/1"}],"replies":[{"embeddable":true,"href":"https:\/\/www.mobilimariani.com\/fr\/wp-json\/wp\/v2\/comments?post=19706"}],"version-history":[{"count":3,"href":"https:\/\/www.mobilimariani.com\/fr\/wp-json\/wp\/v2\/posts\/19706\/revisions"}],"predecessor-version":[{"id":22502,"href":"https:\/\/www.mobilimariani.com\/fr\/wp-json\/wp\/v2\/posts\/19706\/revisions\/22502"}],"wp:attachment":[{"href":"https:\/\/www.mobilimariani.com\/fr\/wp-json\/wp\/v2\/media?parent=19706"}],"wp:term":[{"taxonomy":"category","embeddable":true,"href":"https:\/\/www.mobilimariani.com\/fr\/wp-json\/wp\/v2\/categories?post=19706"},{"taxonomy":"post_tag","embeddable":true,"href":"https:\/\/www.mobilimariani.com\/fr\/wp-json\/wp\/v2\/tags?post=19706"}],"curies":[{"name":"wp","href":"https:\/\/api.w.org\/{rel}","templated":true}]}}