{"id":19696,"date":"2017-09-26T17:13:24","date_gmt":"2017-09-26T15:13:24","guid":{"rendered":"https:\/\/www.mobilimariani.com\/?p=19696"},"modified":"2021-02-23T12:03:21","modified_gmt":"2021-02-23T11:03:21","slug":"natevo-coiffeuse-kara","status":"publish","type":"post","link":"https:\/\/www.mobilimariani.com\/fr\/natevo-coiffeuse-kara\/","title":{"rendered":"NATEVO COIFFEUSE KARA"},"content":{"rendered":"<p>NATEVO COIFFEUSE KARA<\/p>\n<p>Meuble s\u00e9duisant destin\u00e9 \u00e0 un public sensible, exigeant et raffin\u00e9.<br \/>\nKara est une coiffeuse raffin\u00e9e \u00e0 quatre tiroirs avec un plateau sinueux en marbre dor\u00e9 pr\u00e9cieux de Calacatta d&#8217;o\u00f9 s&#8217;\u00e9l\u00e8vent sept miroirs r\u00e9glables diff\u00e9rents qui renferment dans leur cadre des LED capables de diffuser une luminosit\u00e9 magique. Les poign\u00e9es, les profils et les supports de miroir sont en finition or antique. Les LED s&#8217;allument avec l&#8217;interrupteur on \/ off, avec la t\u00e9l\u00e9commande ou avec Casambi, un \u00e9clairage intelligent exclusif qui contr\u00f4le l&#8217;\u00e9clairage des smartphones et des tablettes.<\/p>\n<p>Pour d\u00e9couvrir la marque Natevo\u00a0<a href=\"https:\/\/www.mobilimariani.com\/rivenditore-natevo\/?lang=fr\">cliquez ici<\/a><\/p>\n<p>Vous voulez conna\u00eetre notre meilleur prix pour cet article?\u00a0<a href=\"https:\/\/www.mobilimariani.com\/fr\/contacts\/\">Cliquez ici<\/a>\u00a0et envoyez-nous la demande<\/p>\n<p>Signale le lieu de livraison et si le montage est n\u00e9c\u00e9ssaire.<\/p>\n<p>Nous livrons dans toute l\u2019Europe et o\u00f9 que vous soyez<\/p>\n","protected":false},"excerpt":{"rendered":"NATEVO COIFFEUSE KARA Meuble s\u00e9duisant destin\u00e9 \u00e0 un public sensible, exigeant et raffin\u00e9. Kara est une coiffeuse raffin\u00e9e \u00e0 quatre tiroirs avec un plateau sinueux en marbre dor\u00e9 pr\u00e9cieux de Calacatta d&#8217;o\u00f9 s&#8217;\u00e9l\u00e8vent sept miroirs r\u00e9glables diff\u00e9rents qui renferment dans leur cadre des LED capables de diffuser une luminosit\u00e9 magique. Les poign\u00e9es, les profils et&#8230; <a class=\"view-article\" href=\"https:\/\/www.mobilimariani.com\/fr\/natevo-coiffeuse-kara\/\">Voir l&#8217;article<\/a>","protected":false},"author":1,"featured_media":0,"comment_status":"closed","ping_status":"closed","sticky":false,"template":"","format":"standard","meta":[],"categories":[18,1,37,2],"tags":[],"yoast_head":"<!-- This site is optimized with the Yoast SEO plugin v16.2 - https:\/\/yoast.com\/wordpress\/plugins\/seo\/ -->\n<meta name=\"description\" content=\"NATEVO COIFFEUSE KARA Meuble s\u00e9duisant destin\u00e9 \u00e0 un public sensible, exigeant et raffin\u00e9. Kara est une coiffeuse raffin\u00e9e \u00e0 quatre tiroirs avec un plateau\" \/>\n<meta name=\"robots\" content=\"index, follow, max-snippet:-1, max-image-preview:large, max-video-preview:-1\" \/>\n<link rel=\"canonical\" href=\"https:\/\/www.mobilimariani.com\/fr\/natevo-coiffeuse-kara\/\" \/>\n<meta property=\"og:locale\" content=\"fr_FR\" \/>\n<meta property=\"og:type\" content=\"article\" \/>\n<meta property=\"og:title\" content=\"NATEVO COIFFEUSE KARA | Mobili Mariani\" \/>\n<meta property=\"og:description\" content=\"NATEVO COIFFEUSE KARA Meuble s\u00e9duisant destin\u00e9 \u00e0 un public sensible, exigeant et raffin\u00e9. Kara est une coiffeuse raffin\u00e9e \u00e0 quatre tiroirs avec un plateau\" \/>\n<meta property=\"og:url\" content=\"https:\/\/www.mobilimariani.com\/fr\/natevo-coiffeuse-kara\/\" \/>\n<meta property=\"og:site_name\" content=\"Mobili Mariani\" \/>\n<meta property=\"article:published_time\" content=\"2017-09-26T15:13:24+00:00\" \/>\n<meta property=\"article:modified_time\" content=\"2021-02-23T11:03:21+00:00\" \/>\n<meta name=\"twitter:label1\" content=\"Est. reading time\">\n\t<meta name=\"twitter:data1\" content=\"1 minute\">\n<script type=\"application\/ld+json\" class=\"yoast-schema-graph\">{\"@context\":\"https:\/\/schema.org\",\"@graph\":[{\"@type\":\"Organization\",\"@id\":\"https:\/\/www.mobilimariani.com\/#organization\",\"name\":\"Mobili Mariani\",\"url\":\"https:\/\/www.mobilimariani.com\/\",\"sameAs\":[],\"logo\":{\"@type\":\"ImageObject\",\"@id\":\"https:\/\/www.mobilimariani.com\/#logo\",\"inLanguage\":\"fr-CH\",\"url\":\"https:\/\/www.mobilimariani.com\/wp-content\/uploads\/2015\/12\/logo.png\",\"contentUrl\":\"https:\/\/www.mobilimariani.com\/wp-content\/uploads\/2015\/12\/logo.png\",\"width\":160,\"height\":110,\"caption\":\"Mobili Mariani\"},\"image\":{\"@id\":\"https:\/\/www.mobilimariani.com\/#logo\"}},{\"@type\":\"WebSite\",\"@id\":\"https:\/\/www.mobilimariani.com\/#website\",\"url\":\"https:\/\/www.mobilimariani.com\/\",\"name\":\"Mobili Mariani\",\"description\":\"Mobili Italia Svizzera\",\"publisher\":{\"@id\":\"https:\/\/www.mobilimariani.com\/#organization\"},\"potentialAction\":[{\"@type\":\"SearchAction\",\"target\":\"https:\/\/www.mobilimariani.com\/?s={search_term_string}\",\"query-input\":\"required name=search_term_string\"}],\"inLanguage\":\"fr-CH\"},{\"@type\":\"WebPage\",\"@id\":\"https:\/\/www.mobilimariani.com\/fr\/natevo-coiffeuse-kara\/#webpage\",\"url\":\"https:\/\/www.mobilimariani.com\/fr\/natevo-coiffeuse-kara\/\",\"name\":\"NATEVO COIFFEUSE KARA | Mobili Mariani\",\"isPartOf\":{\"@id\":\"https:\/\/www.mobilimariani.com\/#website\"},\"datePublished\":\"2017-09-26T15:13:24+00:00\",\"dateModified\":\"2021-02-23T11:03:21+00:00\",\"description\":\"NATEVO COIFFEUSE KARA Meuble s\\u00e9duisant destin\\u00e9 \\u00e0 un public sensible, exigeant et raffin\\u00e9. Kara est une coiffeuse raffin\\u00e9e \\u00e0 quatre tiroirs avec un plateau\",\"breadcrumb\":{\"@id\":\"https:\/\/www.mobilimariani.com\/fr\/natevo-coiffeuse-kara\/#breadcrumb\"},\"inLanguage\":\"fr-CH\",\"potentialAction\":[{\"@type\":\"ReadAction\",\"target\":[\"https:\/\/www.mobilimariani.com\/fr\/natevo-coiffeuse-kara\/\"]}]},{\"@type\":\"BreadcrumbList\",\"@id\":\"https:\/\/www.mobilimariani.com\/fr\/natevo-coiffeuse-kara\/#breadcrumb\",\"itemListElement\":[{\"@type\":\"ListItem\",\"position\":1,\"item\":{\"@type\":\"WebPage\",\"@id\":\"https:\/\/www.mobilimariani.com\/\",\"url\":\"https:\/\/www.mobilimariani.com\/\",\"name\":\"Home\"}},{\"@type\":\"ListItem\",\"position\":2,\"item\":{\"@id\":\"https:\/\/www.mobilimariani.com\/fr\/natevo-coiffeuse-kara\/#webpage\"}}]},{\"@type\":\"Article\",\"@id\":\"https:\/\/www.mobilimariani.com\/fr\/natevo-coiffeuse-kara\/#article\",\"isPartOf\":{\"@id\":\"https:\/\/www.mobilimariani.com\/fr\/natevo-coiffeuse-kara\/#webpage\"},\"author\":{\"@id\":\"https:\/\/www.mobilimariani.com\/#\/schema\/person\/4685d9f51269134e53f988c9122315f4\"},\"headline\":\"NATEVO COIFFEUSE KARA\",\"datePublished\":\"2017-09-26T15:13:24+00:00\",\"dateModified\":\"2021-02-23T11:03:21+00:00\",\"mainEntityOfPage\":{\"@id\":\"https:\/\/www.mobilimariani.com\/fr\/natevo-coiffeuse-kara\/#webpage\"},\"publisher\":{\"@id\":\"https:\/\/www.mobilimariani.com\/#organization\"},\"articleSection\":[\"Autre\",\"Catalogue\",\"Contract\",\"Zone nuit\"],\"inLanguage\":\"fr-CH\"},{\"@type\":\"Person\",\"@id\":\"https:\/\/www.mobilimariani.com\/#\/schema\/person\/4685d9f51269134e53f988c9122315f4\",\"name\":\"14m4rC008\",\"image\":{\"@type\":\"ImageObject\",\"@id\":\"https:\/\/www.mobilimariani.com\/#personlogo\",\"inLanguage\":\"fr-CH\",\"url\":\"https:\/\/secure.gravatar.com\/avatar\/dfaa6e536fec7030712cf850e9ddef45?s=96&d=mm&r=g\",\"contentUrl\":\"https:\/\/secure.gravatar.com\/avatar\/dfaa6e536fec7030712cf850e9ddef45?s=96&d=mm&r=g\",\"caption\":\"14m4rC008\"}}]}<\/script>\n<!-- \/ Yoast SEO plugin. -->","_links":{"self":[{"href":"https:\/\/www.mobilimariani.com\/fr\/wp-json\/wp\/v2\/posts\/19696"}],"collection":[{"href":"https:\/\/www.mobilimariani.com\/fr\/wp-json\/wp\/v2\/posts"}],"about":[{"href":"https:\/\/www.mobilimariani.com\/fr\/wp-json\/wp\/v2\/types\/post"}],"author":[{"embeddable":true,"href":"https:\/\/www.mobilimariani.com\/fr\/wp-json\/wp\/v2\/users\/1"}],"replies":[{"embeddable":true,"href":"https:\/\/www.mobilimariani.com\/fr\/wp-json\/wp\/v2\/comments?post=19696"}],"version-history":[{"count":2,"href":"https:\/\/www.mobilimariani.com\/fr\/wp-json\/wp\/v2\/posts\/19696\/revisions"}],"predecessor-version":[{"id":26697,"href":"https:\/\/www.mobilimariani.com\/fr\/wp-json\/wp\/v2\/posts\/19696\/revisions\/26697"}],"wp:attachment":[{"href":"https:\/\/www.mobilimariani.com\/fr\/wp-json\/wp\/v2\/media?parent=19696"}],"wp:term":[{"taxonomy":"category","embeddable":true,"href":"https:\/\/www.mobilimariani.com\/fr\/wp-json\/wp\/v2\/categories?post=19696"},{"taxonomy":"post_tag","embeddable":true,"href":"https:\/\/www.mobilimariani.com\/fr\/wp-json\/wp\/v2\/tags?post=19696"}],"curies":[{"name":"wp","href":"https:\/\/api.w.org\/{rel}","templated":true}]}}