{"id":19693,"date":"2017-09-26T17:06:59","date_gmt":"2017-09-26T15:06:59","guid":{"rendered":"https:\/\/www.mobilimariani.com\/?p=19693"},"modified":"2021-03-25T17:55:40","modified_gmt":"2021-03-25T16:55:40","slug":"natevo-bureau-klara","status":"publish","type":"post","link":"https:\/\/www.mobilimariani.com\/fr\/natevo-bureau-klara\/","title":{"rendered":"NATEVO BUREAU KARA"},"content":{"rendered":"<p>NATEVO BUREAU KARA design TONER<\/p>\n<p>Bureau Kara con\u00e7u pour ceux qui aiment la beaut\u00e9 dans chaque d\u00e9clinaison, con\u00e7u pour mobler des maisons \u00a0sophistiqu\u00e9s, des h\u00f4tels raffin\u00e9s et des bureaux \u00e9l\u00e9gants. Ses \u00e9l\u00e9ments forment une combinaison harmonieuse: la forme arrondie du plan en marbre Calacatta or brillant, pr\u00e9cieuse \u00e9b\u00e8ne ou m\u00e9l\u00e8ze, les grands tiroirs et le dossereten bois et en marbre qui \u00e9claire de mani\u00e8re fonctionnelle et \u00e9vocatrice.<\/p>\n<p>Pour d\u00e9couvrir la marque Natevo\u00a0<a href=\"https:\/\/www.mobilimariani.com\/rivenditore-natevo\/?lang=fr\">cliquez ici<\/a><\/p>\n<p>Pour d\u00e9couvrir le catalogue de tous nos bureaux\u00a0<a href=\"https:\/\/www.mobilimariani.com\/fr\/search\/bureau\/page\/1\/\">cliquez ici<\/a><\/p>\n<p>Vous voulez conna\u00eetre notre meilleur prix pour cet article?\u00a0<a href=\"https:\/\/www.mobilimariani.com\/fr\/contacts\/\">Cliquez ici<\/a>\u00a0et envoyez-nous la demande<\/p>\n<p>Signale le lieu de livraison, nous livrons dans toute l\u2019Europe et o\u00f9 que tu sois.<\/p>\n<p><strong>Pour nos clients suisses, il sera d\u00e9duit l\u2019I.V.A. italienne \u00e0 hauteur de 22%.<\/strong><\/p>\n","protected":false},"excerpt":{"rendered":"NATEVO BUREAU KARA design TONER Bureau Kara con\u00e7u pour ceux qui aiment la beaut\u00e9 dans chaque d\u00e9clinaison, con\u00e7u pour mobler des maisons \u00a0sophistiqu\u00e9s, des h\u00f4tels raffin\u00e9s et des bureaux \u00e9l\u00e9gants. Ses \u00e9l\u00e9ments forment une combinaison harmonieuse: la forme arrondie du plan en marbre Calacatta or brillant, pr\u00e9cieuse \u00e9b\u00e8ne ou m\u00e9l\u00e8ze, les grands tiroirs et le&#8230; <a class=\"view-article\" href=\"https:\/\/www.mobilimariani.com\/fr\/natevo-bureau-klara\/\">Voir l&#8217;article<\/a>","protected":false},"author":1,"featured_media":0,"comment_status":"closed","ping_status":"closed","sticky":false,"template":"","format":"standard","meta":[],"categories":[18,1,37],"tags":[],"yoast_head":"<!-- This site is optimized with the Yoast SEO plugin v16.2 - https:\/\/yoast.com\/wordpress\/plugins\/seo\/ -->\n<meta name=\"description\" content=\"NATEVO BUREAU KARA design TONER Bureau Kara con\u00e7u pour ceux qui aiment la beaut\u00e9 dans chaque d\u00e9clinaison, con\u00e7u pour mobler des maisons \u00a0sophistiqu\u00e9s, des\" \/>\n<meta name=\"robots\" content=\"index, follow, max-snippet:-1, max-image-preview:large, max-video-preview:-1\" \/>\n<link rel=\"canonical\" href=\"https:\/\/www.mobilimariani.com\/fr\/natevo-bureau-klara\/\" \/>\n<meta property=\"og:locale\" content=\"fr_FR\" \/>\n<meta property=\"og:type\" content=\"article\" \/>\n<meta property=\"og:title\" content=\"NATEVO BUREAU KARA | Mobili Mariani\" \/>\n<meta property=\"og:description\" content=\"NATEVO BUREAU KARA design TONER Bureau Kara con\u00e7u pour ceux qui aiment la beaut\u00e9 dans chaque d\u00e9clinaison, con\u00e7u pour mobler des maisons \u00a0sophistiqu\u00e9s, des\" \/>\n<meta property=\"og:url\" content=\"https:\/\/www.mobilimariani.com\/fr\/natevo-bureau-klara\/\" \/>\n<meta property=\"og:site_name\" content=\"Mobili Mariani\" \/>\n<meta property=\"article:published_time\" content=\"2017-09-26T15:06:59+00:00\" \/>\n<meta property=\"article:modified_time\" content=\"2021-03-25T16:55:40+00:00\" \/>\n<meta name=\"twitter:label1\" content=\"Est. reading time\">\n\t<meta name=\"twitter:data1\" content=\"1 minute\">\n<script type=\"application\/ld+json\" class=\"yoast-schema-graph\">{\"@context\":\"https:\/\/schema.org\",\"@graph\":[{\"@type\":\"Organization\",\"@id\":\"https:\/\/www.mobilimariani.com\/#organization\",\"name\":\"Mobili Mariani\",\"url\":\"https:\/\/www.mobilimariani.com\/\",\"sameAs\":[],\"logo\":{\"@type\":\"ImageObject\",\"@id\":\"https:\/\/www.mobilimariani.com\/#logo\",\"inLanguage\":\"fr-CH\",\"url\":\"https:\/\/www.mobilimariani.com\/wp-content\/uploads\/2015\/12\/logo.png\",\"contentUrl\":\"https:\/\/www.mobilimariani.com\/wp-content\/uploads\/2015\/12\/logo.png\",\"width\":160,\"height\":110,\"caption\":\"Mobili Mariani\"},\"image\":{\"@id\":\"https:\/\/www.mobilimariani.com\/#logo\"}},{\"@type\":\"WebSite\",\"@id\":\"https:\/\/www.mobilimariani.com\/#website\",\"url\":\"https:\/\/www.mobilimariani.com\/\",\"name\":\"Mobili Mariani\",\"description\":\"Mobili Italia Svizzera\",\"publisher\":{\"@id\":\"https:\/\/www.mobilimariani.com\/#organization\"},\"potentialAction\":[{\"@type\":\"SearchAction\",\"target\":\"https:\/\/www.mobilimariani.com\/?s={search_term_string}\",\"query-input\":\"required name=search_term_string\"}],\"inLanguage\":\"fr-CH\"},{\"@type\":\"WebPage\",\"@id\":\"https:\/\/www.mobilimariani.com\/fr\/natevo-bureau-klara\/#webpage\",\"url\":\"https:\/\/www.mobilimariani.com\/fr\/natevo-bureau-klara\/\",\"name\":\"NATEVO BUREAU KARA | Mobili Mariani\",\"isPartOf\":{\"@id\":\"https:\/\/www.mobilimariani.com\/#website\"},\"datePublished\":\"2017-09-26T15:06:59+00:00\",\"dateModified\":\"2021-03-25T16:55:40+00:00\",\"description\":\"NATEVO BUREAU KARA design TONER Bureau Kara con\\u00e7u pour ceux qui aiment la beaut\\u00e9 dans chaque d\\u00e9clinaison, con\\u00e7u pour mobler des maisons \\u00a0sophistiqu\\u00e9s, des\",\"breadcrumb\":{\"@id\":\"https:\/\/www.mobilimariani.com\/fr\/natevo-bureau-klara\/#breadcrumb\"},\"inLanguage\":\"fr-CH\",\"potentialAction\":[{\"@type\":\"ReadAction\",\"target\":[\"https:\/\/www.mobilimariani.com\/fr\/natevo-bureau-klara\/\"]}]},{\"@type\":\"BreadcrumbList\",\"@id\":\"https:\/\/www.mobilimariani.com\/fr\/natevo-bureau-klara\/#breadcrumb\",\"itemListElement\":[{\"@type\":\"ListItem\",\"position\":1,\"item\":{\"@type\":\"WebPage\",\"@id\":\"https:\/\/www.mobilimariani.com\/\",\"url\":\"https:\/\/www.mobilimariani.com\/\",\"name\":\"Home\"}},{\"@type\":\"ListItem\",\"position\":2,\"item\":{\"@id\":\"https:\/\/www.mobilimariani.com\/fr\/natevo-bureau-klara\/#webpage\"}}]},{\"@type\":\"Article\",\"@id\":\"https:\/\/www.mobilimariani.com\/fr\/natevo-bureau-klara\/#article\",\"isPartOf\":{\"@id\":\"https:\/\/www.mobilimariani.com\/fr\/natevo-bureau-klara\/#webpage\"},\"author\":{\"@id\":\"https:\/\/www.mobilimariani.com\/#\/schema\/person\/4685d9f51269134e53f988c9122315f4\"},\"headline\":\"NATEVO BUREAU KARA\",\"datePublished\":\"2017-09-26T15:06:59+00:00\",\"dateModified\":\"2021-03-25T16:55:40+00:00\",\"mainEntityOfPage\":{\"@id\":\"https:\/\/www.mobilimariani.com\/fr\/natevo-bureau-klara\/#webpage\"},\"publisher\":{\"@id\":\"https:\/\/www.mobilimariani.com\/#organization\"},\"articleSection\":[\"Autre\",\"Catalogue\",\"Contract\"],\"inLanguage\":\"fr-CH\"},{\"@type\":\"Person\",\"@id\":\"https:\/\/www.mobilimariani.com\/#\/schema\/person\/4685d9f51269134e53f988c9122315f4\",\"name\":\"14m4rC008\",\"image\":{\"@type\":\"ImageObject\",\"@id\":\"https:\/\/www.mobilimariani.com\/#personlogo\",\"inLanguage\":\"fr-CH\",\"url\":\"https:\/\/secure.gravatar.com\/avatar\/dfaa6e536fec7030712cf850e9ddef45?s=96&d=mm&r=g\",\"contentUrl\":\"https:\/\/secure.gravatar.com\/avatar\/dfaa6e536fec7030712cf850e9ddef45?s=96&d=mm&r=g\",\"caption\":\"14m4rC008\"}}]}<\/script>\n<!-- \/ Yoast SEO plugin. -->","_links":{"self":[{"href":"https:\/\/www.mobilimariani.com\/fr\/wp-json\/wp\/v2\/posts\/19693"}],"collection":[{"href":"https:\/\/www.mobilimariani.com\/fr\/wp-json\/wp\/v2\/posts"}],"about":[{"href":"https:\/\/www.mobilimariani.com\/fr\/wp-json\/wp\/v2\/types\/post"}],"author":[{"embeddable":true,"href":"https:\/\/www.mobilimariani.com\/fr\/wp-json\/wp\/v2\/users\/1"}],"replies":[{"embeddable":true,"href":"https:\/\/www.mobilimariani.com\/fr\/wp-json\/wp\/v2\/comments?post=19693"}],"version-history":[{"count":3,"href":"https:\/\/www.mobilimariani.com\/fr\/wp-json\/wp\/v2\/posts\/19693\/revisions"}],"predecessor-version":[{"id":26728,"href":"https:\/\/www.mobilimariani.com\/fr\/wp-json\/wp\/v2\/posts\/19693\/revisions\/26728"}],"wp:attachment":[{"href":"https:\/\/www.mobilimariani.com\/fr\/wp-json\/wp\/v2\/media?parent=19693"}],"wp:term":[{"taxonomy":"category","embeddable":true,"href":"https:\/\/www.mobilimariani.com\/fr\/wp-json\/wp\/v2\/categories?post=19693"},{"taxonomy":"post_tag","embeddable":true,"href":"https:\/\/www.mobilimariani.com\/fr\/wp-json\/wp\/v2\/tags?post=19693"}],"curies":[{"name":"wp","href":"https:\/\/api.w.org\/{rel}","templated":true}]}}