{"id":19632,"date":"2014-01-01T09:15:21","date_gmt":"2014-01-01T08:15:21","guid":{"rendered":"https:\/\/www.mobilimariani.com\/?p=19632"},"modified":"2018-10-11T18:14:59","modified_gmt":"2018-10-11T16:14:59","slug":"flou-lit-plaza-2","status":"publish","type":"post","link":"https:\/\/www.mobilimariani.com\/fr\/flou-lit-plaza-2\/","title":{"rendered":"FLOU LIT PLAZA"},"content":{"rendered":"<p>FLOU LIT PLAZA\u00a0DESIGN RODOLFO DORDONI &#8211; INDISPONIBLE<\/p>\n<p>Lit \u00e9l\u00e9gant et pr\u00e9cieux con\u00e7u pour \u00eatre le c\u0153ur de la chambre. Le rev\u00eatement de la t\u00eate et de l&lt; base, compl\u00e8tement amovibles gr\u00e2ce au velcro, peuvent \u00eatre caract\u00e9ris\u00e9es par une bordure de tissu Glamour.<\/p>\n<p>Disponible avec une base fixe ou avec une base conteneur particuli\u00e8rement importante gr\u00e2ce \u00e0 la largeur du p\u00e9rim\u00e8tre.<\/p>\n<p>Fabriqu\u00e9 pour l&#8217;utilisation de matelas \u00e0 partir de cm. 100 x 200\/210 de longueur<\/p>\n<p>Pour d\u00e9couvrir les bases\u00a0du\u00a0lit,\u00a0<a href=\"https:\/\/www.mobilimariani.com\/flou-le-basi-dei-letti\/?lang=fr\">cliquez ici<\/a><\/p>\n<div class=\"percent-one-third column-last\">\n<p>Pour conna\u00eetre les\u00a0<span id=\"OT432079633\">rev\u00eatements\u00a0<\/span>\u00a0en tissu\u00a0<a href=\"https:\/\/www.mobilimariani.com\/fr\/flou-les-revetements\/\">cliquez ici\u00a0<\/a>pour les rev\u00eatements en faux cuir\u00a0<a href=\"https:\/\/www.mobilimariani.com\/flou-rivestimenti-lecopelle\/?lang=fr\">ici<\/a>\u00a0pour les\u00a0rev\u00eatements en cuir\u00a0<a href=\"https:\/\/www.mobilimariani.com\/flou-rivestimenti-la-pelle\/?lang=fr\">ici<\/a><\/p>\n<p>Pour d\u00e9couvrir la marque Flou\u00a0<a title=\"FLOU\" href=\"https:\/\/www.mobilimariani.com\/fr\/concessionnaire-flou\/\">cliquez ici<\/a><\/p>\n<p>Vous voulez conna\u00eetre notre meilleur prix pour cet article?\u00a0<a href=\"https:\/\/www.mobilimariani.com\/fr\/contacts\/\">Cliquez ici\u00a0<\/a>et envoyez-nous la demande<\/p>\n<p>Signale le lieu de livraison et si le montage est n\u00e9c\u00e9ssaire.<\/p>\n<p>Nous livrons dans toute l\u2019Europe, le Canada, les \u00c9tats-Unis, la Russie, les \u00c9mirats Arabes et partout o\u00f9 vous \u00eates.<\/p>\n<\/div>\n<p>&nbsp;<\/p>\n<p>&nbsp;<\/p>\n","protected":false},"excerpt":{"rendered":"FLOU LIT PLAZA\u00a0DESIGN RODOLFO DORDONI &#8211; INDISPONIBLE Lit \u00e9l\u00e9gant et pr\u00e9cieux con\u00e7u pour \u00eatre le c\u0153ur de la chambre. Le rev\u00eatement de la t\u00eate et de l&lt; base, compl\u00e8tement amovibles gr\u00e2ce au velcro, peuvent \u00eatre caract\u00e9ris\u00e9es par une bordure de tissu Glamour. Disponible avec une base fixe ou avec une base conteneur particuli\u00e8rement importante gr\u00e2ce&#8230; <a class=\"view-article\" href=\"https:\/\/www.mobilimariani.com\/fr\/flou-lit-plaza-2\/\">Voir l&#8217;article<\/a>","protected":false},"author":1,"featured_media":0,"comment_status":"closed","ping_status":"closed","sticky":false,"template":"","format":"standard","meta":[],"categories":[36,1],"tags":[],"yoast_head":"<!-- This site is optimized with the Yoast SEO plugin v16.2 - https:\/\/yoast.com\/wordpress\/plugins\/seo\/ -->\n<meta name=\"description\" content=\"FLOU LIT PLAZA\u00a0DESIGN RODOLFO DORDONI - INDISPONIBLE Lit \u00e9l\u00e9gant et pr\u00e9cieux con\u00e7u pour \u00eatre le c\u0153ur de la chambre. Le rev\u00eatement de la t\u00eate et de l&lt;\" \/>\n<meta name=\"robots\" content=\"index, follow, max-snippet:-1, max-image-preview:large, max-video-preview:-1\" \/>\n<link rel=\"canonical\" href=\"https:\/\/www.mobilimariani.com\/fr\/flou-lit-plaza-2\/\" \/>\n<meta property=\"og:locale\" content=\"fr_FR\" \/>\n<meta property=\"og:type\" content=\"article\" \/>\n<meta property=\"og:title\" content=\"FLOU LIT PLAZA | Mobili Mariani\" \/>\n<meta property=\"og:description\" content=\"FLOU LIT PLAZA\u00a0DESIGN RODOLFO DORDONI - INDISPONIBLE Lit \u00e9l\u00e9gant et pr\u00e9cieux con\u00e7u pour \u00eatre le c\u0153ur de la chambre. Le rev\u00eatement de la t\u00eate et de l&lt;\" \/>\n<meta property=\"og:url\" content=\"https:\/\/www.mobilimariani.com\/fr\/flou-lit-plaza-2\/\" \/>\n<meta property=\"og:site_name\" content=\"Mobili Mariani\" \/>\n<meta property=\"article:published_time\" content=\"2014-01-01T08:15:21+00:00\" \/>\n<meta property=\"article:modified_time\" content=\"2018-10-11T16:14:59+00:00\" \/>\n<meta name=\"twitter:label1\" content=\"Est. reading time\">\n\t<meta name=\"twitter:data1\" content=\"1 minute\">\n<script type=\"application\/ld+json\" class=\"yoast-schema-graph\">{\"@context\":\"https:\/\/schema.org\",\"@graph\":[{\"@type\":\"Organization\",\"@id\":\"https:\/\/www.mobilimariani.com\/#organization\",\"name\":\"Mobili Mariani\",\"url\":\"https:\/\/www.mobilimariani.com\/\",\"sameAs\":[],\"logo\":{\"@type\":\"ImageObject\",\"@id\":\"https:\/\/www.mobilimariani.com\/#logo\",\"inLanguage\":\"fr-CH\",\"url\":\"https:\/\/www.mobilimariani.com\/wp-content\/uploads\/2015\/12\/logo.png\",\"contentUrl\":\"https:\/\/www.mobilimariani.com\/wp-content\/uploads\/2015\/12\/logo.png\",\"width\":160,\"height\":110,\"caption\":\"Mobili Mariani\"},\"image\":{\"@id\":\"https:\/\/www.mobilimariani.com\/#logo\"}},{\"@type\":\"WebSite\",\"@id\":\"https:\/\/www.mobilimariani.com\/#website\",\"url\":\"https:\/\/www.mobilimariani.com\/\",\"name\":\"Mobili Mariani\",\"description\":\"Mobili Italia Svizzera\",\"publisher\":{\"@id\":\"https:\/\/www.mobilimariani.com\/#organization\"},\"potentialAction\":[{\"@type\":\"SearchAction\",\"target\":\"https:\/\/www.mobilimariani.com\/?s={search_term_string}\",\"query-input\":\"required name=search_term_string\"}],\"inLanguage\":\"fr-CH\"},{\"@type\":\"WebPage\",\"@id\":\"https:\/\/www.mobilimariani.com\/fr\/flou-lit-plaza-2\/#webpage\",\"url\":\"https:\/\/www.mobilimariani.com\/fr\/flou-lit-plaza-2\/\",\"name\":\"FLOU LIT PLAZA | Mobili Mariani\",\"isPartOf\":{\"@id\":\"https:\/\/www.mobilimariani.com\/#website\"},\"datePublished\":\"2014-01-01T08:15:21+00:00\",\"dateModified\":\"2018-10-11T16:14:59+00:00\",\"description\":\"FLOU LIT PLAZA\\u00a0DESIGN RODOLFO DORDONI - INDISPONIBLE Lit \\u00e9l\\u00e9gant et pr\\u00e9cieux con\\u00e7u pour \\u00eatre le c\\u0153ur de la chambre. Le rev\\u00eatement de la t\\u00eate et de l&lt;\",\"breadcrumb\":{\"@id\":\"https:\/\/www.mobilimariani.com\/fr\/flou-lit-plaza-2\/#breadcrumb\"},\"inLanguage\":\"fr-CH\",\"potentialAction\":[{\"@type\":\"ReadAction\",\"target\":[\"https:\/\/www.mobilimariani.com\/fr\/flou-lit-plaza-2\/\"]}]},{\"@type\":\"BreadcrumbList\",\"@id\":\"https:\/\/www.mobilimariani.com\/fr\/flou-lit-plaza-2\/#breadcrumb\",\"itemListElement\":[{\"@type\":\"ListItem\",\"position\":1,\"item\":{\"@type\":\"WebPage\",\"@id\":\"https:\/\/www.mobilimariani.com\/\",\"url\":\"https:\/\/www.mobilimariani.com\/\",\"name\":\"Home\"}},{\"@type\":\"ListItem\",\"position\":2,\"item\":{\"@id\":\"https:\/\/www.mobilimariani.com\/fr\/flou-lit-plaza-2\/#webpage\"}}]},{\"@type\":\"Article\",\"@id\":\"https:\/\/www.mobilimariani.com\/fr\/flou-lit-plaza-2\/#article\",\"isPartOf\":{\"@id\":\"https:\/\/www.mobilimariani.com\/fr\/flou-lit-plaza-2\/#webpage\"},\"author\":{\"@id\":\"https:\/\/www.mobilimariani.com\/#\/schema\/person\/4685d9f51269134e53f988c9122315f4\"},\"headline\":\"FLOU LIT PLAZA\",\"datePublished\":\"2014-01-01T08:15:21+00:00\",\"dateModified\":\"2018-10-11T16:14:59+00:00\",\"mainEntityOfPage\":{\"@id\":\"https:\/\/www.mobilimariani.com\/fr\/flou-lit-plaza-2\/#webpage\"},\"publisher\":{\"@id\":\"https:\/\/www.mobilimariani.com\/#organization\"},\"articleSection\":[\"Chambres d&rsquo;enfants\",\"Catalogue\"],\"inLanguage\":\"fr-CH\"},{\"@type\":\"Person\",\"@id\":\"https:\/\/www.mobilimariani.com\/#\/schema\/person\/4685d9f51269134e53f988c9122315f4\",\"name\":\"14m4rC008\",\"image\":{\"@type\":\"ImageObject\",\"@id\":\"https:\/\/www.mobilimariani.com\/#personlogo\",\"inLanguage\":\"fr-CH\",\"url\":\"https:\/\/secure.gravatar.com\/avatar\/dfaa6e536fec7030712cf850e9ddef45?s=96&d=mm&r=g\",\"contentUrl\":\"https:\/\/secure.gravatar.com\/avatar\/dfaa6e536fec7030712cf850e9ddef45?s=96&d=mm&r=g\",\"caption\":\"14m4rC008\"}}]}<\/script>\n<!-- \/ Yoast SEO plugin. -->","_links":{"self":[{"href":"https:\/\/www.mobilimariani.com\/fr\/wp-json\/wp\/v2\/posts\/19632"}],"collection":[{"href":"https:\/\/www.mobilimariani.com\/fr\/wp-json\/wp\/v2\/posts"}],"about":[{"href":"https:\/\/www.mobilimariani.com\/fr\/wp-json\/wp\/v2\/types\/post"}],"author":[{"embeddable":true,"href":"https:\/\/www.mobilimariani.com\/fr\/wp-json\/wp\/v2\/users\/1"}],"replies":[{"embeddable":true,"href":"https:\/\/www.mobilimariani.com\/fr\/wp-json\/wp\/v2\/comments?post=19632"}],"version-history":[{"count":2,"href":"https:\/\/www.mobilimariani.com\/fr\/wp-json\/wp\/v2\/posts\/19632\/revisions"}],"predecessor-version":[{"id":22096,"href":"https:\/\/www.mobilimariani.com\/fr\/wp-json\/wp\/v2\/posts\/19632\/revisions\/22096"}],"wp:attachment":[{"href":"https:\/\/www.mobilimariani.com\/fr\/wp-json\/wp\/v2\/media?parent=19632"}],"wp:term":[{"taxonomy":"category","embeddable":true,"href":"https:\/\/www.mobilimariani.com\/fr\/wp-json\/wp\/v2\/categories?post=19632"},{"taxonomy":"post_tag","embeddable":true,"href":"https:\/\/www.mobilimariani.com\/fr\/wp-json\/wp\/v2\/tags?post=19632"}],"curies":[{"name":"wp","href":"https:\/\/api.w.org\/{rel}","templated":true}]}}