{"id":19617,"date":"2017-09-23T09:24:59","date_gmt":"2017-09-23T07:24:59","guid":{"rendered":"https:\/\/www.mobilimariani.com\/?p=19617"},"modified":"2021-07-31T17:02:49","modified_gmt":"2021-07-31T15:02:49","slug":"elli-flli-lit-double-lm8","status":"publish","type":"post","link":"https:\/\/www.mobilimariani.com\/fr\/elli-flli-lit-double-lm8\/","title":{"rendered":"ELLI FLLI LIT DOUBLE LM8"},"content":{"rendered":"<p>ELLI FLLI LIT DOUBLE LM8<\/p>\n<p>La t\u00eate de lit rembourr\u00e9e de LM8 peut \u00eatre adapt\u00e9e \u00e0 des sommiers en bois de forme diff\u00e9rente et ilest\u00a0disponible dans une version avec conteneur \u00e0 double ouverture.<\/p>\n<p>Dans les premi\u00e8res images du LM8 lit double est pr\u00e9sent\u00e9 avec t\u00eate de lit rembourr\u00e9 et sommier \u00ab Q \u00bb avec p\u00e9rim\u00e8tre en bois carr\u00e9.<\/p>\n<p>Disponible dans les versions suivantes:<\/p>\n<p>t\u00eate en bois massif ou recouverte de tissu, cuir, alcantara et faux-cuir.<\/p>\n<p>P\u00e9rim\u00e9tre de la t\u00eate\u00a0et base disponible en noyer, merisier, cendre, laqu\u00e9.<\/p>\n<p>Groupe commode, hebdomadaire et chevet autour du lit de la ligne Logo.<\/p>\n<p>MARIANI CASUAL: meilleur rapport qualit\u00e9-prix dans toutes les versions.<\/p>\n<p>Pour choisir la finition\u00a0<a href=\"https:\/\/www.mobilimariani.com\/fr\/18528-2\/\">Cliquez ici<\/a><\/p>\n<p>Pour d\u00e9couvrir la marque Elli Fratelli\u00a0<a href=\"https:\/\/www.mobilimariani.com\/rivenditore-elli-fratelli\/?lang=fr\">cliquez ici<\/a><\/p>\n<p>Pour d\u00e9couvrir le catalogue de tous nos lits\u00a0<a href=\"https:\/\/www.mobilimariani.com\/fr\/search\/lit\">cliquez ici<\/a><\/p>\n<p>Vous voulez conna\u00eetre notre meilleur prix pour cet article?\u00a0<a href=\"https:\/\/www.mobilimariani.com\/fr\/contacts\/\">Cliquez ici<\/a>\u00a0et envoyez-nous la demande indiquant le lieu d\u2019exp\u00e9dition<\/p>\n<p>Pour nos clients suisses, la TVA italienne sera d\u00e9duite.<\/p>\n","protected":false},"excerpt":{"rendered":"ELLI FLLI LIT DOUBLE LM8 La t\u00eate de lit rembourr\u00e9e de LM8 peut \u00eatre adapt\u00e9e \u00e0 des sommiers en bois de forme diff\u00e9rente et ilest\u00a0disponible dans une version avec conteneur \u00e0 double ouverture. Dans les premi\u00e8res images du LM8 lit double est pr\u00e9sent\u00e9 avec t\u00eate de lit rembourr\u00e9 et sommier \u00ab Q \u00bb avec p\u00e9rim\u00e8tre&#8230; <a class=\"view-article\" href=\"https:\/\/www.mobilimariani.com\/fr\/elli-flli-lit-double-lm8\/\">Voir l&#8217;article<\/a>","protected":false},"author":1,"featured_media":0,"comment_status":"closed","ping_status":"closed","sticky":false,"template":"","format":"standard","meta":[],"categories":[1,5,39,2],"tags":[],"yoast_head":"<!-- This site is optimized with the Yoast SEO plugin v16.2 - https:\/\/yoast.com\/wordpress\/plugins\/seo\/ -->\n<meta name=\"description\" content=\"ELLI FLLI LIT DOUBLE LM8 La t\u00eate de lit rembourr\u00e9e de LM8 peut \u00eatre adapt\u00e9e \u00e0 des sommiers en bois de forme diff\u00e9rente et ilest\u00a0disponible dans une\" \/>\n<meta name=\"robots\" content=\"index, follow, max-snippet:-1, max-image-preview:large, max-video-preview:-1\" \/>\n<link rel=\"canonical\" href=\"https:\/\/www.mobilimariani.com\/fr\/elli-flli-lit-double-lm8\/\" \/>\n<meta property=\"og:locale\" content=\"fr_FR\" \/>\n<meta property=\"og:type\" content=\"article\" \/>\n<meta property=\"og:title\" content=\"ELLI FLLI LIT DOUBLE LM8 | Mobili Mariani\" \/>\n<meta property=\"og:description\" content=\"ELLI FLLI LIT DOUBLE LM8 La t\u00eate de lit rembourr\u00e9e de LM8 peut \u00eatre adapt\u00e9e \u00e0 des sommiers en bois de forme diff\u00e9rente et ilest\u00a0disponible dans une\" \/>\n<meta property=\"og:url\" content=\"https:\/\/www.mobilimariani.com\/fr\/elli-flli-lit-double-lm8\/\" \/>\n<meta property=\"og:site_name\" content=\"Mobili Mariani\" \/>\n<meta property=\"article:published_time\" content=\"2017-09-23T07:24:59+00:00\" \/>\n<meta property=\"article:modified_time\" content=\"2021-07-31T15:02:49+00:00\" \/>\n<meta name=\"twitter:label1\" content=\"Est. reading time\">\n\t<meta name=\"twitter:data1\" content=\"1 minute\">\n<script type=\"application\/ld+json\" class=\"yoast-schema-graph\">{\"@context\":\"https:\/\/schema.org\",\"@graph\":[{\"@type\":\"Organization\",\"@id\":\"https:\/\/www.mobilimariani.com\/#organization\",\"name\":\"Mobili Mariani\",\"url\":\"https:\/\/www.mobilimariani.com\/\",\"sameAs\":[],\"logo\":{\"@type\":\"ImageObject\",\"@id\":\"https:\/\/www.mobilimariani.com\/#logo\",\"inLanguage\":\"fr-CH\",\"url\":\"https:\/\/www.mobilimariani.com\/wp-content\/uploads\/2015\/12\/logo.png\",\"contentUrl\":\"https:\/\/www.mobilimariani.com\/wp-content\/uploads\/2015\/12\/logo.png\",\"width\":160,\"height\":110,\"caption\":\"Mobili Mariani\"},\"image\":{\"@id\":\"https:\/\/www.mobilimariani.com\/#logo\"}},{\"@type\":\"WebSite\",\"@id\":\"https:\/\/www.mobilimariani.com\/#website\",\"url\":\"https:\/\/www.mobilimariani.com\/\",\"name\":\"Mobili Mariani\",\"description\":\"Mobili Italia Svizzera\",\"publisher\":{\"@id\":\"https:\/\/www.mobilimariani.com\/#organization\"},\"potentialAction\":[{\"@type\":\"SearchAction\",\"target\":\"https:\/\/www.mobilimariani.com\/?s={search_term_string}\",\"query-input\":\"required name=search_term_string\"}],\"inLanguage\":\"fr-CH\"},{\"@type\":\"WebPage\",\"@id\":\"https:\/\/www.mobilimariani.com\/fr\/elli-flli-lit-double-lm8\/#webpage\",\"url\":\"https:\/\/www.mobilimariani.com\/fr\/elli-flli-lit-double-lm8\/\",\"name\":\"ELLI FLLI LIT DOUBLE LM8 | Mobili Mariani\",\"isPartOf\":{\"@id\":\"https:\/\/www.mobilimariani.com\/#website\"},\"datePublished\":\"2017-09-23T07:24:59+00:00\",\"dateModified\":\"2021-07-31T15:02:49+00:00\",\"description\":\"ELLI FLLI LIT DOUBLE LM8 La t\\u00eate de lit rembourr\\u00e9e de LM8 peut \\u00eatre adapt\\u00e9e \\u00e0 des sommiers en bois de forme diff\\u00e9rente et ilest\\u00a0disponible dans une\",\"breadcrumb\":{\"@id\":\"https:\/\/www.mobilimariani.com\/fr\/elli-flli-lit-double-lm8\/#breadcrumb\"},\"inLanguage\":\"fr-CH\",\"potentialAction\":[{\"@type\":\"ReadAction\",\"target\":[\"https:\/\/www.mobilimariani.com\/fr\/elli-flli-lit-double-lm8\/\"]}]},{\"@type\":\"BreadcrumbList\",\"@id\":\"https:\/\/www.mobilimariani.com\/fr\/elli-flli-lit-double-lm8\/#breadcrumb\",\"itemListElement\":[{\"@type\":\"ListItem\",\"position\":1,\"item\":{\"@type\":\"WebPage\",\"@id\":\"https:\/\/www.mobilimariani.com\/\",\"url\":\"https:\/\/www.mobilimariani.com\/\",\"name\":\"Home\"}},{\"@type\":\"ListItem\",\"position\":2,\"item\":{\"@id\":\"https:\/\/www.mobilimariani.com\/fr\/elli-flli-lit-double-lm8\/#webpage\"}}]},{\"@type\":\"Article\",\"@id\":\"https:\/\/www.mobilimariani.com\/fr\/elli-flli-lit-double-lm8\/#article\",\"isPartOf\":{\"@id\":\"https:\/\/www.mobilimariani.com\/fr\/elli-flli-lit-double-lm8\/#webpage\"},\"author\":{\"@id\":\"https:\/\/www.mobilimariani.com\/#\/schema\/person\/4685d9f51269134e53f988c9122315f4\"},\"headline\":\"ELLI FLLI LIT DOUBLE LM8\",\"datePublished\":\"2017-09-23T07:24:59+00:00\",\"dateModified\":\"2021-07-31T15:02:49+00:00\",\"mainEntityOfPage\":{\"@id\":\"https:\/\/www.mobilimariani.com\/fr\/elli-flli-lit-double-lm8\/#webpage\"},\"publisher\":{\"@id\":\"https:\/\/www.mobilimariani.com\/#organization\"},\"articleSection\":[\"Catalogue\",\"Lits\",\"Mariani casual\",\"Zone nuit\"],\"inLanguage\":\"fr-CH\"},{\"@type\":\"Person\",\"@id\":\"https:\/\/www.mobilimariani.com\/#\/schema\/person\/4685d9f51269134e53f988c9122315f4\",\"name\":\"14m4rC008\",\"image\":{\"@type\":\"ImageObject\",\"@id\":\"https:\/\/www.mobilimariani.com\/#personlogo\",\"inLanguage\":\"fr-CH\",\"url\":\"https:\/\/secure.gravatar.com\/avatar\/dfaa6e536fec7030712cf850e9ddef45?s=96&d=mm&r=g\",\"contentUrl\":\"https:\/\/secure.gravatar.com\/avatar\/dfaa6e536fec7030712cf850e9ddef45?s=96&d=mm&r=g\",\"caption\":\"14m4rC008\"}}]}<\/script>\n<!-- \/ Yoast SEO plugin. -->","_links":{"self":[{"href":"https:\/\/www.mobilimariani.com\/fr\/wp-json\/wp\/v2\/posts\/19617"}],"collection":[{"href":"https:\/\/www.mobilimariani.com\/fr\/wp-json\/wp\/v2\/posts"}],"about":[{"href":"https:\/\/www.mobilimariani.com\/fr\/wp-json\/wp\/v2\/types\/post"}],"author":[{"embeddable":true,"href":"https:\/\/www.mobilimariani.com\/fr\/wp-json\/wp\/v2\/users\/1"}],"replies":[{"embeddable":true,"href":"https:\/\/www.mobilimariani.com\/fr\/wp-json\/wp\/v2\/comments?post=19617"}],"version-history":[{"count":2,"href":"https:\/\/www.mobilimariani.com\/fr\/wp-json\/wp\/v2\/posts\/19617\/revisions"}],"predecessor-version":[{"id":27382,"href":"https:\/\/www.mobilimariani.com\/fr\/wp-json\/wp\/v2\/posts\/19617\/revisions\/27382"}],"wp:attachment":[{"href":"https:\/\/www.mobilimariani.com\/fr\/wp-json\/wp\/v2\/media?parent=19617"}],"wp:term":[{"taxonomy":"category","embeddable":true,"href":"https:\/\/www.mobilimariani.com\/fr\/wp-json\/wp\/v2\/categories?post=19617"},{"taxonomy":"post_tag","embeddable":true,"href":"https:\/\/www.mobilimariani.com\/fr\/wp-json\/wp\/v2\/tags?post=19617"}],"curies":[{"name":"wp","href":"https:\/\/api.w.org\/{rel}","templated":true}]}}